{"id":8004,"date":"2010-08-11T10:33:06","date_gmt":"2010-08-11T08:33:06","guid":{"rendered":"http:\/\/www.po-l.com\/belogue\/2010\/08\/11\/tarrives-raie-dhuis\/"},"modified":"2012-06-02T21:24:52","modified_gmt":"2012-06-02T19:24:52","slug":"tarrives-raie-dhuis","status":"publish","type":"post","link":"https:\/\/www.wallendorff.com\/belogue\/2010\/08\/11\/tarrives-raie-dhuis\/","title":{"rendered":"T&rsquo;arrives, raie d&rsquo;huis."},"content":{"rendered":"\n<div id=\"photo\">\n<p><img decoding=\"async\" src=\"https:\/\/www.wallendorff.com\/belogue\/photo\/2010\/08\/20100811.jpg\" \/><br \/>\n          Nes, Amsterdam, 18 juillet.<\/p>\n<\/p><\/div>\n<p>Je n&rsquo;explique toujours pas ce nom de rue. Trois lettres dans un toponyme n&eacute;erlandais, &ccedil;a tient de l&rsquo;exploit. Sur place j&rsquo;ai pens&eacute; &agrave; une restriction budg&eacute;taire sur les panneaux obligeant la municipalit&eacute; &agrave; tronquer les noms de certaines art&egrave;res, mais non, puisque les cartes de Gougle et Bingue sont d&rsquo;accord sur ce point, la rue s&rsquo;appelle Nes, n&rsquo;est-ce pas. Bon, je con&ccedil;ois fort bien qu&rsquo;un gars puisse s&rsquo;appeller Nes, m&ecirc;me si c&rsquo;est moisi comme nom n&eacute;erlandais, mais pourquoi pas de suffixe en -straat ou -steeg ou que sais-je encore&nbsp;? POURQUOI&nbsp;?<\/p>\n<p style=\"text-align:right\">Je sais, j&rsquo;ai vraiment des probl&egrave;mes cosmiques passionnants.<\/p>\n<p style=\"text-align:right\">[Ah et avant qu&rsquo;on pose la question, <a href=\"http:\/\/www.nes-cafe.nl\/\">oui il existe<\/a>]<\/p>\n<div id=\"bandeson\">\n<p><img decoding=\"async\" src=\"https:\/\/www.wallendorff.com\/belogue\/photo\/pochettes\/p\/penate_jack-spit_at_stars.jpg\" align=\"left\" \/>&nbsp;<a href=\"http:\/\/www.jackpenate.com\">Jack Pe&ntilde;ate<\/a> &ndash; <em>Spit at Stars<\/em><\/p>\n<\/p><\/div>\n","protected":false},"excerpt":{"rendered":"<p>Nes, Amsterdam, 18 juillet. Je n&rsquo;explique toujours pas ce nom de rue. Trois lettres dans un toponyme n&eacute;erlandais, &ccedil;a tient de l&rsquo;exploit. Sur place j&rsquo;ai pens&eacute; &agrave; une restriction budg&eacute;taire sur les panneaux obligeant la municipalit&eacute; &agrave; tronquer les noms de certaines art&egrave;res, mais non, puisque les cartes de Gougle et Bingue sont d&rsquo;accord sur&hellip;<\/p>\n","protected":false},"author":1,"featured_media":25858,"comment_status":"open","ping_status":"open","sticky":false,"template":"","format":"standard","meta":{"_acf_changed":false,"ngg_post_thumbnail":0,"jetpack_post_was_ever_published":false,"_jetpack_newsletter_access":"","_jetpack_dont_email_post_to_subs":false,"_jetpack_newsletter_tier_id":0,"_jetpack_memberships_contains_paywalled_content":false,"_jetpack_memberships_contains_paid_content":false,"footnotes":"","jetpack_publicize_message":"","jetpack_publicize_feature_enabled":true,"jetpack_social_post_already_shared":false,"jetpack_social_options":{"image_generator_settings":{"template":"highway","default_image_id":0,"font":"","enabled":false},"version":2}},"categories":[3],"tags":[711,2615,4043,4040,4066,10485,4065,10499,414,10351,170,4067,10712],"class_list":["post-8004","post","type-post","status-publish","format-standard","has-post-thumbnail","hentry","category-dpc","tag-amsterdam","tag-eos-5d-mark-ii","tag-centrum","tag-hollande-septentrionale","tag-jack-penate","tag-maison","tag-nes","tag-ombre","tag-pays-bas","tag-rue","tag-sigma-70-300-mm-f4-56-dg-apo-macro","tag-spit-at-stars","tag-vide"],"acf":[],"geo":{"latitude":52.3701324,"longitude":4.8934488,"description":"Nes 98-102, 1012 Amsterdam, The Netherlands"},"jetpack_publicize_connections":[],"jetpack_featured_media_url":"https:\/\/www.wallendorff.com\/belogue\/wp-content\/uploads\/2015\/04\/201008111.jpg","jetpack_shortlink":"https:\/\/wp.me\/p3b35P-256","jetpack_sharing_enabled":true,"jetpack-related-posts":[{"id":1050,"url":"https:\/\/www.wallendorff.com\/belogue\/2007\/10\/03\/space-mots-keys-13\/","url_meta":{"origin":8004,"position":0},"title":"Space mots-keys #13.","author":"dpc","date":"3 octobre 2007","format":false,"excerpt":"ize proude tou pr\u00e9sente Top 5 18 17 13 \u00a0\u00a06 \u00a0\u00a05 Nos amis les champignons Grosse d\u00e9ception. Malgr\u00e9 tous les app\u00e2ts que j'avais l\u00e2ch\u00e9s le mois dernier, la p\u00e8che est maigre. Toujours autant d'axieuses attentes de voir das folgende gro\u00dfe Ding venir chez soi [, ], de fantasmes [, ],\u2026","rel":"","context":"Dans &quot;Space mots-keys&quot;","block_context":{"text":"Space mots-keys","link":"https:\/\/www.wallendorff.com\/belogue\/category\/space-mots-keys\/"},"img":{"alt_text":"","src":"","width":0,"height":0},"classes":[]},{"id":335,"url":"https:\/\/www.wallendorff.com\/belogue\/2005\/06\/24\/l-ame-ou-tardent-mes-moutons-nes\/","url_meta":{"origin":8004,"position":1},"title":"L&rsquo;&acirc;me o&ugrave; tardent mes moutons n&eacute;s.","author":"dpc","date":"24 juin 2005","format":false,"excerpt":"Quelquepart dans le Marais, Paris, 3 mai. Mail1 signifie courrier. En fran\u00e7ais, on a repris ce terme pour d\u00e9signer un courrier \u00e9lectronique2. L'une de mes interrogations reflectives d'hier3 \u00e9tait\u00a0: \u00ab\u00a0Parbleu, quelle est donc l'origine de ce mot\u00a0? Je connais une rue du Mail4, \u00e0 Paris, y a-t-il un rapport5\u00a0?\u00a0\u00bb. \u00c0\u2026","rel":"","context":"Dans &quot;DPC&quot;","block_context":{"text":"DPC","link":"https:\/\/www.wallendorff.com\/belogue\/category\/dpc\/"},"img":{"alt_text":"","src":"https:\/\/i0.wp.com\/www.wallendorff.com\/belogue\/wp-content\/uploads\/2015\/04\/200506241.jpg?resize=350%2C200&ssl=1","width":350,"height":200},"classes":[]},{"id":268,"url":"https:\/\/www.wallendorff.com\/belogue\/2005\/11\/17\/qu-est-ce-qui-s-case-a-caisses-qui-s-cassent\/","url_meta":{"origin":8004,"position":2},"title":"Qu&rsquo;est-ce qui s&rsquo;case \u00e0 caisses qui s&rsquo;cassent ?","author":"dpc","date":"17 novembre 2005","format":false,"excerpt":"Rue Fondary, Paris, 9 novembre. Vu qu'on me l'a demand\u00e9 \u00e7\u00e0 et l\u00e0, je m'\u00e9x\u00e9cute. Profitez-en avant que je l'enl\u00e8ve, on sait jamais. Ma premi\u00e8re galette \u00e9thylique fut livr\u00e9e \u00e0 l\u2019occasion du Beaujolais nouveau 2000 dans mes toilettes de la rue du Pont des Morts \u00e0 Metz. Elle suivait d\u2019\u00e0\u2026","rel":"","context":"Dans &quot;DPC&quot;","block_context":{"text":"DPC","link":"https:\/\/www.wallendorff.com\/belogue\/category\/dpc\/"},"img":{"alt_text":"","src":"https:\/\/i0.wp.com\/www.wallendorff.com\/belogue\/wp-content\/uploads\/2015\/04\/200511171.jpg?resize=350%2C200&ssl=1","width":350,"height":200},"classes":[]},{"id":831,"url":"https:\/\/www.wallendorff.com\/belogue\/2006\/11\/18\/wolfmother-l-elysee-montmartre-paris\/","url_meta":{"origin":8004,"position":3},"title":"Wolfmother @ l&rsquo;\u00c9lys\u00e9e-Montmartre, Paris.","author":"dpc","date":"18 novembre 2006","format":false,"excerpt":"Gros papier sur les reformations ce mois-ci dans Rock n'Fluque. Foutrement bien \u00e9crit, d'ailleurs. Et terriblement juste. En substance, \u00e7a cherche \u00e0 comprendre pourquoi on y souscrit, pourquoi on va voir des ombres survivantes de combos morts et enterr\u00e9s \u2015\u00a0au figur\u00e9 et souvent m\u00eame au propre\u00a0\u2015 s'approprier leur nom et\u2026","rel":"","context":"Dans &quot;Alive&quot;","block_context":{"text":"Alive","link":"https:\/\/www.wallendorff.com\/belogue\/category\/alive\/"},"img":{"alt_text":"","src":"https:\/\/i0.wp.com\/www.wallendorff.com\/belogue\/wp-content\/uploads\/2015\/04\/200611181.jpg?resize=350%2C200&ssl=1","width":350,"height":200},"classes":[]},{"id":184,"url":"https:\/\/www.wallendorff.com\/belogue\/2006\/06\/29\/j-ai-beau-etre-matinal-j-ai-mal\/","url_meta":{"origin":8004,"position":4},"title":"J&rsquo;ai beau &ecirc;tre matinal, j&rsquo;ai mal.","author":"dpc","date":"29 juin 2006","format":false,"excerpt":"Rue du Clo\u00eetre Notre-Dame, Paris, 28 juin. Maintenant je sais pourquoi je n'avais plus fait d'ap\u00e9ro du mercredi soir depuis 6 mois. Le probl\u00e8me de l'ap\u00e9ro du mercredi soir, au final, c'est le jeudi matin. Enfin au moins j'aurai parl\u00e9 anglais. Avec la meilleure copine de l'ex-colloc de Chris Martin,\u2026","rel":"","context":"Dans &quot;DPC&quot;","block_context":{"text":"DPC","link":"https:\/\/www.wallendorff.com\/belogue\/category\/dpc\/"},"img":{"alt_text":"","src":"https:\/\/i0.wp.com\/www.wallendorff.com\/belogue\/wp-content\/uploads\/2015\/04\/200606291.jpg?resize=350%2C200&ssl=1","width":350,"height":200},"classes":[]},{"id":786,"url":"https:\/\/www.wallendorff.com\/belogue\/2006\/09\/14\/previously-unreleased-43\/","url_meta":{"origin":8004,"position":5},"title":"Previously unreleased #43\u00b9.","author":"dpc","date":"14 septembre 2006","format":false,"excerpt":"I Love UFO, la Boule Noire, Paris, 5 septembre. J'ai mat\u00e9 le nouveau DVD de U2, hier. Dans les bonus, il y a une compile du Zoo Confessionnal install\u00e9 \u00e0 l'\u00e9poque au beau milieu de la fosse pendant les concerts, o\u00f9 les gens pouvaient aller se confesser ou raconter n'importe\u2026","rel":"","context":"Dans &quot;Previously unreleased&quot;","block_context":{"text":"Previously unreleased","link":"https:\/\/www.wallendorff.com\/belogue\/category\/previously-unreleased\/"},"img":{"alt_text":"","src":"https:\/\/i0.wp.com\/www.wallendorff.com\/belogue\/wp-content\/uploads\/2015\/04\/200609141.jpg?resize=350%2C200&ssl=1","width":350,"height":200},"classes":[]}],"_links":{"self":[{"href":"https:\/\/www.wallendorff.com\/belogue\/wp-json\/wp\/v2\/posts\/8004","targetHints":{"allow":["GET"]}}],"collection":[{"href":"https:\/\/www.wallendorff.com\/belogue\/wp-json\/wp\/v2\/posts"}],"about":[{"href":"https:\/\/www.wallendorff.com\/belogue\/wp-json\/wp\/v2\/types\/post"}],"author":[{"embeddable":true,"href":"https:\/\/www.wallendorff.com\/belogue\/wp-json\/wp\/v2\/users\/1"}],"replies":[{"embeddable":true,"href":"https:\/\/www.wallendorff.com\/belogue\/wp-json\/wp\/v2\/comments?post=8004"}],"version-history":[{"count":1,"href":"https:\/\/www.wallendorff.com\/belogue\/wp-json\/wp\/v2\/posts\/8004\/revisions"}],"predecessor-version":[{"id":17558,"href":"https:\/\/www.wallendorff.com\/belogue\/wp-json\/wp\/v2\/posts\/8004\/revisions\/17558"}],"wp:featuredmedia":[{"embeddable":true,"href":"https:\/\/www.wallendorff.com\/belogue\/wp-json\/wp\/v2\/media\/25858"}],"wp:attachment":[{"href":"https:\/\/www.wallendorff.com\/belogue\/wp-json\/wp\/v2\/media?parent=8004"}],"wp:term":[{"taxonomy":"category","embeddable":true,"href":"https:\/\/www.wallendorff.com\/belogue\/wp-json\/wp\/v2\/categories?post=8004"},{"taxonomy":"post_tag","embeddable":true,"href":"https:\/\/www.wallendorff.com\/belogue\/wp-json\/wp\/v2\/tags?post=8004"}],"curies":[{"name":"wp","href":"https:\/\/api.w.org\/{rel}","templated":true}]}}