{"id":7991,"date":"2010-08-09T10:52:34","date_gmt":"2010-08-09T08:52:34","guid":{"rendered":"http:\/\/www.po-l.com\/belogue\/?p=7991"},"modified":"2012-05-31T16:19:41","modified_gmt":"2012-05-31T14:19:41","slug":"foule-aux-yeux-dehors","status":"publish","type":"post","link":"https:\/\/www.wallendorff.com\/belogue\/2010\/08\/09\/foule-aux-yeux-dehors\/","title":{"rendered":"Foule aux yeux dehors."},"content":{"rendered":"\n<div id=\"photo\">\n<p><img decoding=\"async\" src=\"https:\/\/www.wallendorff.com\/belogue\/photo\/2010\/08\/20100809.jpg\" \/><br \/>\n          Oudezijds Voorburgwal, Amsterdam, 18 juillet.<\/p>\n<\/p><\/div>\n<p style=\"text-align:right\">Et \u00e0 part \u00e7a, rien<\/a>.<\/p>\n<div id=\"bandeson\">\n<p><img decoding=\"async\" src=\"https:\/\/www.wallendorff.com\/belogue\/photo\/pochettes\/b\/bloc_party-intimacy.jpg\" align=\"left\" \/>&nbsp;<a href=\"http:\/\/www.blocparty.com\/\">Bloc Party<\/a> &ndash; <em>Ares<\/em><\/p>\n<\/p><\/div>\n","protected":false},"excerpt":{"rendered":"<p>Oudezijds Voorburgwal, Amsterdam, 18 juillet. Et \u00e0 part \u00e7a, rien. &nbsp;Bloc Party &ndash; Ares<\/p>\n","protected":false},"author":1,"featured_media":25855,"comment_status":"open","ping_status":"open","sticky":false,"template":"","format":"standard","meta":{"_acf_changed":false,"ngg_post_thumbnail":0,"jetpack_post_was_ever_published":false,"_jetpack_newsletter_access":"","_jetpack_dont_email_post_to_subs":false,"_jetpack_newsletter_tier_id":0,"_jetpack_memberships_contains_paywalled_content":false,"_jetpack_memberships_contains_paid_content":false,"footnotes":"","jetpack_publicize_message":"","jetpack_publicize_feature_enabled":true,"jetpack_social_post_already_shared":false,"jetpack_social_options":{"image_generator_settings":{"template":"highway","default_image_id":0,"font":"","enabled":false},"version":2}},"categories":[3],"tags":[711,4060,10220,2615,4043,10749,4040,10589,4810,143,4052,414,10158,170],"class_list":["post-7991","post","type-post","status-publish","format-standard","has-post-thumbnail","hentry","category-dpc","tag-amsterdam","tag-ares","tag-bloc-party","tag-eos-5d-mark-ii","tag-centrum","tag-foule","tag-hollande-septentrionale","tag-homme","tag-intimacy","tag-noir-et-blanc","tag-oudezijds-voorburgwal","tag-pays-bas","tag-ruelle","tag-sigma-70-300-mm-f4-56-dg-apo-macro"],"acf":[],"geo":{"latitude":52.3736916,"longitude":4.8978291,"description":"Trompetterssteeg 1, 1012 Amsterdam, The Netherlands"},"jetpack_publicize_connections":[],"jetpack_featured_media_url":"https:\/\/www.wallendorff.com\/belogue\/wp-content\/uploads\/2015\/04\/201008091.jpg","jetpack_shortlink":"https:\/\/wp.me\/p3b35P-24T","jetpack_sharing_enabled":true,"jetpack-related-posts":[{"id":41408,"url":"https:\/\/www.wallendorff.com\/belogue\/2019\/03\/21\/into-the-wide-169\/","url_meta":{"origin":7991,"position":0},"title":"Into the wide #169.","author":"dpc","date":"21 mars 2019","format":false,"excerpt":"Oudezijds Voorburgwal, Amsterdam, 1er f\u00e9vrier 2019. You Shadow Sharon Van Etten","rel":"","context":"Dans &quot;Into the wide&quot;","block_context":{"text":"Into the wide","link":"https:\/\/www.wallendorff.com\/belogue\/category\/into-the-wide\/"},"img":{"alt_text":"","src":"https:\/\/i0.wp.com\/www.wallendorff.com\/belogue\/wp-content\/uploads\/2019\/03\/20190321.jpg?resize=350%2C200&ssl=1","width":350,"height":200,"srcset":"https:\/\/i0.wp.com\/www.wallendorff.com\/belogue\/wp-content\/uploads\/2019\/03\/20190321.jpg?resize=350%2C200&ssl=1 1x, https:\/\/i0.wp.com\/www.wallendorff.com\/belogue\/wp-content\/uploads\/2019\/03\/20190321.jpg?resize=525%2C300&ssl=1 1.5x, https:\/\/i0.wp.com\/www.wallendorff.com\/belogue\/wp-content\/uploads\/2019\/03\/20190321.jpg?resize=700%2C400&ssl=1 2x, https:\/\/i0.wp.com\/www.wallendorff.com\/belogue\/wp-content\/uploads\/2019\/03\/20190321.jpg?resize=1050%2C600&ssl=1 3x"},"classes":[]},{"id":7985,"url":"https:\/\/www.wallendorff.com\/belogue\/2010\/08\/06\/poli-se-pare-tout-juste-hisse-nu-le-bar\/","url_meta":{"origin":7991,"position":1},"title":"Poli se pare, tout juste hisse nu le bar.","author":"dpc","date":"6 ao\u00fbt 2010","format":false,"excerpt":"Aen't Water, Amsterdam, 18 juillet. \u00a0The Black Keys \u2013 Sinister Kid","rel":"","context":"Dans &quot;DPC&quot;","block_context":{"text":"DPC","link":"https:\/\/www.wallendorff.com\/belogue\/category\/dpc\/"},"img":{"alt_text":"","src":"https:\/\/i0.wp.com\/www.wallendorff.com\/belogue\/wp-content\/uploads\/2015\/04\/201008061.jpg?resize=350%2C200&ssl=1","width":350,"height":200},"classes":[]},{"id":7979,"url":"https:\/\/www.wallendorff.com\/belogue\/2010\/08\/05\/gade-a-lcanal\/","url_meta":{"origin":7991,"position":2},"title":"&lsquo;Gade \u00e0 l&rsquo;canal.","author":"dpc","date":"5 ao\u00fbt 2010","format":false,"excerpt":"Nieuwebrugsteeg, Amsterdam, 18 juillet. \u00a0Neutral Milk Hotel \u2013 Oh Comely Et puisque \u00e7a faisait longtemps\u00a0: Monomanie \u2013 1 Harc\u00e8lement [Afin de pr\u00e9server leur anonymat, Jean-K\u00e9vin Nietszche et Lou-An Satouvion seront jou\u00e9s par Joel Madden et Nicole Richie.] Monomanie \u2013 2 [L'int\u00e9gralit\u00e9 des \u00e9pisodes est list\u00e9e sous ce mot-cl\u00e9 l\u00e0]","rel":"","context":"Dans &quot;DPC&quot;","block_context":{"text":"DPC","link":"https:\/\/www.wallendorff.com\/belogue\/category\/dpc\/"},"img":{"alt_text":"","src":"https:\/\/i0.wp.com\/www.wallendorff.com\/belogue\/wp-content\/uploads\/2015\/04\/201008051.jpg?resize=350%2C200&ssl=1","width":350,"height":200},"classes":[]},{"id":128726,"url":"https:\/\/www.wallendorff.com\/belogue\/2024\/06\/27\/cetait-2019\/","url_meta":{"origin":7991,"position":3},"title":"C&rsquo;\u00e9tait 2019.","author":"dpc","date":"27 juin 2024","format":false,"excerpt":"2019, longitudes. Oudezijds Voorburgwal, Amsterdam, 1er f\u00e9vrier 2019 Amsterdam, 2 f\u00e9vrier 2019. Paris, 11 f\u00e9vrier 2019. Varsovie, 23 f\u00e9vrier 2019. Lofoten, 2 mars 2019. Powerdisc, Paris, 20 mars 2019 Prague, 9 mai 2019. Paris, 15 mai 2019. Black Rebel Motorcycle Club @ l\u2019Olympia, Paris, 28 mai 2019 Les Eurock\u00e9ennes, Belfort,\u2026","rel":"","context":"Dans &quot;DPC&quot;","block_context":{"text":"DPC","link":"https:\/\/www.wallendorff.com\/belogue\/category\/dpc\/"},"img":{"alt_text":"","src":"https:\/\/i0.wp.com\/www.wallendorff.com\/belogue\/wp-content\/uploads\/2024\/06\/20240627-20.jpg?resize=350%2C200&ssl=1","width":350,"height":200,"srcset":"https:\/\/i0.wp.com\/www.wallendorff.com\/belogue\/wp-content\/uploads\/2024\/06\/20240627-20.jpg?resize=350%2C200&ssl=1 1x, https:\/\/i0.wp.com\/www.wallendorff.com\/belogue\/wp-content\/uploads\/2024\/06\/20240627-20.jpg?resize=525%2C300&ssl=1 1.5x, https:\/\/i0.wp.com\/www.wallendorff.com\/belogue\/wp-content\/uploads\/2024\/06\/20240627-20.jpg?resize=700%2C400&ssl=1 2x, https:\/\/i0.wp.com\/www.wallendorff.com\/belogue\/wp-content\/uploads\/2024\/06\/20240627-20.jpg?resize=1050%2C600&ssl=1 3x"},"classes":[]},{"id":41276,"url":"https:\/\/www.wallendorff.com\/belogue\/2019\/02\/28\/fevrier-2019\/","url_meta":{"origin":7991,"position":4},"title":"F\u00e9vrier 2019.","author":"dpc","date":"28 f\u00e9vrier 2019","format":false,"excerpt":"Un anniversaire, un match de rugby, un bateau, une p\u00e9niche, un dava\u00ef, un quai, une boum, un d\u00e9jeuner, un canal, un bar, une ruelle rouge, un bar, une camionnette, une boum, un quai, une rue, un canal, une rue, un canal, un ponton, un canal, un concert, un restaurant, un\u2026","rel":"","context":"Dans &quot;Blog-note&quot;","block_context":{"text":"Blog-note","link":"https:\/\/www.wallendorff.com\/belogue\/category\/blog-note\/"},"img":{"alt_text":"","src":"https:\/\/i0.wp.com\/www.wallendorff.com\/belogue\/wp-content\/uploads\/2019\/03\/20190313-09.jpg?resize=350%2C200&ssl=1","width":350,"height":200,"srcset":"https:\/\/i0.wp.com\/www.wallendorff.com\/belogue\/wp-content\/uploads\/2019\/03\/20190313-09.jpg?resize=350%2C200&ssl=1 1x, https:\/\/i0.wp.com\/www.wallendorff.com\/belogue\/wp-content\/uploads\/2019\/03\/20190313-09.jpg?resize=525%2C300&ssl=1 1.5x, https:\/\/i0.wp.com\/www.wallendorff.com\/belogue\/wp-content\/uploads\/2019\/03\/20190313-09.jpg?resize=700%2C400&ssl=1 2x, https:\/\/i0.wp.com\/www.wallendorff.com\/belogue\/wp-content\/uploads\/2019\/03\/20190313-09.jpg?resize=1050%2C600&ssl=1 3x"},"classes":[]},{"id":32450,"url":"https:\/\/www.wallendorff.com\/belogue\/2016\/10\/10\/volees-de-carreaux\/","url_meta":{"origin":7991,"position":5},"title":"Vol\u00e9es de carreaux.","author":"dpc","date":"10 octobre 2016","format":false,"excerpt":"Oudezijds Kolk, Amsterdam, 14 ao\u00fbt. Where I've Been (XFM acoustic session) Turin Brakes","rel":"","context":"Dans &quot;DPC&quot;","block_context":{"text":"DPC","link":"https:\/\/www.wallendorff.com\/belogue\/category\/dpc\/"},"img":{"alt_text":"","src":"https:\/\/i0.wp.com\/www.wallendorff.com\/belogue\/wp-content\/uploads\/2016\/10\/20161010.jpg?resize=350%2C200&ssl=1","width":350,"height":200,"srcset":"https:\/\/i0.wp.com\/www.wallendorff.com\/belogue\/wp-content\/uploads\/2016\/10\/20161010.jpg?resize=350%2C200&ssl=1 1x, https:\/\/i0.wp.com\/www.wallendorff.com\/belogue\/wp-content\/uploads\/2016\/10\/20161010.jpg?resize=525%2C300&ssl=1 1.5x, https:\/\/i0.wp.com\/www.wallendorff.com\/belogue\/wp-content\/uploads\/2016\/10\/20161010.jpg?resize=700%2C400&ssl=1 2x"},"classes":[]}],"_links":{"self":[{"href":"https:\/\/www.wallendorff.com\/belogue\/wp-json\/wp\/v2\/posts\/7991","targetHints":{"allow":["GET"]}}],"collection":[{"href":"https:\/\/www.wallendorff.com\/belogue\/wp-json\/wp\/v2\/posts"}],"about":[{"href":"https:\/\/www.wallendorff.com\/belogue\/wp-json\/wp\/v2\/types\/post"}],"author":[{"embeddable":true,"href":"https:\/\/www.wallendorff.com\/belogue\/wp-json\/wp\/v2\/users\/1"}],"replies":[{"embeddable":true,"href":"https:\/\/www.wallendorff.com\/belogue\/wp-json\/wp\/v2\/comments?post=7991"}],"version-history":[{"count":1,"href":"https:\/\/www.wallendorff.com\/belogue\/wp-json\/wp\/v2\/posts\/7991\/revisions"}],"predecessor-version":[{"id":17527,"href":"https:\/\/www.wallendorff.com\/belogue\/wp-json\/wp\/v2\/posts\/7991\/revisions\/17527"}],"wp:featuredmedia":[{"embeddable":true,"href":"https:\/\/www.wallendorff.com\/belogue\/wp-json\/wp\/v2\/media\/25855"}],"wp:attachment":[{"href":"https:\/\/www.wallendorff.com\/belogue\/wp-json\/wp\/v2\/media?parent=7991"}],"wp:term":[{"taxonomy":"category","embeddable":true,"href":"https:\/\/www.wallendorff.com\/belogue\/wp-json\/wp\/v2\/categories?post=7991"},{"taxonomy":"post_tag","embeddable":true,"href":"https:\/\/www.wallendorff.com\/belogue\/wp-json\/wp\/v2\/tags?post=7991"}],"curies":[{"name":"wp","href":"https:\/\/api.w.org\/{rel}","templated":true}]}}