{"id":798,"date":"2006-10-02T23:54:32","date_gmt":"2006-10-02T23:54:32","guid":{"rendered":"http:\/\/www.po-l.com\/wordpress\/?p=798"},"modified":"2013-12-16T13:34:21","modified_gmt":"2013-12-16T11:34:21","slug":"placebo-pop-bercy-paris","status":"publish","type":"post","link":"https:\/\/www.wallendorff.com\/belogue\/2006\/10\/02\/placebo-pop-bercy-paris\/","title":{"rendered":"Placebo @ Palais omnisports de Paris-Bercy."},"content":{"rendered":"\n<div id=\"photo\">\n<p><img decoding=\"async\" src=\"https:\/\/www.wallendorff.com\/belogue\/photo\/2006\/10\/20061002.jpg\" \/><\/p>\n<\/p><\/div>\n<p><b>Setlist&nbsp;:<\/b><\/p>\n<ul>\n<li><em>Infra-Red<\/em><\/li>\n<li><em>Meds<\/em><\/li>\n<li><em>Because I Want You <\/em><\/li>\n<li><em>Drag<\/em><\/li>\n<li><em>Follow the S&eacute;cu Back Home<\/em><\/li>\n<li><em>Taste in Men (Hill Montant) <\/em><\/li>\n<li><em>Post Blues<\/em><\/li>\n<\/ul>\n<div id=\"bandeson\">\n<p><img decoding=\"async\" src=\"https:\/\/www.wallendorff.com\/belogue\/photo\/pochettes\/e\/elista-la_folie_douce.jpg\" align=\"left\" \/>&nbsp;<a href=\"http:\/\/www.elistamusique.com\/\">Elista<\/a> &ndash; <em>(J&rsquo;ai beau tout tester) Je d&eacute;teste tout<\/em>        <\/p>\n<\/div>\n","protected":false},"excerpt":{"rendered":"<p>Setlist&nbsp;: Infra-Red Meds Because I Want You Drag Follow the S&eacute;cu Back Home Taste in Men (Hill Montant) Post Blues &nbsp;Elista &ndash; (J&rsquo;ai beau tout tester) Je d&eacute;teste tout<\/p>\n","protected":false},"author":1,"featured_media":24738,"comment_status":"open","ping_status":"open","sticky":false,"template":"","format":"standard","meta":{"_acf_changed":false,"ngg_post_thumbnail":0,"jetpack_post_was_ever_published":false,"_jetpack_newsletter_access":"","_jetpack_dont_email_post_to_subs":false,"_jetpack_newsletter_tier_id":0,"_jetpack_memberships_contains_paywalled_content":false,"_jetpack_memberships_contains_paid_content":false,"footnotes":"","jetpack_publicize_message":"","jetpack_publicize_feature_enabled":true,"jetpack_social_post_already_shared":false,"jetpack_social_options":{"image_generator_settings":{"template":"highway","default_image_id":0,"font":"","enabled":false},"version":2}},"categories":[7],"tags":[7189,174,10271,10084,196,132,10163,10120,10121,143,10409,10098,10086],"class_list":["post-798","post","type-post","status-publish","format-standard","has-post-thumbnail","hentry","category-alive","tag-jai-beau-tout-tester-je-deteste-tout","tag-174","tag-10271","tag-alive","tag-ef-28-70-mm-f28l-usm","tag-eos-20d","tag-elista","tag-france","tag-ile-de-france","tag-noir-et-blanc","tag-palais-omnisports-de-paris-bercy","tag-paris","tag-placebo"],"acf":[],"geo":{"latitude":48.8384476,"longitude":2.3781002,"description":null},"jetpack_publicize_connections":[],"jetpack_featured_media_url":"https:\/\/www.wallendorff.com\/belogue\/wp-content\/uploads\/2015\/04\/200610021.jpg","jetpack_shortlink":"https:\/\/wp.me\/p3b35P-cS","jetpack_sharing_enabled":true,"jetpack-related-posts":[{"id":855,"url":"https:\/\/www.wallendorff.com\/belogue\/2006\/12\/20\/elista-la-boule-noire-paris\/","url_meta":{"origin":798,"position":0},"title":"Elista @ la Boule Noire, Paris.","author":"dpc","date":"20 d\u00e9cembre 2006","format":false,"excerpt":"Finir dans les journaux r\u00e9veill\u00e9, La folie douce tendu, Mon ivresse (\u00c0 l'autoroute A3) survolt\u00e9... Si le c\u00f4t\u00e9 rock aiguis\u00e9 du deuxi\u00e8me album s\u00e9duisait sur disque, il arrache tout en live. Elista s'\u00e9nerve, enrage et \u00e9lectrise m\u00eame ses anciennes compos (La vie \u00e0 deux, D\u00e9\u00e7us du paradis). On passa par\u2026","rel":"","context":"Dans &quot;Alive&quot;","block_context":{"text":"Alive","link":"https:\/\/www.wallendorff.com\/belogue\/category\/alive\/"},"img":{"alt_text":"","src":"https:\/\/i0.wp.com\/www.wallendorff.com\/belogue\/wp-content\/uploads\/2015\/04\/200612201.jpg?resize=350%2C200&ssl=1","width":350,"height":200},"classes":[]},{"id":22159,"url":"https:\/\/www.wallendorff.com\/belogue\/2013\/12\/16\/placebo-toy-palais-omnisports-de-paris-bercy-paris-10-decembre\/","url_meta":{"origin":798,"position":1},"title":"Placebo + Toy @ Palais omnisports de Paris-Bercy, Paris, 10 d\u00e9cembre.","author":"dpc","date":"16 d\u00e9cembre 2013","format":false,"excerpt":"Et l\u00e0 tu vas me dire, toi le lecteur assidu, toi qui suis ce bel\u00f6gue depuis des lustres, tu vas me dire \u00ab\u00a0saperlipopette, des photos de Placebo\u00a0? \u00c7a fait bigrement longtemps que l'on en a point vues ici, des photos de Placebo. Les derni\u00e8res ont facilement 7 ans. C'est \u00e0\u2026","rel":"","context":"Dans &quot;Alive&quot;","block_context":{"text":"Alive","link":"https:\/\/www.wallendorff.com\/belogue\/category\/alive\/"},"img":{"alt_text":"","src":"https:\/\/i0.wp.com\/www.wallendorff.com\/belogue\/wp-content\/uploads\/2015\/04\/201312161.jpg?resize=350%2C200&ssl=1","width":350,"height":200,"srcset":"https:\/\/i0.wp.com\/www.wallendorff.com\/belogue\/wp-content\/uploads\/2015\/04\/201312161.jpg?resize=350%2C200&ssl=1 1x, https:\/\/i0.wp.com\/www.wallendorff.com\/belogue\/wp-content\/uploads\/2015\/04\/201312161.jpg?resize=525%2C300&ssl=1 1.5x, https:\/\/i0.wp.com\/www.wallendorff.com\/belogue\/wp-content\/uploads\/2015\/04\/201312161.jpg?resize=700%2C400&ssl=1 2x"},"classes":[]},{"id":12944,"url":"https:\/\/www.wallendorff.com\/belogue\/2011\/06\/29\/iron-maiden-rise-to-remain-palais-omnisports-de-paris-bercy\/","url_meta":{"origin":798,"position":2},"title":"Iron Maiden + Rise to Remain @ Palais omnisports de Paris-Bercy.","author":"dpc","date":"29 juin 2011","format":false,"excerpt":"[Doctor, Doctor (UFO)] | Satellite 15... The Final Frontier | El Dorado | 2 Minutes to Midnight | The Talisman | Coming Home | Dance of Death | The Trooper | The Wicker Man | Blood Brothers | When the Wild Wind Blows | The Evil That Men Do |\u2026","rel":"","context":"Dans &quot;Alive&quot;","block_context":{"text":"Alive","link":"https:\/\/www.wallendorff.com\/belogue\/category\/alive\/"},"img":{"alt_text":"","src":"https:\/\/i0.wp.com\/www.wallendorff.com\/belogue\/wp-content\/uploads\/2015\/04\/201106291.jpg?resize=350%2C200&ssl=1","width":350,"height":200,"srcset":"https:\/\/i0.wp.com\/www.wallendorff.com\/belogue\/wp-content\/uploads\/2015\/04\/201106291.jpg?resize=350%2C200&ssl=1 1x, https:\/\/i0.wp.com\/www.wallendorff.com\/belogue\/wp-content\/uploads\/2015\/04\/201106291.jpg?resize=525%2C300&ssl=1 1.5x, https:\/\/i0.wp.com\/www.wallendorff.com\/belogue\/wp-content\/uploads\/2015\/04\/201106291.jpg?resize=700%2C400&ssl=1 2x"},"classes":[]},{"id":19335,"url":"https:\/\/www.wallendorff.com\/belogue\/2012\/10\/19\/muse-the-joy-formidable-palais-omnisports-de-paris-bercy\/","url_meta":{"origin":798,"position":3},"title":"Muse + The Joy Formidable @ Palais omnisports de Paris-Bercy.","author":"dpc","date":"19 octobre 2012","format":false,"excerpt":"The 2nd Law: Unsustainable | Supremacy | Map of the Problematique | Supermassive Black Hole | Resistance | Panic Station | Animals \/ Monty Jam | Explorers | Falling Down | Host | Time Is Running Out | Liquid State | Madness | Follow Me | Undisclosed Desires | Plug\u2026","rel":"","context":"Dans &quot;Alive&quot;","block_context":{"text":"Alive","link":"https:\/\/www.wallendorff.com\/belogue\/category\/alive\/"},"img":{"alt_text":"","src":"https:\/\/i0.wp.com\/www.wallendorff.com\/belogue\/wp-content\/uploads\/2015\/04\/201210191.jpg?resize=350%2C200&ssl=1","width":350,"height":200,"srcset":"https:\/\/i0.wp.com\/www.wallendorff.com\/belogue\/wp-content\/uploads\/2015\/04\/201210191.jpg?resize=350%2C200&ssl=1 1x, https:\/\/i0.wp.com\/www.wallendorff.com\/belogue\/wp-content\/uploads\/2015\/04\/201210191.jpg?resize=525%2C300&ssl=1 1.5x, https:\/\/i0.wp.com\/www.wallendorff.com\/belogue\/wp-content\/uploads\/2015\/04\/201210191.jpg?resize=700%2C400&ssl=1 2x"},"classes":[]},{"id":128329,"url":"https:\/\/www.wallendorff.com\/belogue\/2024\/06\/14\/cetait-2006\/","url_meta":{"origin":798,"position":4},"title":"C&rsquo;\u00e9tait 2006.","author":"dpc","date":"14 juin 2024","format":false,"excerpt":"62 concerts en 2006. \u00c7a explique la nature de la galerie de l'ann\u00e9e. Arctic Monkeys @ le Trabendo, Paris, 24 f\u00e9vrier 2006 Londres, 3 mars 2006 Londres, 28 avril 2006 Arctic Monkeys @ le Bataclan, Paris, 2 mai 2006 Dresden Dolls @ le Bataclan, Paris, 18 mai 2006 Asyl @\u2026","rel":"","context":"Dans &quot;DPC&quot;","block_context":{"text":"DPC","link":"https:\/\/www.wallendorff.com\/belogue\/category\/dpc\/"},"img":{"alt_text":"","src":"https:\/\/i0.wp.com\/www.wallendorff.com\/belogue\/wp-content\/uploads\/2024\/06\/20240614-19.jpg?resize=350%2C200&ssl=1","width":350,"height":200,"srcset":"https:\/\/i0.wp.com\/www.wallendorff.com\/belogue\/wp-content\/uploads\/2024\/06\/20240614-19.jpg?resize=350%2C200&ssl=1 1x, https:\/\/i0.wp.com\/www.wallendorff.com\/belogue\/wp-content\/uploads\/2024\/06\/20240614-19.jpg?resize=525%2C300&ssl=1 1.5x, https:\/\/i0.wp.com\/www.wallendorff.com\/belogue\/wp-content\/uploads\/2024\/06\/20240614-19.jpg?resize=700%2C400&ssl=1 2x, https:\/\/i0.wp.com\/www.wallendorff.com\/belogue\/wp-content\/uploads\/2024\/06\/20240614-19.jpg?resize=1050%2C600&ssl=1 3x"},"classes":[]},{"id":4142,"url":"https:\/\/www.wallendorff.com\/belogue\/2009\/04\/15\/le-fer-tout-seul-comme-un-gland\/","url_meta":{"origin":798,"position":5},"title":"Le fer tout seul comme un gland.","author":"dpc","date":"15 avril 2009","format":false,"excerpt":"Place de la Com\u00e9die, Metz, 20 mars. \u00a0 Cherry Ghost \u2013 Thirst for Romance","rel":"","context":"Dans &quot;DPC&quot;","block_context":{"text":"DPC","link":"https:\/\/www.wallendorff.com\/belogue\/category\/dpc\/"},"img":{"alt_text":"","src":"https:\/\/i0.wp.com\/www.wallendorff.com\/belogue\/wp-content\/uploads\/2015\/04\/200904151.jpg?resize=350%2C200&ssl=1","width":350,"height":200},"classes":[]}],"_links":{"self":[{"href":"https:\/\/www.wallendorff.com\/belogue\/wp-json\/wp\/v2\/posts\/798","targetHints":{"allow":["GET"]}}],"collection":[{"href":"https:\/\/www.wallendorff.com\/belogue\/wp-json\/wp\/v2\/posts"}],"about":[{"href":"https:\/\/www.wallendorff.com\/belogue\/wp-json\/wp\/v2\/types\/post"}],"author":[{"embeddable":true,"href":"https:\/\/www.wallendorff.com\/belogue\/wp-json\/wp\/v2\/users\/1"}],"replies":[{"embeddable":true,"href":"https:\/\/www.wallendorff.com\/belogue\/wp-json\/wp\/v2\/comments?post=798"}],"version-history":[{"count":4,"href":"https:\/\/www.wallendorff.com\/belogue\/wp-json\/wp\/v2\/posts\/798\/revisions"}],"predecessor-version":[{"id":22169,"href":"https:\/\/www.wallendorff.com\/belogue\/wp-json\/wp\/v2\/posts\/798\/revisions\/22169"}],"wp:featuredmedia":[{"embeddable":true,"href":"https:\/\/www.wallendorff.com\/belogue\/wp-json\/wp\/v2\/media\/24738"}],"wp:attachment":[{"href":"https:\/\/www.wallendorff.com\/belogue\/wp-json\/wp\/v2\/media?parent=798"}],"wp:term":[{"taxonomy":"category","embeddable":true,"href":"https:\/\/www.wallendorff.com\/belogue\/wp-json\/wp\/v2\/categories?post=798"},{"taxonomy":"post_tag","embeddable":true,"href":"https:\/\/www.wallendorff.com\/belogue\/wp-json\/wp\/v2\/tags?post=798"}],"curies":[{"name":"wp","href":"https:\/\/api.w.org\/{rel}","templated":true}]}}