{"id":795,"date":"2006-09-24T20:41:55","date_gmt":"2006-09-24T20:41:55","guid":{"rendered":"http:\/\/www.po-l.com\/wordpress\/?p=795"},"modified":"2012-06-22T11:20:16","modified_gmt":"2012-06-22T09:20:16","slug":"fumais-tu","status":"publish","type":"post","link":"https:\/\/www.wallendorff.com\/belogue\/2006\/09\/24\/fumais-tu\/","title":{"rendered":"Fumais-tu."},"content":{"rendered":"\n<div id=\"photo\">\n<p><img decoding=\"async\" src=\"https:\/\/www.wallendorff.com\/belogue\/photo\/2006\/09\/20060924.jpg\" \/><br \/>\n          Givet, 23 septembre.<\/p>\n<\/p><\/div>\n<div id=\"bandeson\">\n<p><img decoding=\"async\" src=\"https:\/\/www.wallendorff.com\/belogue\/photo\/pochettes\/f\/faithless-no_roots.jpg\" align=\"left\" \/>&nbsp;<a href=\"http:\/\/www.faithless.co.uk\/\">Faithless<\/a> &ndash; <em>Mass Destruction<\/em><\/p>\n<\/p><\/div>\n","protected":false},"excerpt":{"rendered":"<p>Givet, 23 septembre. &nbsp;Faithless &ndash; Mass Destruction<\/p>\n","protected":false},"author":1,"featured_media":24735,"comment_status":"open","ping_status":"open","sticky":false,"template":"","format":"standard","meta":{"_acf_changed":false,"ngg_post_thumbnail":0,"jetpack_post_was_ever_published":false,"_jetpack_newsletter_access":"","_jetpack_dont_email_post_to_subs":false,"_jetpack_newsletter_tier_id":0,"_jetpack_memberships_contains_paywalled_content":false,"_jetpack_memberships_contains_paid_content":false,"footnotes":"","jetpack_publicize_message":"","jetpack_publicize_feature_enabled":true,"jetpack_social_post_already_shared":false,"jetpack_social_options":{"image_generator_settings":{"template":"highway","default_image_id":0,"font":"","enabled":false},"version":2}},"categories":[3],"tags":[10255,132,10254,10333,278,10120,10253,279,143,10262,173],"class_list":["post-795","post","type-post","status-publish","format-standard","has-post-thumbnail","hentry","category-dpc","tag-ardenne","tag-eos-20d","tag-champagne-ardenne","tag-cheminee","tag-faithless","tag-france","tag-givet","tag-mass-destruction","tag-noir-et-blanc","tag-reflet","tag-sigma-28-70-mm-f28-dg-ex"],"acf":[],"geo":{"latitude":50.1361847,"longitude":4.8295536,"description":null},"jetpack_publicize_connections":[],"jetpack_featured_media_url":"https:\/\/www.wallendorff.com\/belogue\/wp-content\/uploads\/2015\/04\/200609241.jpg","jetpack_shortlink":"https:\/\/wp.me\/p3b35P-cP","jetpack_sharing_enabled":true,"jetpack-related-posts":[{"id":127158,"url":"https:\/\/www.wallendorff.com\/belogue\/2024\/01\/15\/cube-beni\/","url_meta":{"origin":795,"position":0},"title":"Cube b\u00e9ni.","author":"dpc","date":"15 janvier 2024","format":false,"excerpt":"Chapelle de Walcourt, Givet, 18 novembre 2023.","rel":"","context":"Dans &quot;DPC&quot;","block_context":{"text":"DPC","link":"https:\/\/www.wallendorff.com\/belogue\/category\/dpc\/"},"img":{"alt_text":"","src":"https:\/\/i0.wp.com\/www.wallendorff.com\/belogue\/wp-content\/uploads\/2024\/01\/20240115.jpg?resize=350%2C200&ssl=1","width":350,"height":200,"srcset":"https:\/\/i0.wp.com\/www.wallendorff.com\/belogue\/wp-content\/uploads\/2024\/01\/20240115.jpg?resize=350%2C200&ssl=1 1x, https:\/\/i0.wp.com\/www.wallendorff.com\/belogue\/wp-content\/uploads\/2024\/01\/20240115.jpg?resize=525%2C300&ssl=1 1.5x, https:\/\/i0.wp.com\/www.wallendorff.com\/belogue\/wp-content\/uploads\/2024\/01\/20240115.jpg?resize=700%2C400&ssl=1 2x"},"classes":[]},{"id":135486,"url":"https:\/\/www.wallendorff.com\/belogue\/2026\/03\/11\/air-sur-meuse\/","url_meta":{"origin":795,"position":1},"title":"Air sur Meuse.","author":"dpc","date":"11 mars 2026","format":false,"excerpt":"Givet, 24 d\u00e9cembre 2025.","rel":"","context":"Dans &quot;DPC&quot;","block_context":{"text":"DPC","link":"https:\/\/www.wallendorff.com\/belogue\/category\/dpc\/"},"img":{"alt_text":"","src":"https:\/\/i0.wp.com\/www.wallendorff.com\/belogue\/wp-content\/uploads\/2026\/03\/20260311.jpg?resize=350%2C200&ssl=1","width":350,"height":200,"srcset":"https:\/\/i0.wp.com\/www.wallendorff.com\/belogue\/wp-content\/uploads\/2026\/03\/20260311.jpg?resize=350%2C200&ssl=1 1x, https:\/\/i0.wp.com\/www.wallendorff.com\/belogue\/wp-content\/uploads\/2026\/03\/20260311.jpg?resize=525%2C300&ssl=1 1.5x, https:\/\/i0.wp.com\/www.wallendorff.com\/belogue\/wp-content\/uploads\/2026\/03\/20260311.jpg?resize=700%2C400&ssl=1 2x, https:\/\/i0.wp.com\/www.wallendorff.com\/belogue\/wp-content\/uploads\/2026\/03\/20260311.jpg?resize=1050%2C600&ssl=1 3x"},"classes":[]},{"id":127037,"url":"https:\/\/www.wallendorff.com\/belogue\/2024\/01\/08\/le-pere-le-ficelle-le-synthe-splie\/","url_meta":{"origin":795,"position":2},"title":"Le p\u00e8re le ficelle : le synth\u00e9 s&rsquo;plie.","author":"dpc","date":"8 janvier 2024","format":false,"excerpt":"Route de Philippeville, Givet, 18 novembre 2023.","rel":"","context":"Dans &quot;DPC&quot;","block_context":{"text":"DPC","link":"https:\/\/www.wallendorff.com\/belogue\/category\/dpc\/"},"img":{"alt_text":"","src":"https:\/\/i0.wp.com\/www.wallendorff.com\/belogue\/wp-content\/uploads\/2024\/01\/20240108.jpg?resize=350%2C200&ssl=1","width":350,"height":200,"srcset":"https:\/\/i0.wp.com\/www.wallendorff.com\/belogue\/wp-content\/uploads\/2024\/01\/20240108.jpg?resize=350%2C200&ssl=1 1x, https:\/\/i0.wp.com\/www.wallendorff.com\/belogue\/wp-content\/uploads\/2024\/01\/20240108.jpg?resize=525%2C300&ssl=1 1.5x, https:\/\/i0.wp.com\/www.wallendorff.com\/belogue\/wp-content\/uploads\/2024\/01\/20240108.jpg?resize=700%2C400&ssl=1 2x"},"classes":[]},{"id":741,"url":"https:\/\/www.wallendorff.com\/belogue\/2004\/07\/09\/ah-oui\/","url_meta":{"origin":795,"position":3},"title":"Ah oui ?","author":"dpc","date":"9 juillet 2004","format":false,"excerpt":"Ben y'a pas de quoi \u00eatre fier. \u00a0Faithless \u2013 Mass Destruction","rel":"","context":"Dans &quot;DPC&quot;","block_context":{"text":"DPC","link":"https:\/\/www.wallendorff.com\/belogue\/category\/dpc\/"},"img":{"alt_text":"","src":"https:\/\/i0.wp.com\/www.wallendorff.com\/belogue\/wp-content\/uploads\/2015\/04\/155.jpg?resize=350%2C200&ssl=1","width":350,"height":200},"classes":[]},{"id":40722,"url":"https:\/\/www.wallendorff.com\/belogue\/2018\/12\/18\/into-the-wide-162\/","url_meta":{"origin":795,"position":4},"title":"Into the wide #162.","author":"dpc","date":"18 d\u00e9cembre 2018","format":false,"excerpt":"Givet, 29 septembre 2018. Complications Interpol","rel":"","context":"Dans &quot;Into the wide&quot;","block_context":{"text":"Into the wide","link":"https:\/\/www.wallendorff.com\/belogue\/category\/into-the-wide\/"},"img":{"alt_text":"","src":"https:\/\/i0.wp.com\/www.wallendorff.com\/belogue\/wp-content\/uploads\/2018\/12\/20181218.jpg?resize=350%2C200&ssl=1","width":350,"height":200,"srcset":"https:\/\/i0.wp.com\/www.wallendorff.com\/belogue\/wp-content\/uploads\/2018\/12\/20181218.jpg?resize=350%2C200&ssl=1 1x, https:\/\/i0.wp.com\/www.wallendorff.com\/belogue\/wp-content\/uploads\/2018\/12\/20181218.jpg?resize=525%2C300&ssl=1 1.5x, https:\/\/i0.wp.com\/www.wallendorff.com\/belogue\/wp-content\/uploads\/2018\/12\/20181218.jpg?resize=700%2C400&ssl=1 2x, https:\/\/i0.wp.com\/www.wallendorff.com\/belogue\/wp-content\/uploads\/2018\/12\/20181218.jpg?resize=1050%2C600&ssl=1 3x"},"classes":[]},{"id":48131,"url":"https:\/\/www.wallendorff.com\/belogue\/2021\/04\/02\/into-the-wide-219\/","url_meta":{"origin":795,"position":5},"title":"Into the wide #219.","author":"dpc","date":"2 avril 2021","format":false,"excerpt":"Quai des H\u00e9ros-de-la-R\u00e9sistance, Givet, 23 d\u00e9cembre 2020. Wasted Tomberlin","rel":"","context":"Dans &quot;Into the wide&quot;","block_context":{"text":"Into the wide","link":"https:\/\/www.wallendorff.com\/belogue\/category\/into-the-wide\/"},"img":{"alt_text":"","src":"https:\/\/i0.wp.com\/www.wallendorff.com\/belogue\/wp-content\/uploads\/2021\/04\/20210402-03.jpg?resize=350%2C200&ssl=1","width":350,"height":200,"srcset":"https:\/\/i0.wp.com\/www.wallendorff.com\/belogue\/wp-content\/uploads\/2021\/04\/20210402-03.jpg?resize=350%2C200&ssl=1 1x, https:\/\/i0.wp.com\/www.wallendorff.com\/belogue\/wp-content\/uploads\/2021\/04\/20210402-03.jpg?resize=525%2C300&ssl=1 1.5x, https:\/\/i0.wp.com\/www.wallendorff.com\/belogue\/wp-content\/uploads\/2021\/04\/20210402-03.jpg?resize=700%2C400&ssl=1 2x, https:\/\/i0.wp.com\/www.wallendorff.com\/belogue\/wp-content\/uploads\/2021\/04\/20210402-03.jpg?resize=1050%2C600&ssl=1 3x"},"classes":[]}],"_links":{"self":[{"href":"https:\/\/www.wallendorff.com\/belogue\/wp-json\/wp\/v2\/posts\/795","targetHints":{"allow":["GET"]}}],"collection":[{"href":"https:\/\/www.wallendorff.com\/belogue\/wp-json\/wp\/v2\/posts"}],"about":[{"href":"https:\/\/www.wallendorff.com\/belogue\/wp-json\/wp\/v2\/types\/post"}],"author":[{"embeddable":true,"href":"https:\/\/www.wallendorff.com\/belogue\/wp-json\/wp\/v2\/users\/1"}],"replies":[{"embeddable":true,"href":"https:\/\/www.wallendorff.com\/belogue\/wp-json\/wp\/v2\/comments?post=795"}],"version-history":[{"count":1,"href":"https:\/\/www.wallendorff.com\/belogue\/wp-json\/wp\/v2\/posts\/795\/revisions"}],"predecessor-version":[{"id":17871,"href":"https:\/\/www.wallendorff.com\/belogue\/wp-json\/wp\/v2\/posts\/795\/revisions\/17871"}],"wp:featuredmedia":[{"embeddable":true,"href":"https:\/\/www.wallendorff.com\/belogue\/wp-json\/wp\/v2\/media\/24735"}],"wp:attachment":[{"href":"https:\/\/www.wallendorff.com\/belogue\/wp-json\/wp\/v2\/media?parent=795"}],"wp:term":[{"taxonomy":"category","embeddable":true,"href":"https:\/\/www.wallendorff.com\/belogue\/wp-json\/wp\/v2\/categories?post=795"},{"taxonomy":"post_tag","embeddable":true,"href":"https:\/\/www.wallendorff.com\/belogue\/wp-json\/wp\/v2\/tags?post=795"}],"curies":[{"name":"wp","href":"https:\/\/api.w.org\/{rel}","templated":true}]}}