{"id":7938,"date":"2010-08-02T10:09:47","date_gmt":"2010-08-02T08:09:47","guid":{"rendered":"http:\/\/www.po-l.com\/belogue\/?p=7938"},"modified":"2012-05-30T10:33:03","modified_gmt":"2012-05-30T08:33:03","slug":"interlude-6","status":"publish","type":"post","link":"https:\/\/www.wallendorff.com\/belogue\/2010\/08\/02\/interlude-6\/","title":{"rendered":"Interlude."},"content":{"rendered":"\n<div id=\"photo\">\n<p><img decoding=\"async\" src=\"https:\/\/www.wallendorff.com\/belogue\/photo\/2010\/08\/20100802.jpg\" \/><br \/>\nPopote du XVIII, Paris, 16 juillet.<\/p>\n<\/p><\/div>\n<p style=\"text-align:right\">Je sais, je sais.<\/p>\n<p style=\"text-align:right\">Mais j&rsquo;avais bu, hein.<\/p>\n<div id=\"bandeson\">\n<p><img decoding=\"async\" src=\"https:\/\/www.wallendorff.com\/belogue\/photo\/pochettes\/l\/like_the-release_me.jpg\" align=\"left\" \/>&nbsp;<a href=\"http:\/\/www.thelike.com\/\">The Like<\/a> &ndash; <em>He&rsquo;s Not a Boy<\/em><\/p>\n<\/p><\/div>\n","protected":false},"excerpt":{"rendered":"<p>Popote du XVIII, Paris, 16 juillet. Je sais, je sais. Mais j&rsquo;avais bu, hein. &nbsp;The Like &ndash; He&rsquo;s Not a Boy<\/p>\n","protected":false},"author":1,"featured_media":25849,"comment_status":"open","ping_status":"open","sticky":false,"template":"","format":"standard","meta":{"_acf_changed":false,"ngg_post_thumbnail":0,"jetpack_post_was_ever_published":false,"_jetpack_newsletter_access":"","_jetpack_dont_email_post_to_subs":false,"_jetpack_newsletter_tier_id":0,"_jetpack_memberships_contains_paywalled_content":false,"_jetpack_memberships_contains_paid_content":false,"footnotes":"","jetpack_publicize_message":"","jetpack_publicize_feature_enabled":true,"jetpack_social_post_already_shared":false,"jetpack_social_options":{"image_generator_settings":{"template":"highway","default_image_id":0,"font":"","enabled":false},"version":2}},"categories":[3],"tags":[10143,10115,2571,2615,10314,10120,10668,4034,10121,4035,10098,4032,10540,10740,10781,10108],"class_list":["post-7938","post","type-post","status-publish","format-standard","has-post-thumbnail","hentry","category-dpc","tag-10143","tag-bar","tag-ef-16-35-mm-f28l-ii-usm","tag-eos-5d-mark-ii","tag-etoile","tag-france","tag-graffiti","tag-hes-not-a-boy","tag-ile-de-france","tag-interlude","tag-paris","tag-popote-du-xviii","tag-restaurant","tag-soiree","tag-the-like","tag-toilettes"],"acf":[],"geo":{"latitude":48.8916206,"longitude":2.3364401,"description":"184 Rue Marcadet, 75018 Paris, France"},"jetpack_publicize_connections":[],"jetpack_featured_media_url":"https:\/\/www.wallendorff.com\/belogue\/wp-content\/uploads\/2015\/04\/201008021.jpg","jetpack_shortlink":"https:\/\/wp.me\/p3b35P-242","jetpack_sharing_enabled":true,"jetpack-related-posts":[{"id":4217,"url":"https:\/\/www.wallendorff.com\/belogue\/2009\/05\/24\/interlude-5\/","url_meta":{"origin":7938,"position":0},"title":"Interlude.","author":"dpc","date":"24 mai 2009","format":false,"excerpt":"Paris, 22 mai. \u00a0Lisa Mitchell \u2013 Neopolitan Dreams","rel":"","context":"Dans &quot;Portraits&quot;","block_context":{"text":"Portraits","link":"https:\/\/www.wallendorff.com\/belogue\/category\/portraits\/"},"img":{"alt_text":"","src":"https:\/\/i0.wp.com\/www.wallendorff.com\/belogue\/wp-content\/uploads\/2015\/04\/200905241.jpg?resize=350%2C200&ssl=1","width":350,"height":200,"srcset":"https:\/\/i0.wp.com\/www.wallendorff.com\/belogue\/wp-content\/uploads\/2015\/04\/200905241.jpg?resize=350%2C200&ssl=1 1x, https:\/\/i0.wp.com\/www.wallendorff.com\/belogue\/wp-content\/uploads\/2015\/04\/200905241.jpg?resize=525%2C300&ssl=1 1.5x, https:\/\/i0.wp.com\/www.wallendorff.com\/belogue\/wp-content\/uploads\/2015\/04\/200905241.jpg?resize=700%2C400&ssl=1 2x"},"classes":[]},{"id":9599,"url":"https:\/\/www.wallendorff.com\/belogue\/2010\/10\/04\/interlude-7\/","url_meta":{"origin":7938,"position":1},"title":"Interlude.","author":"dpc","date":"4 octobre 2010","format":false,"excerpt":"Rue Berton, Paris, 30 juillet. \u00a0Woodpigeon \u2013 My Denial in Argyle","rel":"","context":"Dans &quot;DPC&quot;","block_context":{"text":"DPC","link":"https:\/\/www.wallendorff.com\/belogue\/category\/dpc\/"},"img":{"alt_text":"","src":"https:\/\/i0.wp.com\/www.wallendorff.com\/belogue\/wp-content\/uploads\/2015\/04\/201010041.jpg?resize=350%2C200&ssl=1","width":350,"height":200},"classes":[]},{"id":16780,"url":"https:\/\/www.wallendorff.com\/belogue\/2012\/04\/09\/interlude-11\/","url_meta":{"origin":7938,"position":2},"title":"Interlude.","author":"dpc","date":"9 avril 2012","format":false,"excerpt":"Plan\u00e8te Mars, Paris, 8 avril. Sleigh Bells \u2013 Demons [youtube]http:\/\/www.youtube.com\/watch?v=L9J8SRUr8DA[\/youtube]","rel":"","context":"Dans &quot;DPC&quot;","block_context":{"text":"DPC","link":"https:\/\/www.wallendorff.com\/belogue\/category\/dpc\/"},"img":{"alt_text":"","src":"https:\/\/i0.wp.com\/www.wallendorff.com\/belogue\/wp-content\/uploads\/2015\/04\/201204091.jpg?resize=350%2C200&ssl=1","width":350,"height":200,"srcset":"https:\/\/i0.wp.com\/www.wallendorff.com\/belogue\/wp-content\/uploads\/2015\/04\/201204091.jpg?resize=350%2C200&ssl=1 1x, https:\/\/i0.wp.com\/www.wallendorff.com\/belogue\/wp-content\/uploads\/2015\/04\/201204091.jpg?resize=525%2C300&ssl=1 1.5x, https:\/\/i0.wp.com\/www.wallendorff.com\/belogue\/wp-content\/uploads\/2015\/04\/201204091.jpg?resize=700%2C400&ssl=1 2x"},"classes":[]},{"id":4008,"url":"https:\/\/www.wallendorff.com\/belogue\/2009\/03\/10\/interlude-4\/","url_meta":{"origin":7938,"position":3},"title":"Interlude.","author":"dpc","date":"10 mars 2009","format":false,"excerpt":"Juste pour dire que ce truc pr\u00e9sent\u00e9 ici et l\u00e0 aussi existe toujours. C'est fou. Max\u00efmo Park \u2013 Wraithlike","rel":"","context":"Dans &quot;DPC&quot;","block_context":{"text":"DPC","link":"https:\/\/www.wallendorff.com\/belogue\/category\/dpc\/"},"img":{"alt_text":"","src":"https:\/\/i0.wp.com\/www.wallendorff.com\/belogue\/wp-content\/uploads\/2015\/04\/200903101.jpg?resize=350%2C200&ssl=1","width":350,"height":200},"classes":[]},{"id":12353,"url":"https:\/\/www.wallendorff.com\/belogue\/2011\/02\/25\/interlude-8\/","url_meta":{"origin":7938,"position":4},"title":"Interlude.","author":"dpc","date":"25 f\u00e9vrier 2011","format":false,"excerpt":"Parc Monceau, Paris, 31 janvier. Un gabill\u00e9, c'est un peu comme un gatounu, \u00e0 part qu'il est habill\u00e9. \u00a0City and Colour \u2013 The Girl","rel":"","context":"Dans &quot;DPC&quot;","block_context":{"text":"DPC","link":"https:\/\/www.wallendorff.com\/belogue\/category\/dpc\/"},"img":{"alt_text":"","src":"https:\/\/i0.wp.com\/www.wallendorff.com\/belogue\/wp-content\/uploads\/2015\/04\/201102251.jpg?resize=350%2C200&ssl=1","width":350,"height":200},"classes":[]},{"id":13105,"url":"https:\/\/www.wallendorff.com\/belogue\/2011\/08\/15\/interlude-10\/","url_meta":{"origin":7938,"position":5},"title":"Interlude.","author":"dpc","date":"15 ao\u00fbt 2011","format":false,"excerpt":"Parc des Buttes-Chaumont, Paris, 14 juillet. \u00a0Wonderful \u2013 Rainbow Colors","rel":"","context":"Dans &quot;DPC&quot;","block_context":{"text":"DPC","link":"https:\/\/www.wallendorff.com\/belogue\/category\/dpc\/"},"img":{"alt_text":"","src":"https:\/\/i0.wp.com\/www.wallendorff.com\/belogue\/wp-content\/uploads\/2015\/04\/201108151.jpg?resize=350%2C200&ssl=1","width":350,"height":200,"srcset":"https:\/\/i0.wp.com\/www.wallendorff.com\/belogue\/wp-content\/uploads\/2015\/04\/201108151.jpg?resize=350%2C200&ssl=1 1x, https:\/\/i0.wp.com\/www.wallendorff.com\/belogue\/wp-content\/uploads\/2015\/04\/201108151.jpg?resize=525%2C300&ssl=1 1.5x, https:\/\/i0.wp.com\/www.wallendorff.com\/belogue\/wp-content\/uploads\/2015\/04\/201108151.jpg?resize=700%2C400&ssl=1 2x"},"classes":[]}],"_links":{"self":[{"href":"https:\/\/www.wallendorff.com\/belogue\/wp-json\/wp\/v2\/posts\/7938","targetHints":{"allow":["GET"]}}],"collection":[{"href":"https:\/\/www.wallendorff.com\/belogue\/wp-json\/wp\/v2\/posts"}],"about":[{"href":"https:\/\/www.wallendorff.com\/belogue\/wp-json\/wp\/v2\/types\/post"}],"author":[{"embeddable":true,"href":"https:\/\/www.wallendorff.com\/belogue\/wp-json\/wp\/v2\/users\/1"}],"replies":[{"embeddable":true,"href":"https:\/\/www.wallendorff.com\/belogue\/wp-json\/wp\/v2\/comments?post=7938"}],"version-history":[{"count":1,"href":"https:\/\/www.wallendorff.com\/belogue\/wp-json\/wp\/v2\/posts\/7938\/revisions"}],"predecessor-version":[{"id":17506,"href":"https:\/\/www.wallendorff.com\/belogue\/wp-json\/wp\/v2\/posts\/7938\/revisions\/17506"}],"wp:featuredmedia":[{"embeddable":true,"href":"https:\/\/www.wallendorff.com\/belogue\/wp-json\/wp\/v2\/media\/25849"}],"wp:attachment":[{"href":"https:\/\/www.wallendorff.com\/belogue\/wp-json\/wp\/v2\/media?parent=7938"}],"wp:term":[{"taxonomy":"category","embeddable":true,"href":"https:\/\/www.wallendorff.com\/belogue\/wp-json\/wp\/v2\/categories?post=7938"},{"taxonomy":"post_tag","embeddable":true,"href":"https:\/\/www.wallendorff.com\/belogue\/wp-json\/wp\/v2\/tags?post=7938"}],"curies":[{"name":"wp","href":"https:\/\/api.w.org\/{rel}","templated":true}]}}