{"id":790,"date":"2006-09-19T08:44:48","date_gmt":"2006-09-19T08:44:48","guid":{"rendered":"http:\/\/www.po-l.com\/wordpress\/?p=790"},"modified":"2012-06-18T10:38:22","modified_gmt":"2012-06-18T08:38:22","slug":"shooting-people-1","status":"publish","type":"post","link":"https:\/\/www.wallendorff.com\/belogue\/2006\/09\/19\/shooting-people-1\/","title":{"rendered":"Shooting people #1."},"content":{"rendered":"\n<div id=\"photo\">\n<p><img decoding=\"async\" src=\"http:\/\/www.po-L.com\/belogue\/photo\/2006\/09\/20060919.jpg\" \/><\/p>\n<\/p><\/div>\n<p style=\"text-align:right\">Parce que des fois prendre des gens en photo c&rsquo;est bien, aussi. M&ecirc;me sans guitare.<\/p>\n<div id=\"bandeson\">\n<p><img decoding=\"async\" src=\"https:\/\/www.wallendorff.com\/belogue\/photo\/pochettes\/p\/pearl_jam-vs.jpg\" align=\"left\" \/>&nbsp;<a href=\"http:\/\/www.tenclub.net\/\">Pearl Jam<\/a> &ndash; <em>Leash<\/em><\/p>\n<\/p><\/div>\n","protected":false},"excerpt":{"rendered":"<p>Parce que des fois prendre des gens en photo c&rsquo;est bien, aussi. M&ecirc;me sans guitare. &nbsp;Pearl Jam &ndash; Leash<\/p>\n","protected":false},"author":1,"featured_media":24730,"comment_status":"open","ping_status":"open","sticky":false,"template":"","format":"standard","meta":{"_acf_changed":false,"ngg_post_thumbnail":0,"jetpack_post_was_ever_published":false,"_jetpack_newsletter_access":"","_jetpack_dont_email_post_to_subs":false,"_jetpack_newsletter_tier_id":0,"_jetpack_memberships_contains_paywalled_content":false,"_jetpack_memberships_contains_paid_content":false,"footnotes":"","jetpack_publicize_message":"","jetpack_publicize_feature_enabled":true,"jetpack_social_post_already_shared":false,"jetpack_social_options":{"image_generator_settings":{"template":"highway","default_image_id":0,"font":"","enabled":false},"version":2}},"categories":[8],"tags":[196,132,1761,143,10165,10272],"class_list":["post-790","post","type-post","status-publish","format-standard","has-post-thumbnail","hentry","category-portraits","tag-ef-28-70-mm-f28l-usm","tag-eos-20d","tag-leash","tag-noir-et-blanc","tag-pearl-jam","tag-portrait"],"acf":[],"geo":null,"jetpack_publicize_connections":[],"jetpack_featured_media_url":"https:\/\/www.wallendorff.com\/belogue\/wp-content\/uploads\/2015\/04\/200609191.jpg","jetpack_shortlink":"https:\/\/wp.me\/p3b35P-cK","jetpack_sharing_enabled":true,"jetpack-related-posts":[{"id":1123,"url":"https:\/\/www.wallendorff.com\/belogue\/2007\/12\/30\/2007en-5\/","url_meta":{"origin":790,"position":0},"title":"2007 en&#8230; #5.","author":"dpc","date":"30 d\u00e9cembre 2007","format":false,"excerpt":"La Cigale, Paris, 11 novembre. pr\u00e9sentent 2007 en 10 titres de d\u00e9chirage mortel grave qui tuent m\u00e9chant Tout \u00e7a pour dire que 2007 aura d\u00e9cid\u00e9ment \u00e9t\u00e9 une bien belle ann\u00e9e. Editors \u2013 An End Has a Start Arcade Fire \u2013 Keep the Car Running The White Stripes \u2013 Icky Thump\u2026","rel":"","context":"Dans &quot;DPC&quot;","block_context":{"text":"DPC","link":"https:\/\/www.wallendorff.com\/belogue\/category\/dpc\/"},"img":{"alt_text":"","src":"https:\/\/i0.wp.com\/www.wallendorff.com\/belogue\/wp-content\/uploads\/2015\/04\/200712301.jpg?resize=350%2C200&ssl=1","width":350,"height":200,"srcset":"https:\/\/i0.wp.com\/www.wallendorff.com\/belogue\/wp-content\/uploads\/2015\/04\/200712301.jpg?resize=350%2C200&ssl=1 1x, https:\/\/i0.wp.com\/www.wallendorff.com\/belogue\/wp-content\/uploads\/2015\/04\/200712301.jpg?resize=525%2C300&ssl=1 1.5x, https:\/\/i0.wp.com\/www.wallendorff.com\/belogue\/wp-content\/uploads\/2015\/04\/200712301.jpg?resize=700%2C400&ssl=1 2x"},"classes":[]},{"id":22382,"url":"https:\/\/www.wallendorff.com\/belogue\/2014\/01\/13\/dark-was-the-night\/","url_meta":{"origin":790,"position":1},"title":"Dark was the night.","author":"dpc","date":"13 janvier 2014","format":false,"excerpt":"Place du Pont-des-Roches, Metz, 26 d\u00e9cembre 2013. Thumbing My Way Pearl Jam","rel":"","context":"Dans &quot;DPC&quot;","block_context":{"text":"DPC","link":"https:\/\/www.wallendorff.com\/belogue\/category\/dpc\/"},"img":{"alt_text":"","src":"https:\/\/i0.wp.com\/www.wallendorff.com\/belogue\/wp-content\/uploads\/2015\/04\/201401131.jpg?resize=350%2C200&ssl=1","width":350,"height":200,"srcset":"https:\/\/i0.wp.com\/www.wallendorff.com\/belogue\/wp-content\/uploads\/2015\/04\/201401131.jpg?resize=350%2C200&ssl=1 1x, https:\/\/i0.wp.com\/www.wallendorff.com\/belogue\/wp-content\/uploads\/2015\/04\/201401131.jpg?resize=525%2C300&ssl=1 1.5x, https:\/\/i0.wp.com\/www.wallendorff.com\/belogue\/wp-content\/uploads\/2015\/04\/201401131.jpg?resize=700%2C400&ssl=1 2x"},"classes":[]},{"id":12926,"url":"https:\/\/www.wallendorff.com\/belogue\/2011\/06\/23\/du-pont-la-jvois\/","url_meta":{"origin":790,"position":2},"title":"Du pont l\u00e0 j&rsquo;vois.","author":"dpc","date":"23 juin 2011","format":false,"excerpt":"Pont des Arts, Paris, 21 mai. \u00a0Pearl Jam \u2013 Driftin'","rel":"","context":"Dans &quot;DPC&quot;","block_context":{"text":"DPC","link":"https:\/\/www.wallendorff.com\/belogue\/category\/dpc\/"},"img":{"alt_text":"","src":"https:\/\/i0.wp.com\/www.wallendorff.com\/belogue\/wp-content\/uploads\/2015\/04\/201106231.jpg?resize=350%2C200&ssl=1","width":350,"height":200},"classes":[]},{"id":139,"url":"https:\/\/www.wallendorff.com\/belogue\/2006\/05\/01\/i-m-never-going-back-again\/","url_meta":{"origin":790,"position":3},"title":"I&rsquo;m never going back again.","author":"dpc","date":"1 mai 2006","format":false,"excerpt":"\u00c9glise St-Laurent, Paris, 15 avril. Il y a des jours o\u00f9 tomber sur la trois, C'est en avoir \u00e0 nouveau six. \u00a0Pearl Jam \u2013 Wasted Reprise","rel":"","context":"Dans &quot;DPC&quot;","block_context":{"text":"DPC","link":"https:\/\/www.wallendorff.com\/belogue\/category\/dpc\/"},"img":{"alt_text":"","src":"https:\/\/i0.wp.com\/www.wallendorff.com\/belogue\/wp-content\/uploads\/2015\/04\/200605011.jpg?resize=350%2C200&ssl=1","width":350,"height":200},"classes":[]},{"id":158,"url":"https:\/\/www.wallendorff.com\/belogue\/2006\/05\/26\/slack-day-2\/","url_meta":{"origin":790,"position":4},"title":"Slack Day #2.","author":"dpc","date":"26 mai 2006","format":false,"excerpt":"Rue sous Saint-Arnould, Metz, 20 mai. Y a du Pearl Jam dans ma bande-son, du sucre dans ma verveine, pas de poil dans ma cuisine, de la lumi\u00e8re dans mon lit, de l'abricot dans mes tartines, pas de trou dans mes chaussettes et surtout Eddie Vedder a de nouveau des\u2026","rel":"","context":"Dans &quot;DPC&quot;","block_context":{"text":"DPC","link":"https:\/\/www.wallendorff.com\/belogue\/category\/dpc\/"},"img":{"alt_text":"","src":"https:\/\/i0.wp.com\/www.wallendorff.com\/belogue\/wp-content\/uploads\/2015\/04\/200605261.jpg?resize=350%2C200&ssl=1","width":350,"height":200},"classes":[]},{"id":7213,"url":"https:\/\/www.wallendorff.com\/belogue\/2010\/03\/17\/tance-have-haie-clef-loue\/","url_meta":{"origin":790,"position":5},"title":"Tance h\u00e2ve haie, clef loue.","author":"dpc","date":"17 mars 2010","format":false,"excerpt":"Rue du Faubourg Saint-Antoine, Paris, 27 f\u00e9vrier. [Y a quand m\u00eame des photos je me demande pourquoi je les publie.] \u00a0Pearl Jam \u2013 In My Tree","rel":"","context":"Dans &quot;DPC&quot;","block_context":{"text":"DPC","link":"https:\/\/www.wallendorff.com\/belogue\/category\/dpc\/"},"img":{"alt_text":"","src":"https:\/\/i0.wp.com\/www.wallendorff.com\/belogue\/wp-content\/uploads\/2015\/04\/201003171.jpg?resize=350%2C200&ssl=1","width":350,"height":200},"classes":[]}],"_links":{"self":[{"href":"https:\/\/www.wallendorff.com\/belogue\/wp-json\/wp\/v2\/posts\/790","targetHints":{"allow":["GET"]}}],"collection":[{"href":"https:\/\/www.wallendorff.com\/belogue\/wp-json\/wp\/v2\/posts"}],"about":[{"href":"https:\/\/www.wallendorff.com\/belogue\/wp-json\/wp\/v2\/types\/post"}],"author":[{"embeddable":true,"href":"https:\/\/www.wallendorff.com\/belogue\/wp-json\/wp\/v2\/users\/1"}],"replies":[{"embeddable":true,"href":"https:\/\/www.wallendorff.com\/belogue\/wp-json\/wp\/v2\/comments?post=790"}],"version-history":[{"count":1,"href":"https:\/\/www.wallendorff.com\/belogue\/wp-json\/wp\/v2\/posts\/790\/revisions"}],"predecessor-version":[{"id":17776,"href":"https:\/\/www.wallendorff.com\/belogue\/wp-json\/wp\/v2\/posts\/790\/revisions\/17776"}],"wp:featuredmedia":[{"embeddable":true,"href":"https:\/\/www.wallendorff.com\/belogue\/wp-json\/wp\/v2\/media\/24730"}],"wp:attachment":[{"href":"https:\/\/www.wallendorff.com\/belogue\/wp-json\/wp\/v2\/media?parent=790"}],"wp:term":[{"taxonomy":"category","embeddable":true,"href":"https:\/\/www.wallendorff.com\/belogue\/wp-json\/wp\/v2\/categories?post=790"},{"taxonomy":"post_tag","embeddable":true,"href":"https:\/\/www.wallendorff.com\/belogue\/wp-json\/wp\/v2\/tags?post=790"}],"curies":[{"name":"wp","href":"https:\/\/api.w.org\/{rel}","templated":true}]}}