{"id":789,"date":"2006-09-18T00:39:31","date_gmt":"2006-09-18T00:39:31","guid":{"rendered":"http:\/\/www.po-l.com\/wordpress\/?p=789"},"modified":"2012-06-18T10:37:03","modified_gmt":"2012-06-18T08:37:03","slug":"guit-art-2","status":"publish","type":"post","link":"https:\/\/www.wallendorff.com\/belogue\/2006\/09\/18\/guit-art-2\/","title":{"rendered":"Guit&rsquo;Art #2."},"content":{"rendered":"\n<div id=\"photo\">\n<p><img decoding=\"async\" src=\"https:\/\/www.wallendorff.com\/belogue\/photo\/2006\/09\/20060918.jpg\" \/><br \/>\n          La Fl&egrave;che d&rsquo;Or, Paris, 7 septembre.<\/p>\n<\/p><\/div>\n<div id=\"bandeson\">\n<p><img decoding=\"async\" src=\"https:\/\/www.wallendorff.com\/belogue\/photo\/pochettes\/s\/soul_asylum-insomniacs_dream.jpg\" align=\"left\" \/>&nbsp;<a href=\"http:\/\/www.myspace.com\/soulasylum\">Soul Asylum<\/a> &ndash; <em>Without a Trace<\/em> (live)<\/p>\n<\/p><\/div>\n","protected":false},"excerpt":{"rendered":"<p>La Fl&egrave;che d&rsquo;Or, Paris, 7 septembre. &nbsp;Soul Asylum &ndash; Without a Trace (live)<\/p>\n","protected":false},"author":1,"featured_media":24729,"comment_status":"open","ping_status":"open","sticky":false,"template":"","format":"standard","meta":{"_acf_changed":false,"ngg_post_thumbnail":0,"jetpack_post_was_ever_published":false,"_jetpack_newsletter_access":"","_jetpack_dont_email_post_to_subs":false,"_jetpack_newsletter_tier_id":0,"_jetpack_memberships_contains_paywalled_content":false,"_jetpack_memberships_contains_paid_content":false,"footnotes":"","jetpack_publicize_message":"","jetpack_publicize_feature_enabled":true,"jetpack_social_post_already_shared":false,"jetpack_social_options":{"image_generator_settings":{"template":"highway","default_image_id":0,"font":"","enabled":false},"version":2}},"categories":[9],"tags":[174,10216,10084,196,132,10120,10192,10121,10374,10098,1223,1760],"class_list":["post-789","post","type-post","status-publish","format-standard","has-post-thumbnail","hentry","category-guit-art","tag-174","tag-10216","tag-alive","tag-ef-28-70-mm-f28l-usm","tag-eos-20d","tag-france","tag-guitare","tag-ile-de-france","tag-la-fleche-dor","tag-paris","tag-soul-asylum","tag-without-a-trace"],"acf":[],"geo":{"latitude":48.8594246,"longitude":2.4029884,"description":"94-104 Rue de Bagnolet, 75020 Paris, France"},"jetpack_publicize_connections":[],"jetpack_featured_media_url":"https:\/\/www.wallendorff.com\/belogue\/wp-content\/uploads\/2015\/04\/200609181.jpg","jetpack_shortlink":"https:\/\/wp.me\/p3b35P-cJ","jetpack_sharing_enabled":true,"jetpack-related-posts":[{"id":788,"url":"https:\/\/www.wallendorff.com\/belogue\/2006\/09\/17\/guit-art-1\/","url_meta":{"origin":789,"position":0},"title":"Guit&rsquo;Art #1.","author":"dpc","date":"17 septembre 2006","format":false,"excerpt":"La Fl\u00e8che d'Or, Paris, 7 septembre. \u00a0Semifinalists\u00a0\u2015 Show the Way","rel":"","context":"Dans &quot;Guit'Art&quot;","block_context":{"text":"Guit'Art","link":"https:\/\/www.wallendorff.com\/belogue\/category\/guit-art\/"},"img":{"alt_text":"","src":"https:\/\/i0.wp.com\/www.wallendorff.com\/belogue\/wp-content\/uploads\/2015\/04\/200609171.jpg?resize=350%2C200&ssl=1","width":350,"height":200},"classes":[]},{"id":4102,"url":"https:\/\/www.wallendorff.com\/belogue\/2009\/04\/01\/ben-lee-la-fleche-dor-paris\/","url_meta":{"origin":789,"position":1},"title":"Ben Lee @ la Fl\u00e8che d&rsquo;Or, Paris.","author":"dpc","date":"1 avril 2009","format":false,"excerpt":"Kasabian \u2013 Vlad the Impaler","rel":"","context":"Dans &quot;Alive&quot;","block_context":{"text":"Alive","link":"https:\/\/www.wallendorff.com\/belogue\/category\/alive\/"},"img":{"alt_text":"","src":"https:\/\/i0.wp.com\/www.wallendorff.com\/belogue\/wp-content\/uploads\/2015\/04\/200904011.jpg?resize=350%2C200&ssl=1","width":350,"height":200,"srcset":"https:\/\/i0.wp.com\/www.wallendorff.com\/belogue\/wp-content\/uploads\/2015\/04\/200904011.jpg?resize=350%2C200&ssl=1 1x, https:\/\/i0.wp.com\/www.wallendorff.com\/belogue\/wp-content\/uploads\/2015\/04\/200904011.jpg?resize=525%2C300&ssl=1 1.5x, https:\/\/i0.wp.com\/www.wallendorff.com\/belogue\/wp-content\/uploads\/2015\/04\/200904011.jpg?resize=700%2C400&ssl=1 2x"},"classes":[]},{"id":27116,"url":"https:\/\/www.wallendorff.com\/belogue\/2015\/04\/22\/circa-waves-la-fleche-dor-paris\/","url_meta":{"origin":789,"position":2},"title":"Circa Waves @ la Fl\u00e8che d&rsquo;Or, Paris.","author":"dpc","date":"22 avril 2015","format":false,"excerpt":"T-Shirt Weather Circa Waves","rel":"","context":"Dans &quot;Alive&quot;","block_context":{"text":"Alive","link":"https:\/\/www.wallendorff.com\/belogue\/category\/alive\/"},"img":{"alt_text":"","src":"https:\/\/i0.wp.com\/www.wallendorff.com\/belogue\/wp-content\/uploads\/2015\/04\/20150422.jpg?resize=350%2C200&ssl=1","width":350,"height":200,"srcset":"https:\/\/i0.wp.com\/www.wallendorff.com\/belogue\/wp-content\/uploads\/2015\/04\/20150422.jpg?resize=350%2C200&ssl=1 1x, https:\/\/i0.wp.com\/www.wallendorff.com\/belogue\/wp-content\/uploads\/2015\/04\/20150422.jpg?resize=525%2C300&ssl=1 1.5x, https:\/\/i0.wp.com\/www.wallendorff.com\/belogue\/wp-content\/uploads\/2015\/04\/20150422.jpg?resize=700%2C400&ssl=1 2x"},"classes":[]},{"id":30838,"url":"https:\/\/www.wallendorff.com\/belogue\/2016\/05\/04\/jake-bugg-la-fleche-dor-paris-2\/","url_meta":{"origin":789,"position":3},"title":"Jake Bugg @ la Fl\u00e8che d&rsquo;Or, Paris.","author":"dpc","date":"4 mai 2016","format":false,"excerpt":"","rel":"","context":"Dans &quot;Alive&quot;","block_context":{"text":"Alive","link":"https:\/\/www.wallendorff.com\/belogue\/category\/alive\/"},"img":{"alt_text":"","src":"https:\/\/i0.wp.com\/www.wallendorff.com\/belogue\/wp-content\/uploads\/2016\/05\/20160504-03-1.jpg?resize=350%2C200&ssl=1","width":350,"height":200,"srcset":"https:\/\/i0.wp.com\/www.wallendorff.com\/belogue\/wp-content\/uploads\/2016\/05\/20160504-03-1.jpg?resize=350%2C200&ssl=1 1x, https:\/\/i0.wp.com\/www.wallendorff.com\/belogue\/wp-content\/uploads\/2016\/05\/20160504-03-1.jpg?resize=525%2C300&ssl=1 1.5x, https:\/\/i0.wp.com\/www.wallendorff.com\/belogue\/wp-content\/uploads\/2016\/05\/20160504-03-1.jpg?resize=700%2C400&ssl=1 2x"},"classes":[]},{"id":19621,"url":"https:\/\/www.wallendorff.com\/belogue\/2012\/11\/22\/mystery-jets-oh-othello-la-fleche-dor-paris\/","url_meta":{"origin":789,"position":4},"title":"Mystery Jets + Oh Othello @ la Fl\u00e8che d&rsquo;Or, Paris.","author":"dpc","date":"22 novembre 2012","format":false,"excerpt":"The Datsuns \u2013 Gold Halo Oh Othello \u00a0 Mystery Jets \u00a0","rel":"","context":"Dans &quot;Alive&quot;","block_context":{"text":"Alive","link":"https:\/\/www.wallendorff.com\/belogue\/category\/alive\/"},"img":{"alt_text":"","src":"https:\/\/i0.wp.com\/www.wallendorff.com\/belogue\/wp-content\/uploads\/2015\/04\/201211221.jpg?resize=350%2C200&ssl=1","width":350,"height":200,"srcset":"https:\/\/i0.wp.com\/www.wallendorff.com\/belogue\/wp-content\/uploads\/2015\/04\/201211221.jpg?resize=350%2C200&ssl=1 1x, https:\/\/i0.wp.com\/www.wallendorff.com\/belogue\/wp-content\/uploads\/2015\/04\/201211221.jpg?resize=525%2C300&ssl=1 1.5x, https:\/\/i0.wp.com\/www.wallendorff.com\/belogue\/wp-content\/uploads\/2015\/04\/201211221.jpg?resize=700%2C400&ssl=1 2x"},"classes":[]},{"id":23866,"url":"https:\/\/www.wallendorff.com\/belogue\/2015\/02\/19\/balinger-3somesisters-la-fleche-dor-paris-16-fevrier\/","url_meta":{"origin":789,"position":5},"title":"Balinger + 3sOmEsiStERs @ la Fl\u00e8che d&rsquo;Or, Paris, 16 f\u00e9vrier.","author":"dpc","date":"19 f\u00e9vrier 2015","format":false,"excerpt":"3sOmEsiStERs Balinger \u00a0","rel":"","context":"Dans &quot;Alive&quot;","block_context":{"text":"Alive","link":"https:\/\/www.wallendorff.com\/belogue\/category\/alive\/"},"img":{"alt_text":"","src":"https:\/\/i0.wp.com\/www.wallendorff.com\/belogue\/wp-content\/uploads\/2015\/04\/201502201.jpg?resize=350%2C200&ssl=1","width":350,"height":200,"srcset":"https:\/\/i0.wp.com\/www.wallendorff.com\/belogue\/wp-content\/uploads\/2015\/04\/201502201.jpg?resize=350%2C200&ssl=1 1x, https:\/\/i0.wp.com\/www.wallendorff.com\/belogue\/wp-content\/uploads\/2015\/04\/201502201.jpg?resize=525%2C300&ssl=1 1.5x, https:\/\/i0.wp.com\/www.wallendorff.com\/belogue\/wp-content\/uploads\/2015\/04\/201502201.jpg?resize=700%2C400&ssl=1 2x"},"classes":[]}],"_links":{"self":[{"href":"https:\/\/www.wallendorff.com\/belogue\/wp-json\/wp\/v2\/posts\/789","targetHints":{"allow":["GET"]}}],"collection":[{"href":"https:\/\/www.wallendorff.com\/belogue\/wp-json\/wp\/v2\/posts"}],"about":[{"href":"https:\/\/www.wallendorff.com\/belogue\/wp-json\/wp\/v2\/types\/post"}],"author":[{"embeddable":true,"href":"https:\/\/www.wallendorff.com\/belogue\/wp-json\/wp\/v2\/users\/1"}],"replies":[{"embeddable":true,"href":"https:\/\/www.wallendorff.com\/belogue\/wp-json\/wp\/v2\/comments?post=789"}],"version-history":[{"count":1,"href":"https:\/\/www.wallendorff.com\/belogue\/wp-json\/wp\/v2\/posts\/789\/revisions"}],"predecessor-version":[{"id":17775,"href":"https:\/\/www.wallendorff.com\/belogue\/wp-json\/wp\/v2\/posts\/789\/revisions\/17775"}],"wp:featuredmedia":[{"embeddable":true,"href":"https:\/\/www.wallendorff.com\/belogue\/wp-json\/wp\/v2\/media\/24729"}],"wp:attachment":[{"href":"https:\/\/www.wallendorff.com\/belogue\/wp-json\/wp\/v2\/media?parent=789"}],"wp:term":[{"taxonomy":"category","embeddable":true,"href":"https:\/\/www.wallendorff.com\/belogue\/wp-json\/wp\/v2\/categories?post=789"},{"taxonomy":"post_tag","embeddable":true,"href":"https:\/\/www.wallendorff.com\/belogue\/wp-json\/wp\/v2\/tags?post=789"}],"curies":[{"name":"wp","href":"https:\/\/api.w.org\/{rel}","templated":true}]}}