{"id":7885,"date":"2010-07-22T10:11:50","date_gmt":"2010-07-22T08:11:50","guid":{"rendered":"http:\/\/www.po-l.com\/belogue\/?p=7885"},"modified":"2018-05-23T08:07:29","modified_gmt":"2018-05-23T06:07:29","slug":"lhaiku-rit-aussi-tetin-vit-lun-des-faux","status":"publish","type":"post","link":"https:\/\/www.wallendorff.com\/belogue\/2010\/07\/22\/lhaiku-rit-aussi-tetin-vit-lun-des-faux\/","title":{"rendered":"L&rsquo;ha\u00efku rit aussi ; t\u00e9tin vit l&rsquo;un des faux."},"content":{"rendered":"\n<div id=\"photo\">\n<p><img decoding=\"async\" src=\"https:\/\/www.wallendorff.com\/belogue\/photo\/2010\/07\/20100722.jpg\" \/><br \/>\nPalais du Louvre, Paris, 22 juin.<\/p>\n<\/p><\/div>\n<p>Mais bien s&ucirc;r que si que c&rsquo;est un mot, enfin&nbsp;:<\/p>\n<p><strong>T&eacute;tin<\/strong>, subst. masc. <strong>a)<\/strong> <em>Vx<\/em> ou <em>litt&eacute;r.<\/em> Sein. <em>Isabeau,   ma mie, je ne serai content de Jupiter que lorsqu&rsquo;il aura chang&eacute; vos   deux t&eacute;tins blancs en deux noires bouteilles, o&ugrave; je t&eacute;terai du vin de   Beaune jour et nuit<\/em> (Hugo, <em>N.-D. Paris<\/em>, 1832, p. 413).<\/p>\n<p style=\"text-align:right\">[C&rsquo;est qu&rsquo;il savait vivre, avec &ccedil;a, le Victor.]<\/p>\n<div id=\"bandeson\">\n<p><img decoding=\"async\" src=\"https:\/\/www.wallendorff.com\/belogue\/photo\/pochettes\/b\/biffy_clyro-daytrotter_session.jpg\" align=\"left\" \/>&nbsp;<a href=\"http:\/\/www.biffyclyro.com\/\">Biffy Clyro<\/a> &ndash; <em>Mountains<\/em> (acoustic)<\/p>\n<\/p><\/div>\n","protected":false},"excerpt":{"rendered":"<p>Palais du Louvre, Paris, 22 juin. Mais bien s&ucirc;r que si que c&rsquo;est un mot, enfin&nbsp;: T&eacute;tin, subst. masc. a) Vx ou litt&eacute;r. Sein. Isabeau, ma mie, je ne serai content de Jupiter que lorsqu&rsquo;il aura chang&eacute; vos deux t&eacute;tins blancs en deux noires bouteilles, o&ugrave; je t&eacute;terai du vin de Beaune jour et nuit&hellip;<\/p>\n","protected":false},"author":1,"featured_media":25840,"comment_status":"open","ping_status":"open","sticky":false,"template":"","format":"standard","meta":{"_acf_changed":false,"ngg_post_thumbnail":0,"jetpack_post_was_ever_published":false,"_jetpack_newsletter_access":"","_jetpack_dont_email_post_to_subs":false,"_jetpack_newsletter_tier_id":0,"_jetpack_memberships_contains_paywalled_content":false,"_jetpack_memberships_contains_paid_content":false,"footnotes":"","jetpack_publicize_message":"","jetpack_publicize_feature_enabled":true,"jetpack_social_post_already_shared":false,"jetpack_social_options":{"image_generator_settings":{"template":"highway","default_image_id":0,"font":"","enabled":false},"version":2}},"categories":[3],"tags":[10182,10529,2571,2615,10120,10629,10121,782,10278,4018,10232,10147,11237,10098,10720],"class_list":["post-7885","post","type-post","status-publish","format-standard","has-post-thumbnail","hentry","category-dpc","tag-10182","tag-biffy-clyro","tag-ef-16-35-mm-f28l-ii-usm","tag-eos-5d-mark-ii","tag-france","tag-galerie","tag-ile-de-france","tag-jaune","tag-lampadaire","tag-mountains","tag-musee","tag-nuit","tag-palais-du-louvre","tag-paris","tag-porche"],"acf":[],"geo":{"latitude":48.860199,"longitude":2.3337629,"description":"Quai Fran\u00e7ois Mitterrand, 75001 Paris, France"},"jetpack_publicize_connections":[],"jetpack_featured_media_url":"https:\/\/www.wallendorff.com\/belogue\/wp-content\/uploads\/2015\/04\/201007221.jpg","jetpack_shortlink":"https:\/\/wp.me\/p3b35P-23b","jetpack_sharing_enabled":true,"jetpack-related-posts":[{"id":19650,"url":"https:\/\/www.wallendorff.com\/belogue\/2012\/11\/27\/biffy-clyro-triggerfinger-le-divan-du-monde-paris\/","url_meta":{"origin":7885,"position":0},"title":"Biffy Clyro + Triggerfinger @ le Divan du Monde, Paris.","author":"dpc","date":"27 novembre 2012","format":false,"excerpt":"Stingin' Belle | The Captain | 27 | Modern Magic Formula | Folding Stars | Victory Over the Sun | A Whole Child Ago | Strung to Your Ribcase | God & Satan | Who's Got a Match? | The Joke's on Us | Bubbles | Black Chandelier | Liberate\u2026","rel":"","context":"Dans &quot;Alive&quot;","block_context":{"text":"Alive","link":"https:\/\/www.wallendorff.com\/belogue\/category\/alive\/"},"img":{"alt_text":"","src":"https:\/\/i0.wp.com\/www.wallendorff.com\/belogue\/wp-content\/uploads\/2015\/04\/201211271.jpg?resize=350%2C200&ssl=1","width":350,"height":200,"srcset":"https:\/\/i0.wp.com\/www.wallendorff.com\/belogue\/wp-content\/uploads\/2015\/04\/201211271.jpg?resize=350%2C200&ssl=1 1x, https:\/\/i0.wp.com\/www.wallendorff.com\/belogue\/wp-content\/uploads\/2015\/04\/201211271.jpg?resize=525%2C300&ssl=1 1.5x, https:\/\/i0.wp.com\/www.wallendorff.com\/belogue\/wp-content\/uploads\/2015\/04\/201211271.jpg?resize=700%2C400&ssl=1 2x"},"classes":[]},{"id":33459,"url":"https:\/\/www.wallendorff.com\/belogue\/2017\/01\/31\/biffy-clyro-frank-carter-the-rattlesnakes-lolympia-paris\/","url_meta":{"origin":7885,"position":1},"title":"Biffy Clyro + Frank Carter &#038; the Rattlesnakes @ l&rsquo;Olympia, Paris.","author":"dpc","date":"31 janvier 2017","format":false,"excerpt":"Frank Carter & the Rattlesnakes Biffy Clyro","rel":"","context":"Dans &quot;Alive&quot;","block_context":{"text":"Alive","link":"https:\/\/www.wallendorff.com\/belogue\/category\/alive\/"},"img":{"alt_text":"","src":"https:\/\/i0.wp.com\/www.wallendorff.com\/belogue\/wp-content\/uploads\/2017\/01\/20170131-19-1.jpg?resize=350%2C200&ssl=1","width":350,"height":200,"srcset":"https:\/\/i0.wp.com\/www.wallendorff.com\/belogue\/wp-content\/uploads\/2017\/01\/20170131-19-1.jpg?resize=350%2C200&ssl=1 1x, https:\/\/i0.wp.com\/www.wallendorff.com\/belogue\/wp-content\/uploads\/2017\/01\/20170131-19-1.jpg?resize=525%2C300&ssl=1 1.5x, https:\/\/i0.wp.com\/www.wallendorff.com\/belogue\/wp-content\/uploads\/2017\/01\/20170131-19-1.jpg?resize=700%2C400&ssl=1 2x"},"classes":[]},{"id":40032,"url":"https:\/\/www.wallendorff.com\/belogue\/2018\/09\/26\/biffy-clyro-le-bataclan-paris-25-septembre-2018\/","url_meta":{"origin":7885,"position":2},"title":"Biffy Clyro @ le Bataclan, Paris, 25 septembre 2018.","author":"dpc","date":"26 septembre 2018","format":false,"excerpt":"","rel":"","context":"Dans &quot;Alive&quot;","block_context":{"text":"Alive","link":"https:\/\/www.wallendorff.com\/belogue\/category\/alive\/"},"img":{"alt_text":"","src":"https:\/\/i0.wp.com\/www.wallendorff.com\/belogue\/wp-content\/uploads\/2018\/09\/20180926-01.jpg?resize=350%2C200&ssl=1","width":350,"height":200,"srcset":"https:\/\/i0.wp.com\/www.wallendorff.com\/belogue\/wp-content\/uploads\/2018\/09\/20180926-01.jpg?resize=350%2C200&ssl=1 1x, https:\/\/i0.wp.com\/www.wallendorff.com\/belogue\/wp-content\/uploads\/2018\/09\/20180926-01.jpg?resize=525%2C300&ssl=1 1.5x, https:\/\/i0.wp.com\/www.wallendorff.com\/belogue\/wp-content\/uploads\/2018\/09\/20180926-01.jpg?resize=700%2C400&ssl=1 2x, https:\/\/i0.wp.com\/www.wallendorff.com\/belogue\/wp-content\/uploads\/2018\/09\/20180926-01.jpg?resize=1050%2C600&ssl=1 3x"},"classes":[]},{"id":6764,"url":"https:\/\/www.wallendorff.com\/belogue\/2010\/02\/10\/doutes-orties-et-defis-nient-yves\/","url_meta":{"origin":7885,"position":3},"title":"Doutes orties et d\u00e9fis nient Yves.","author":"dpc","date":"10 f\u00e9vrier 2010","format":false,"excerpt":"Th\u00e9\u00e2tre de l'Od\u00e9on, Paris, 3 janvier. C'est fou comme des fois dans la vie on peut mettre plein du temps pour revenir au m\u00eame endroit, quand m\u00eame. \u00a0My Vitriol \u2013 War of the Worlds","rel":"","context":"Dans &quot;DPC&quot;","block_context":{"text":"DPC","link":"https:\/\/www.wallendorff.com\/belogue\/category\/dpc\/"},"img":{"alt_text":"","src":"https:\/\/i0.wp.com\/www.wallendorff.com\/belogue\/wp-content\/uploads\/2015\/04\/201002101.jpg?resize=350%2C200&ssl=1","width":350,"height":200},"classes":[]},{"id":40548,"url":"https:\/\/www.wallendorff.com\/belogue\/2018\/11\/20\/langueurs-dondes\/","url_meta":{"origin":7885,"position":4},"title":"Langueurs d&rsquo;ondes.","author":"dpc","date":"20 novembre 2018","format":false,"excerpt":"Place de la Concorde, Paris, 2 septembre 2018. Mountains (acoustic) Biffy Clyro","rel":"","context":"Dans &quot;DPC&quot;","block_context":{"text":"DPC","link":"https:\/\/www.wallendorff.com\/belogue\/category\/dpc\/"},"img":{"alt_text":"","src":"https:\/\/i0.wp.com\/www.wallendorff.com\/belogue\/wp-content\/uploads\/2018\/11\/20181120.jpg?resize=350%2C200&ssl=1","width":350,"height":200,"srcset":"https:\/\/i0.wp.com\/www.wallendorff.com\/belogue\/wp-content\/uploads\/2018\/11\/20181120.jpg?resize=350%2C200&ssl=1 1x, https:\/\/i0.wp.com\/www.wallendorff.com\/belogue\/wp-content\/uploads\/2018\/11\/20181120.jpg?resize=525%2C300&ssl=1 1.5x, https:\/\/i0.wp.com\/www.wallendorff.com\/belogue\/wp-content\/uploads\/2018\/11\/20181120.jpg?resize=700%2C400&ssl=1 2x, https:\/\/i0.wp.com\/www.wallendorff.com\/belogue\/wp-content\/uploads\/2018\/11\/20181120.jpg?resize=1050%2C600&ssl=1 3x"},"classes":[]},{"id":5279,"url":"https:\/\/www.wallendorff.com\/belogue\/2009\/12\/11\/tchik\/","url_meta":{"origin":7885,"position":5},"title":"Tchik.","author":"dpc","date":"11 d\u00e9cembre 2009","format":false,"excerpt":"Ch\u00e2teau de F\u00e8re, F\u00e8re-en-Tardenois, 26 septembre. \u00a0Biffy Clyro \u2013 Booooom, Blast & Ruin \u00ab\u00a0Pourquoi Liam Gallagher ne se retourne-t-il jamais quand il marche dans la pr\u00e9fecture du Maine-et-Loire\u00a0? Parce que \u00e7a fait 15 ans qu'il entend son fr\u00e8re lui dire \u201cdon't look back in Angers\u201d.\u00a0\u00bb Ahah, ohoh, faut vraiment que\u2026","rel":"","context":"Dans &quot;DPC&quot;","block_context":{"text":"DPC","link":"https:\/\/www.wallendorff.com\/belogue\/category\/dpc\/"},"img":{"alt_text":"","src":"https:\/\/i0.wp.com\/www.wallendorff.com\/belogue\/wp-content\/uploads\/2015\/04\/200912111.jpg?resize=350%2C200&ssl=1","width":350,"height":200},"classes":[]}],"_links":{"self":[{"href":"https:\/\/www.wallendorff.com\/belogue\/wp-json\/wp\/v2\/posts\/7885","targetHints":{"allow":["GET"]}}],"collection":[{"href":"https:\/\/www.wallendorff.com\/belogue\/wp-json\/wp\/v2\/posts"}],"about":[{"href":"https:\/\/www.wallendorff.com\/belogue\/wp-json\/wp\/v2\/types\/post"}],"author":[{"embeddable":true,"href":"https:\/\/www.wallendorff.com\/belogue\/wp-json\/wp\/v2\/users\/1"}],"replies":[{"embeddable":true,"href":"https:\/\/www.wallendorff.com\/belogue\/wp-json\/wp\/v2\/comments?post=7885"}],"version-history":[{"count":1,"href":"https:\/\/www.wallendorff.com\/belogue\/wp-json\/wp\/v2\/posts\/7885\/revisions"}],"predecessor-version":[{"id":35934,"href":"https:\/\/www.wallendorff.com\/belogue\/wp-json\/wp\/v2\/posts\/7885\/revisions\/35934"}],"wp:featuredmedia":[{"embeddable":true,"href":"https:\/\/www.wallendorff.com\/belogue\/wp-json\/wp\/v2\/media\/25840"}],"wp:attachment":[{"href":"https:\/\/www.wallendorff.com\/belogue\/wp-json\/wp\/v2\/media?parent=7885"}],"wp:term":[{"taxonomy":"category","embeddable":true,"href":"https:\/\/www.wallendorff.com\/belogue\/wp-json\/wp\/v2\/categories?post=7885"},{"taxonomy":"post_tag","embeddable":true,"href":"https:\/\/www.wallendorff.com\/belogue\/wp-json\/wp\/v2\/tags?post=7885"}],"curies":[{"name":"wp","href":"https:\/\/api.w.org\/{rel}","templated":true}]}}