{"id":7852,"date":"2010-07-15T10:34:23","date_gmt":"2010-07-15T08:34:23","guid":{"rendered":"http:\/\/www.po-l.com\/belogue\/?p=7852"},"modified":"2012-05-16T10:02:22","modified_gmt":"2012-05-16T08:02:22","slug":"sunny-and-chair","status":"publish","type":"post","link":"https:\/\/www.wallendorff.com\/belogue\/2010\/07\/15\/sunny-and-chair\/","title":{"rendered":"Sunny and chair."},"content":{"rendered":"\n<div id=\"photo\">\n<p><img decoding=\"async\" src=\"https:\/\/www.wallendorff.com\/belogue\/photo\/2010\/07\/20100715.jpg\" \/><br \/>\nLe D&eacute;nicheur, Paris, 20 juin.<\/p>\n<\/p><\/div>\n<p style=\"text-align:right\">Oui un peu facile, oui.<\/p>\n<div id=\"bandeson\">\n<p><img decoding=\"async\" src=\"https:\/\/www.wallendorff.com\/belogue\/photo\/pochettes\/f\/frightened_rabbit-the_winter_of_mixed_drinks.jpg\" align=\"left\" \/>&nbsp;<a href=\"http:\/\/www.frightenedrabbit.com\/\">Frightened Rabbit<\/a> &ndash; <em>The Loneliness and the Scream<\/em><\/p>\n<\/p><\/div>\n","protected":false},"excerpt":{"rendered":"<p>Le D&eacute;nicheur, Paris, 20 juin. Oui un peu facile, oui. &nbsp;Frightened Rabbit &ndash; The Loneliness and the Scream<\/p>\n","protected":false},"author":1,"featured_media":25836,"comment_status":"open","ping_status":"open","sticky":false,"template":"","format":"standard","meta":{"_acf_changed":false,"ngg_post_thumbnail":0,"jetpack_post_was_ever_published":false,"_jetpack_newsletter_access":"","_jetpack_dont_email_post_to_subs":false,"_jetpack_newsletter_tier_id":0,"_jetpack_memberships_contains_paywalled_content":false,"_jetpack_memberships_contains_paid_content":false,"footnotes":"","jetpack_publicize_message":"","jetpack_publicize_feature_enabled":true,"jetpack_social_post_already_shared":false,"jetpack_social_options":{"image_generator_settings":{"template":"highway","default_image_id":0,"font":"","enabled":false},"version":2}},"categories":[3],"tags":[10251,1438,2615,10240,10120,10709,10121,2278,10098,10540,4008],"class_list":["post-7852","post","type-post","status-publish","format-standard","has-post-thumbnail","hentry","category-dpc","tag-10251","tag-ef-50-mm-f14-usm","tag-eos-5d-mark-ii","tag-chaises","tag-france","tag-frightened-rabbit","tag-ile-de-france","tag-le-denicheur","tag-paris","tag-restaurant","tag-the-loneliness-and-the-scream"],"acf":[],"geo":{"latitude":48.8644676,"longitude":2.3496931,"description":"6 Rue Tiquetonne, 75002 Paris, France"},"jetpack_publicize_connections":[],"jetpack_featured_media_url":"https:\/\/www.wallendorff.com\/belogue\/wp-content\/uploads\/2015\/04\/201007151.jpg","jetpack_shortlink":"https:\/\/wp.me\/p3b35P-22E","jetpack_sharing_enabled":true,"jetpack-related-posts":[{"id":129839,"url":"https:\/\/www.wallendorff.com\/belogue\/2024\/08\/05\/a-paris-a-velo-on-passe-devant-le-mcdo\/","url_meta":{"origin":7852,"position":0},"title":"\u00c0 Paris, \u00e0 v\u00e9lo [on passe devant le McDo].","author":"dpc","date":"5 ao\u00fbt 2024","format":false,"excerpt":"Bien :Je n'avais jamais chout\u00e9 de course v\u00e9locip\u00e9dique. C'\u00e9tait int\u00e9ressant \u00e0 faire.Maintenant je pourrai raconter \u00e0 tout le monde que oui oui j'ai d\u00e9j\u00e0 fait des photos aux jeux olympiques.Pas bien :J'aurais d\u00fb prendre un t\u00e9l\u00e9objectif car il y a bien des choses vues que je n'ai pu attraper.","rel":"","context":"Dans &quot;DPC&quot;","block_context":{"text":"DPC","link":"https:\/\/www.wallendorff.com\/belogue\/category\/dpc\/"},"img":{"alt_text":"","src":"https:\/\/i0.wp.com\/www.wallendorff.com\/belogue\/wp-content\/uploads\/2024\/08\/20240805-05.jpg?resize=350%2C200&ssl=1","width":350,"height":200,"srcset":"https:\/\/i0.wp.com\/www.wallendorff.com\/belogue\/wp-content\/uploads\/2024\/08\/20240805-05.jpg?resize=350%2C200&ssl=1 1x, https:\/\/i0.wp.com\/www.wallendorff.com\/belogue\/wp-content\/uploads\/2024\/08\/20240805-05.jpg?resize=525%2C300&ssl=1 1.5x, https:\/\/i0.wp.com\/www.wallendorff.com\/belogue\/wp-content\/uploads\/2024\/08\/20240805-05.jpg?resize=700%2C400&ssl=1 2x, https:\/\/i0.wp.com\/www.wallendorff.com\/belogue\/wp-content\/uploads\/2024\/08\/20240805-05.jpg?resize=1050%2C600&ssl=1 3x"},"classes":[]},{"id":7381,"url":"https:\/\/www.wallendorff.com\/belogue\/2010\/04\/14\/frightened-rabbit-candy-clash-la-fleche-dor-paris\/","url_meta":{"origin":7852,"position":1},"title":"Frightened Rabbit + Candy Clash @ la Fl\u00e8che d&rsquo;Or, Paris.","author":"dpc","date":"14 avril 2010","format":false,"excerpt":"[Va falloir que je pense s\u00e9rieusement \u00e0 arr\u00eater la Fl\u00e8che d'Or et ses lumi\u00e8res moisies.] Candy Clash n'\u00e9volue pas vraiment dans ma ligue, mais plut\u00f4t dans ce genre musical o\u00f9 le chanteur finit invariablement pendu dans sa cuisine avec une corde \u00e0 linge1 la veille de son d\u00e9part en tourn\u00e9e\u2026","rel":"","context":"Dans &quot;Alive&quot;","block_context":{"text":"Alive","link":"https:\/\/www.wallendorff.com\/belogue\/category\/alive\/"},"img":{"alt_text":"","src":"https:\/\/i0.wp.com\/www.wallendorff.com\/belogue\/wp-content\/uploads\/2015\/04\/201004141.jpg?resize=350%2C200&ssl=1","width":350,"height":200,"srcset":"https:\/\/i0.wp.com\/www.wallendorff.com\/belogue\/wp-content\/uploads\/2015\/04\/201004141.jpg?resize=350%2C200&ssl=1 1x, https:\/\/i0.wp.com\/www.wallendorff.com\/belogue\/wp-content\/uploads\/2015\/04\/201004141.jpg?resize=525%2C300&ssl=1 1.5x, https:\/\/i0.wp.com\/www.wallendorff.com\/belogue\/wp-content\/uploads\/2015\/04\/201004141.jpg?resize=700%2C400&ssl=1 2x"},"classes":[]},{"id":7538,"url":"https:\/\/www.wallendorff.com\/belogue\/2010\/05\/14\/just-dont-have-the-proper-tools\/","url_meta":{"origin":7852,"position":2},"title":"Just don&rsquo;t have the proper tools.","author":"dpc","date":"14 mai 2010","format":false,"excerpt":"Rue de Turenne, Paris, 10 avril. \u00a0Frightened Rabbit \u2013 My Backwards Walk","rel":"","context":"Dans &quot;DPC&quot;","block_context":{"text":"DPC","link":"https:\/\/www.wallendorff.com\/belogue\/category\/dpc\/"},"img":{"alt_text":"","src":"https:\/\/i0.wp.com\/www.wallendorff.com\/belogue\/wp-content\/uploads\/2015\/04\/201005141.jpg?resize=350%2C200&ssl=1","width":350,"height":200},"classes":[]},{"id":20501,"url":"https:\/\/www.wallendorff.com\/belogue\/2013\/02\/22\/chiot-devant\/","url_meta":{"origin":7852,"position":3},"title":"Chiot devant.","author":"dpc","date":"22 f\u00e9vrier 2013","format":false,"excerpt":"Place des Abbesses, Paris, 13 janvier. The WoodpileFrightened Rabbit","rel":"","context":"Dans &quot;Shooting doggies&quot;","block_context":{"text":"Shooting doggies","link":"https:\/\/www.wallendorff.com\/belogue\/category\/shooting-doggies\/"},"img":{"alt_text":"","src":"https:\/\/i0.wp.com\/www.wallendorff.com\/belogue\/wp-content\/uploads\/2015\/04\/20130222.jpg?resize=350%2C200&ssl=1","width":350,"height":200,"srcset":"https:\/\/i0.wp.com\/www.wallendorff.com\/belogue\/wp-content\/uploads\/2015\/04\/20130222.jpg?resize=350%2C200&ssl=1 1x, https:\/\/i0.wp.com\/www.wallendorff.com\/belogue\/wp-content\/uploads\/2015\/04\/20130222.jpg?resize=525%2C300&ssl=1 1.5x"},"classes":[]},{"id":18663,"url":"https:\/\/www.wallendorff.com\/belogue\/2012\/08\/16\/dans-la-bibliotheque-avec-le-chandelier\/","url_meta":{"origin":7852,"position":4},"title":"Dans la biblioth\u00e8que [avec le chandelier].","author":"dpc","date":"16 ao\u00fbt 2012","format":false,"excerpt":"Shakespeare & Co., Paris, 7 juin. Frightened Rabbit \u2013 Not Miserable","rel":"","context":"Dans &quot;DPC&quot;","block_context":{"text":"DPC","link":"https:\/\/www.wallendorff.com\/belogue\/category\/dpc\/"},"img":{"alt_text":"","src":"https:\/\/i0.wp.com\/www.wallendorff.com\/belogue\/wp-content\/uploads\/2015\/04\/201208161.jpg?resize=350%2C200&ssl=1","width":350,"height":200,"srcset":"https:\/\/i0.wp.com\/www.wallendorff.com\/belogue\/wp-content\/uploads\/2015\/04\/201208161.jpg?resize=350%2C200&ssl=1 1x, https:\/\/i0.wp.com\/www.wallendorff.com\/belogue\/wp-content\/uploads\/2015\/04\/201208161.jpg?resize=525%2C300&ssl=1 1.5x, https:\/\/i0.wp.com\/www.wallendorff.com\/belogue\/wp-content\/uploads\/2015\/04\/201208161.jpg?resize=700%2C400&ssl=1 2x"},"classes":[]},{"id":7312,"url":"https:\/\/www.wallendorff.com\/belogue\/2010\/03\/26\/kant-aux-nems-on-ne-conte-pas\/","url_meta":{"origin":7852,"position":5},"title":"Kant aux nems on ne conte pas.","author":"dpc","date":"26 mars 2010","format":false,"excerpt":"Rue du Docteur Potain, Paris, 6 mars. C'est effectivement un gros plan sur la porte de l'immeuble d'hier. Vous pouvez hurler au scandale. \u00a0Frightened Rabbit \u2013 Swim Until You Can't See Land","rel":"","context":"Dans &quot;DPC&quot;","block_context":{"text":"DPC","link":"https:\/\/www.wallendorff.com\/belogue\/category\/dpc\/"},"img":{"alt_text":"","src":"https:\/\/i0.wp.com\/www.wallendorff.com\/belogue\/wp-content\/uploads\/2015\/04\/201003261.jpg?resize=350%2C200&ssl=1","width":350,"height":200},"classes":[]}],"_links":{"self":[{"href":"https:\/\/www.wallendorff.com\/belogue\/wp-json\/wp\/v2\/posts\/7852","targetHints":{"allow":["GET"]}}],"collection":[{"href":"https:\/\/www.wallendorff.com\/belogue\/wp-json\/wp\/v2\/posts"}],"about":[{"href":"https:\/\/www.wallendorff.com\/belogue\/wp-json\/wp\/v2\/types\/post"}],"author":[{"embeddable":true,"href":"https:\/\/www.wallendorff.com\/belogue\/wp-json\/wp\/v2\/users\/1"}],"replies":[{"embeddable":true,"href":"https:\/\/www.wallendorff.com\/belogue\/wp-json\/wp\/v2\/comments?post=7852"}],"version-history":[{"count":1,"href":"https:\/\/www.wallendorff.com\/belogue\/wp-json\/wp\/v2\/posts\/7852\/revisions"}],"predecessor-version":[{"id":17329,"href":"https:\/\/www.wallendorff.com\/belogue\/wp-json\/wp\/v2\/posts\/7852\/revisions\/17329"}],"wp:featuredmedia":[{"embeddable":true,"href":"https:\/\/www.wallendorff.com\/belogue\/wp-json\/wp\/v2\/media\/25836"}],"wp:attachment":[{"href":"https:\/\/www.wallendorff.com\/belogue\/wp-json\/wp\/v2\/media?parent=7852"}],"wp:term":[{"taxonomy":"category","embeddable":true,"href":"https:\/\/www.wallendorff.com\/belogue\/wp-json\/wp\/v2\/categories?post=7852"},{"taxonomy":"post_tag","embeddable":true,"href":"https:\/\/www.wallendorff.com\/belogue\/wp-json\/wp\/v2\/tags?post=7852"}],"curies":[{"name":"wp","href":"https:\/\/api.w.org\/{rel}","templated":true}]}}