{"id":785,"date":"2006-09-13T11:24:17","date_gmt":"2006-09-13T11:24:17","guid":{"rendered":"http:\/\/www.po-l.com\/wordpress\/?p=785"},"modified":"2012-06-13T09:49:48","modified_gmt":"2012-06-13T07:49:48","slug":"train-t-es-en-so-assure-t-on","status":"publish","type":"post","link":"https:\/\/www.wallendorff.com\/belogue\/2006\/09\/13\/train-t-es-en-so-assure-t-on\/","title":{"rendered":"Train t&rsquo;es en [so assure-t-on]."},"content":{"rendered":"\n<div id=\"photo\">\n<p><img decoding=\"async\" src=\"http:\/\/www.po-L.com\/belogue\/photo\/2006\/09\/20060913.jpg\" \/><br \/>\n          Gare SNCF, Metz, 10 septembre.<\/p>\n<\/div>\n<p style=\"text-align:right\">Je ne vous ai pas parl&eacute; de Beno&icirc;t.<\/p>\n<p style=\"text-align:right\">Bonjour. Il s&rsquo;appelle Beno&icirc;t, il a 34 ans, il porte des chandails &agrave; col roul&eacute; et il est informaticien (ouuuuuuuuuuuuh<sup>1<\/sup>).<\/p>\n<p style=\"text-align:right\">Beno&icirc;t<sup>2<\/sup>, il a cr&eacute;&eacute; <a href=\"http:\/\/www.declencheur.com\">d&eacute;clencheur.com<\/a>, un podcast qu&rsquo;il est belge et qu&rsquo;il est bien pour parler photo, parce que Beno&icirc;t est funky<sup>3<\/sup> et qu&rsquo;il explique &ccedil;a de mani&egrave;re claire et simple sur un fond de musique pleine de go&ucirc;t et d&rsquo;accent chantant de <strike>&nbsp;mon&nbsp;<\/strike> ce cher pays d&rsquo;outre-Qui&eacute;vrain. Un podcast que je vous conseille si vous avez envie de podcaster malin<sup>4<\/sup> et que vous n&rsquo;avez jamais entendu parler d&rsquo;ouverture deux point hou&iuml;te.<\/p>\n<p style=\"text-align:right\">Voil&agrave;. &Agrave; part &ccedil;a, rien.<\/p>\n<div id=\"bandeson\">\n<p><img decoding=\"async\" src=\"https:\/\/www.wallendorff.com\/belogue\/photo\/pochettes\/m\/miro-la_voix_du_vaurien.jpg\" align=\"left\" \/>&nbsp;<a href=\"http:\/\/www.miromaispasourd.com\/\">Miro<\/a>&nbsp;&#8213; <em>Billy le funkyman<\/em><\/p>\n<\/p><\/div>\n<div id=\"bas_note\">\n<p>_____<\/p>\n<p><sup>1<\/sup> Oui, mais il est funky (ouaiiiiiiiis).<\/p>\n<p><sup>2<\/sup> Ouuuuuuuh.<\/p>\n<p><sup>3<\/sup> Ouaiiiiiiiis.<\/p>\n<p><sup>4<\/sup> &Ccedil;a fait tr&egrave;s ligne de b\u00f4se de pube de supermarch&eacute; des ann&eacute;es nonante, comme formule, dites donc. <\/p>\n<\/p><\/div>\n","protected":false},"excerpt":{"rendered":"<p>Gare SNCF, Metz, 10 septembre. Je ne vous ai pas parl&eacute; de Beno&icirc;t. Bonjour. Il s&rsquo;appelle Beno&icirc;t, il a 34 ans, il porte des chandails &agrave; col roul&eacute; et il est informaticien (ouuuuuuuuuuuuh1). Beno&icirc;t2, il a cr&eacute;&eacute; d&eacute;clencheur.com, un podcast qu&rsquo;il est belge et qu&rsquo;il est bien pour parler photo, parce que Beno&icirc;t est funky3&hellip;<\/p>\n","protected":false},"author":1,"featured_media":24725,"comment_status":"open","ping_status":"open","sticky":false,"template":"","format":"standard","meta":{"_acf_changed":false,"ngg_post_thumbnail":0,"jetpack_post_was_ever_published":false,"_jetpack_newsletter_access":"","_jetpack_dont_email_post_to_subs":false,"_jetpack_newsletter_tier_id":0,"_jetpack_memberships_contains_paywalled_content":false,"_jetpack_memberships_contains_paid_content":false,"footnotes":"","jetpack_publicize_message":"","jetpack_publicize_feature_enabled":true,"jetpack_social_post_already_shared":false,"jetpack_social_options":{"image_generator_settings":{"template":"highway","default_image_id":0,"font":"","enabled":false},"version":2}},"categories":[3],"tags":[1755,132,1243,10120,10247,10248,10175,10173,1754,10174,143,173],"class_list":["post-785","post","type-post","status-publish","format-standard","has-post-thumbnail","hentry","category-dpc","tag-billy-le-funkyman","tag-eos-20d","tag-carre","tag-france","tag-gare","tag-gare-de-metz-ville","tag-lorraine","tag-metz","tag-miro","tag-moselle","tag-noir-et-blanc","tag-sigma-28-70-mm-f28-dg-ex"],"acf":[],"geo":{"latitude":49.1085281,"longitude":6.1757274,"description":null},"jetpack_publicize_connections":[],"jetpack_featured_media_url":"https:\/\/www.wallendorff.com\/belogue\/wp-content\/uploads\/2015\/04\/200609131.jpg","jetpack_shortlink":"https:\/\/wp.me\/p3b35P-cF","jetpack_sharing_enabled":true,"jetpack-related-posts":[{"id":4172,"url":"https:\/\/www.wallendorff.com\/belogue\/2009\/04\/24\/mil777\/","url_meta":{"origin":785,"position":0},"title":"1777.","author":"dpc","date":"24 avril 2009","format":false,"excerpt":"Jardins du Palais de Justice, Metz, 20 mars. Zou, parti. En guise de bande-son et en attendant la prochaine note, qui pourrait mettre le temps \u00e0 venir, je vous laisse profiter du trop top d\u00e9jy set qu'Ama-L m'a gentiment invit\u00e9 \u00e0 faire. Il est l\u00e0, et j'esp\u00e8re qu'il vous plaira.\u2026","rel":"","context":"Dans &quot;DPC&quot;","block_context":{"text":"DPC","link":"https:\/\/www.wallendorff.com\/belogue\/category\/dpc\/"},"img":{"alt_text":"","src":"https:\/\/i0.wp.com\/www.wallendorff.com\/belogue\/wp-content\/uploads\/2015\/04\/200904241.jpg?resize=350%2C200&ssl=1","width":350,"height":200},"classes":[]},{"id":339,"url":"https:\/\/www.wallendorff.com\/belogue\/2005\/06\/20\/previously-unreleased-19\/","url_meta":{"origin":785,"position":1},"title":"Previously unreleased #19.","author":"dpc","date":"20 juin 2005","format":false,"excerpt":"Arcade Fire, \u00c9lys\u00e9e-Montmartre, Paris, 16 mai. Je n'ai plus Internet \u00e0 la baraque depuis samedi. En cons\u00e9quence, je ne peux pas charger de photo. C'est con. Enfin dans mon malheur, je peux en profiter pour faire de la pub pour le nouveau projet de ces yeux-ci.\u00a0Il est joli, plein de\u2026","rel":"","context":"Dans &quot;Previously unreleased&quot;","block_context":{"text":"Previously unreleased","link":"https:\/\/www.wallendorff.com\/belogue\/category\/previously-unreleased\/"},"img":{"alt_text":"","src":"https:\/\/i0.wp.com\/www.wallendorff.com\/belogue\/wp-content\/uploads\/2015\/04\/200506201.jpg?resize=350%2C200&ssl=1","width":350,"height":200,"srcset":"https:\/\/i0.wp.com\/www.wallendorff.com\/belogue\/wp-content\/uploads\/2015\/04\/200506201.jpg?resize=350%2C200&ssl=1 1x, https:\/\/i0.wp.com\/www.wallendorff.com\/belogue\/wp-content\/uploads\/2015\/04\/200506201.jpg?resize=525%2C300&ssl=1 1.5x, https:\/\/i0.wp.com\/www.wallendorff.com\/belogue\/wp-content\/uploads\/2015\/04\/200506201.jpg?resize=700%2C400&ssl=1 2x"},"classes":[]},{"id":22948,"url":"https:\/\/www.wallendorff.com\/belogue\/2014\/06\/12\/dix-ans\/","url_meta":{"origin":785,"position":2},"title":"Dix ans.","author":"dpc","date":"12 juin 2014","format":false,"excerpt":"Il y a dix ans, les Pistons de D\u00e9troit \u00e9taient en finale NBA. Il y a neuf ans, les Pistons de D\u00e9troit \u00e9taient encore en finale NBA. Il y a huit ans, les Pistons de D\u00e9troit \u00e9taient en vacances apr\u00e8s s'\u00eatre fait vider comme des nases en sept manches de\u2026","rel":"","context":"Dans &quot;DPC&quot;","block_context":{"text":"DPC","link":"https:\/\/www.wallendorff.com\/belogue\/category\/dpc\/"},"img":{"alt_text":"","src":"https:\/\/i0.wp.com\/www.wallendorff.com\/belogue\/wp-content\/uploads\/2015\/04\/200901013.jpg?resize=350%2C200&ssl=1","width":350,"height":200,"srcset":"https:\/\/i0.wp.com\/www.wallendorff.com\/belogue\/wp-content\/uploads\/2015\/04\/200901013.jpg?resize=350%2C200&ssl=1 1x, https:\/\/i0.wp.com\/www.wallendorff.com\/belogue\/wp-content\/uploads\/2015\/04\/200901013.jpg?resize=525%2C300&ssl=1 1.5x"},"classes":[]},{"id":929,"url":"https:\/\/www.wallendorff.com\/belogue\/2007\/04\/06\/space-mot-keys-7\/","url_meta":{"origin":785,"position":3},"title":"Space mot-keys #7.","author":"dpc","date":"6 avril 2007","format":false,"excerpt":"ize proude tou pr\u00e9sente Le choc \u00a0 28 \u00a0\u00a0\u00a0\u00a07 Damien Rice met sa mis\u00e8re grave de vilain \u00e0 Arcade Fire, un truc auquel les Inrocks ne se seraient pas attendus. Ce qui est rigolo, c'est que cette domination se retrouve \u00e9galement dans l'int\u00e9r\u00eat suscit\u00e9 par les drames qui accablent actuellement\u2026","rel":"","context":"Dans &quot;Space mots-keys&quot;","block_context":{"text":"Space mots-keys","link":"https:\/\/www.wallendorff.com\/belogue\/category\/space-mots-keys\/"},"img":{"alt_text":"","src":"","width":0,"height":0},"classes":[]},{"id":430,"url":"https:\/\/www.wallendorff.com\/belogue\/2005\/03\/25\/banc-quai\/","url_meta":{"origin":785,"position":4},"title":"Banc-quai.","author":"dpc","date":"25 mars 2005","format":false,"excerpt":"Gare de Metz-Ville, 20 mars. \"Il en va de l'Amour comme du temps, Parfois la bise annonce le vent.\" [Je l'ai trouv\u00e9e dans le train, j'\u00e9tais content de moi] [Je sais, je sais, y avait pas de quoi.] \u00a0PJ Harvey \u2013 Pocket Knife","rel":"","context":"Dans &quot;DPC&quot;","block_context":{"text":"DPC","link":"https:\/\/www.wallendorff.com\/belogue\/category\/dpc\/"},"img":{"alt_text":"","src":"https:\/\/i0.wp.com\/www.wallendorff.com\/belogue\/wp-content\/uploads\/2015\/04\/20050325-011.jpg?resize=350%2C200&ssl=1","width":350,"height":200},"classes":[]},{"id":783,"url":"https:\/\/www.wallendorff.com\/belogue\/2006\/09\/08\/ben-kweller-la-fleche-d-or-paris\/","url_meta":{"origin":785,"position":5},"title":"Ben Kweller @ la Fl\u00e8che d&rsquo;Or, Paris.","author":"dpc","date":"8 septembre 2006","format":false,"excerpt":"Ben, c'est un gars sympa et sa coupe de cheveux est coule. Et sa veste en jean, aussi. Quand il d\u00e9barque, Ben, qu'il dit bonjour Paris avec sa voix qu'on dirait un peu celle de Garth et son visage poupin, Ben, on l'aime. Il est tout seul sur sc\u00e8ne, Ben.\u2026","rel":"","context":"Dans &quot;Alive&quot;","block_context":{"text":"Alive","link":"https:\/\/www.wallendorff.com\/belogue\/category\/alive\/"},"img":{"alt_text":"","src":"https:\/\/i0.wp.com\/www.wallendorff.com\/belogue\/wp-content\/uploads\/2015\/04\/200609081.jpg?resize=350%2C200&ssl=1","width":350,"height":200,"srcset":"https:\/\/i0.wp.com\/www.wallendorff.com\/belogue\/wp-content\/uploads\/2015\/04\/200609081.jpg?resize=350%2C200&ssl=1 1x, https:\/\/i0.wp.com\/www.wallendorff.com\/belogue\/wp-content\/uploads\/2015\/04\/200609081.jpg?resize=525%2C300&ssl=1 1.5x, https:\/\/i0.wp.com\/www.wallendorff.com\/belogue\/wp-content\/uploads\/2015\/04\/200609081.jpg?resize=700%2C400&ssl=1 2x"},"classes":[]}],"_links":{"self":[{"href":"https:\/\/www.wallendorff.com\/belogue\/wp-json\/wp\/v2\/posts\/785","targetHints":{"allow":["GET"]}}],"collection":[{"href":"https:\/\/www.wallendorff.com\/belogue\/wp-json\/wp\/v2\/posts"}],"about":[{"href":"https:\/\/www.wallendorff.com\/belogue\/wp-json\/wp\/v2\/types\/post"}],"author":[{"embeddable":true,"href":"https:\/\/www.wallendorff.com\/belogue\/wp-json\/wp\/v2\/users\/1"}],"replies":[{"embeddable":true,"href":"https:\/\/www.wallendorff.com\/belogue\/wp-json\/wp\/v2\/comments?post=785"}],"version-history":[{"count":1,"href":"https:\/\/www.wallendorff.com\/belogue\/wp-json\/wp\/v2\/posts\/785\/revisions"}],"predecessor-version":[{"id":17713,"href":"https:\/\/www.wallendorff.com\/belogue\/wp-json\/wp\/v2\/posts\/785\/revisions\/17713"}],"wp:featuredmedia":[{"embeddable":true,"href":"https:\/\/www.wallendorff.com\/belogue\/wp-json\/wp\/v2\/media\/24725"}],"wp:attachment":[{"href":"https:\/\/www.wallendorff.com\/belogue\/wp-json\/wp\/v2\/media?parent=785"}],"wp:term":[{"taxonomy":"category","embeddable":true,"href":"https:\/\/www.wallendorff.com\/belogue\/wp-json\/wp\/v2\/categories?post=785"},{"taxonomy":"post_tag","embeddable":true,"href":"https:\/\/www.wallendorff.com\/belogue\/wp-json\/wp\/v2\/tags?post=785"}],"curies":[{"name":"wp","href":"https:\/\/api.w.org\/{rel}","templated":true}]}}