{"id":7848,"date":"2010-07-14T12:19:50","date_gmt":"2010-07-14T10:19:50","guid":{"rendered":"http:\/\/www.po-l.com\/belogue\/?p=7848"},"modified":"2012-05-15T09:41:31","modified_gmt":"2012-05-15T07:41:31","slug":"quaux-moeurs-ecrites-table","status":"publish","type":"post","link":"https:\/\/www.wallendorff.com\/belogue\/2010\/07\/14\/quaux-moeurs-ecrites-table\/","title":{"rendered":"Qu&rsquo;aux m\u0153urs \u00e9crites, table."},"content":{"rendered":"\n<div id=\"photo\">\n<p><img decoding=\"async\" src=\"https:\/\/www.wallendorff.com\/belogue\/photo\/2010\/07\/20100714.jpg\" \/><br \/>\nShakespeare &amp; Co., Paris, 6 juin.<\/p>\n<\/p><\/div>\n<p style=\"text-align:right\">What is and what <a href=\"https:\/\/www.wallendorff.com\/belogue\/2005\/09\/13\/serre-a-fins-lampions\/\">used to be<\/a>.<\/p>\n<div id=\"bandeson\">\n<p><img decoding=\"async\" src=\"https:\/\/www.wallendorff.com\/belogue\/photo\/pochettes\/h\/harvey_pj-white_chalk.jpg\" align=\"left\" \/>&nbsp;<a href=\"http:\/\/www.pjharvey.net\">PJ Harvey<\/a> &ndash; <em>When Under Ether<\/em><\/p>\n<\/p><\/div>\n","protected":false},"excerpt":{"rendered":"<p>Shakespeare &amp; Co., Paris, 6 juin. What is and what used to be. &nbsp;PJ Harvey &ndash; When Under Ether<\/p>\n","protected":false},"author":1,"featured_media":25834,"comment_status":"open","ping_status":"open","sticky":false,"template":"","format":"standard","meta":{"_acf_changed":false,"ngg_post_thumbnail":0,"jetpack_post_was_ever_published":false,"_jetpack_newsletter_access":"","_jetpack_dont_email_post_to_subs":false,"_jetpack_newsletter_tier_id":0,"_jetpack_memberships_contains_paywalled_content":false,"_jetpack_memberships_contains_paid_content":false,"footnotes":"","jetpack_publicize_message":"","jetpack_publicize_feature_enabled":true,"jetpack_social_post_already_shared":false,"jetpack_social_options":{"image_generator_settings":{"template":"highway","default_image_id":0,"font":"","enabled":false},"version":2}},"categories":[3],"tags":[10239,2571,2615,10120,10121,782,10706,10323,3593,4005,10098,10180,1150,2107,4568],"class_list":["post-7848","post","type-post","status-publish","format-standard","has-post-thumbnail","hentry","category-dpc","tag-10239","tag-ef-16-35-mm-f28l-ii-usm","tag-eos-5d-mark-ii","tag-france","tag-ile-de-france","tag-jaune","tag-librairie","tag-livres","tag-machine-a-ecrire","tag-papier","tag-paris","tag-pj-harvey","tag-vieux","tag-when-under-ether","tag-white-chalk-album"],"acf":[],"geo":{"latitude":48.8526115,"longitude":2.3469274,"description":"35-45 Rue de la B\u00fbcherie, 75005 Paris, France"},"jetpack_publicize_connections":[],"jetpack_featured_media_url":"https:\/\/www.wallendorff.com\/belogue\/wp-content\/uploads\/2015\/04\/201007141.jpg","jetpack_shortlink":"https:\/\/wp.me\/p3b35P-22A","jetpack_sharing_enabled":true,"jetpack-related-posts":[{"id":4055,"url":"https:\/\/www.wallendorff.com\/belogue\/2009\/03\/23\/douche-et-quaux-chaises\/","url_meta":{"origin":7848,"position":0},"title":"D&rsquo;ouche et qu&rsquo;aux chaises.","author":"dpc","date":"23 mars 2009","format":false,"excerpt":"Mus\u00e9e de la Vie romantique, Paris, 14 f\u00e9vrier. On va pas attaquer trop violemment non plus, hein. PJ Harvey \u2013 No Child of Mine","rel":"","context":"Dans &quot;DPC&quot;","block_context":{"text":"DPC","link":"https:\/\/www.wallendorff.com\/belogue\/category\/dpc\/"},"img":{"alt_text":"","src":"https:\/\/i0.wp.com\/www.wallendorff.com\/belogue\/wp-content\/uploads\/2015\/04\/200903231.jpg?resize=350%2C200&ssl=1","width":350,"height":200},"classes":[]},{"id":5250,"url":"https:\/\/www.wallendorff.com\/belogue\/2009\/12\/07\/armoires-et-blanc\/","url_meta":{"origin":7848,"position":1},"title":"Armoires [et blanc].","author":"dpc","date":"7 d\u00e9cembre 2009","format":false,"excerpt":"Chapelle expiatoire, Paris, 20 septembre. \u00a0PJ Harvey \u2013 Send His Love to Me","rel":"","context":"Dans &quot;DPC&quot;","block_context":{"text":"DPC","link":"https:\/\/www.wallendorff.com\/belogue\/category\/dpc\/"},"img":{"alt_text":"","src":"https:\/\/i0.wp.com\/www.wallendorff.com\/belogue\/wp-content\/uploads\/2015\/04\/200912071.jpg?resize=350%2C200&ssl=1","width":350,"height":200},"classes":[]},{"id":7490,"url":"https:\/\/www.wallendorff.com\/belogue\/2010\/05\/03\/w19602010\/","url_meta":{"origin":7848,"position":2},"title":"1960-2010","author":"dpc","date":"3 mai 2010","format":false,"excerpt":"1er mai. \u00a0PJ Harvey \u2013 The End","rel":"","context":"Dans &quot;DPC&quot;","block_context":{"text":"DPC","link":"https:\/\/www.wallendorff.com\/belogue\/category\/dpc\/"},"img":{"alt_text":"","src":"https:\/\/i0.wp.com\/www.wallendorff.com\/belogue\/wp-content\/uploads\/2015\/04\/201005031.jpg?resize=350%2C200&ssl=1","width":350,"height":200,"srcset":"https:\/\/i0.wp.com\/www.wallendorff.com\/belogue\/wp-content\/uploads\/2015\/04\/201005031.jpg?resize=350%2C200&ssl=1 1x, https:\/\/i0.wp.com\/www.wallendorff.com\/belogue\/wp-content\/uploads\/2015\/04\/201005031.jpg?resize=525%2C300&ssl=1 1.5x"},"classes":[]},{"id":17403,"url":"https:\/\/www.wallendorff.com\/belogue\/2012\/05\/22\/down-to-dusk\/","url_meta":{"origin":7848,"position":3},"title":"Down to dusk.","author":"dpc","date":"22 mai 2012","format":false,"excerpt":"Rue de la Bonne, Paris, 6 avril. A Place Called HomePJ Harvey","rel":"","context":"Dans &quot;DPC&quot;","block_context":{"text":"DPC","link":"https:\/\/www.wallendorff.com\/belogue\/category\/dpc\/"},"img":{"alt_text":"","src":"https:\/\/i0.wp.com\/www.wallendorff.com\/belogue\/wp-content\/uploads\/2015\/04\/201205221.jpg?resize=350%2C200&ssl=1","width":350,"height":200,"srcset":"https:\/\/i0.wp.com\/www.wallendorff.com\/belogue\/wp-content\/uploads\/2015\/04\/201205221.jpg?resize=350%2C200&ssl=1 1x, https:\/\/i0.wp.com\/www.wallendorff.com\/belogue\/wp-content\/uploads\/2015\/04\/201205221.jpg?resize=525%2C300&ssl=1 1.5x"},"classes":[]},{"id":12803,"url":"https:\/\/www.wallendorff.com\/belogue\/2011\/05\/25\/shooting-popples-2\/","url_meta":{"origin":7848,"position":4},"title":"Shooting popples #2.","author":"dpc","date":"25 mai 2011","format":false,"excerpt":"Rue de Crim\u00e9e, Paris, 29 avril. Miaou. \u00a0PJ Harvey \u2013 Cat on the Wall [Oui c'est un peu facile je sais]","rel":"","context":"Dans &quot;DPC&quot;","block_context":{"text":"DPC","link":"https:\/\/www.wallendorff.com\/belogue\/category\/dpc\/"},"img":{"alt_text":"","src":"https:\/\/i0.wp.com\/www.wallendorff.com\/belogue\/wp-content\/uploads\/2015\/04\/201105251.jpg?resize=350%2C200&ssl=1","width":350,"height":200},"classes":[]},{"id":1024,"url":"https:\/\/www.wallendorff.com\/belogue\/2007\/08\/28\/craie-a-son-isthme\/","url_meta":{"origin":7848,"position":5},"title":"Craie a son isthme.","author":"dpc","date":"28 ao\u00fbt 2007","format":false,"excerpt":"Damstraat, Amsterdam, 12 ao\u00fbt. En attendant les vacances dans le Dorset qu'elle nous a promises pour le 24 septembre, l'avant-go\u00fbt du jour\u00a0: \u00a0PJ Harvey \u2013 Ouen Under Ezer","rel":"","context":"Dans &quot;DPC&quot;","block_context":{"text":"DPC","link":"https:\/\/www.wallendorff.com\/belogue\/category\/dpc\/"},"img":{"alt_text":"","src":"https:\/\/i0.wp.com\/www.wallendorff.com\/belogue\/wp-content\/uploads\/2015\/04\/200708281.jpg?resize=350%2C200&ssl=1","width":350,"height":200},"classes":[]}],"_links":{"self":[{"href":"https:\/\/www.wallendorff.com\/belogue\/wp-json\/wp\/v2\/posts\/7848","targetHints":{"allow":["GET"]}}],"collection":[{"href":"https:\/\/www.wallendorff.com\/belogue\/wp-json\/wp\/v2\/posts"}],"about":[{"href":"https:\/\/www.wallendorff.com\/belogue\/wp-json\/wp\/v2\/types\/post"}],"author":[{"embeddable":true,"href":"https:\/\/www.wallendorff.com\/belogue\/wp-json\/wp\/v2\/users\/1"}],"replies":[{"embeddable":true,"href":"https:\/\/www.wallendorff.com\/belogue\/wp-json\/wp\/v2\/comments?post=7848"}],"version-history":[{"count":1,"href":"https:\/\/www.wallendorff.com\/belogue\/wp-json\/wp\/v2\/posts\/7848\/revisions"}],"predecessor-version":[{"id":17315,"href":"https:\/\/www.wallendorff.com\/belogue\/wp-json\/wp\/v2\/posts\/7848\/revisions\/17315"}],"wp:featuredmedia":[{"embeddable":true,"href":"https:\/\/www.wallendorff.com\/belogue\/wp-json\/wp\/v2\/media\/25834"}],"wp:attachment":[{"href":"https:\/\/www.wallendorff.com\/belogue\/wp-json\/wp\/v2\/media?parent=7848"}],"wp:term":[{"taxonomy":"category","embeddable":true,"href":"https:\/\/www.wallendorff.com\/belogue\/wp-json\/wp\/v2\/categories?post=7848"},{"taxonomy":"post_tag","embeddable":true,"href":"https:\/\/www.wallendorff.com\/belogue\/wp-json\/wp\/v2\/tags?post=7848"}],"curies":[{"name":"wp","href":"https:\/\/api.w.org\/{rel}","templated":true}]}}