{"id":784,"date":"2006-09-11T12:48:09","date_gmt":"2006-09-11T12:48:09","guid":{"rendered":"http:\/\/www.po-l.com\/wordpress\/?p=784"},"modified":"2014-01-13T14:18:19","modified_gmt":"2014-01-13T12:18:19","slug":"lundi","status":"publish","type":"post","link":"https:\/\/www.wallendorff.com\/belogue\/2006\/09\/11\/lundi\/","title":{"rendered":"Lundi."},"content":{"rendered":"<div id=\"photo\">\n<p><img decoding=\"async\" src=\"http:\/\/www.po-L.com\/belogue\/photo\/2006\/09\/20060911.jpg\" \/><br \/>\nCath&eacute;drale Saint-&Eacute;tienne<sup>1<\/sup>, Metz, 9 septembre.<\/p>\n<\/div>\n<p style=\"text-align:right\">Les retours aux sources, c&rsquo;est chouette, m&ecirc;me si le lendemain &ccedil;a fait mal &agrave; la t&ecirc;te.<\/p>\n<div id=\"bandeson\">\n<p><img decoding=\"async\" src=\"https:\/\/www.wallendorff.com\/belogue\/photo\/pochettes\/blank.jpg\" align=\"left\" \/>&nbsp;<a href=\"http:\/\/www.interpolnyc.com\">Interpol<\/a> &ndash; <em>Hands Aways<\/em> (live KCRW July 29<sup>th<\/sup>, 2002)<\/p>\n<\/div>\n<p>_____<\/p>\n<div id=\"bas_note\">\n<p><sup>1<\/sup>Allez, allez, allez.<\/p>\n<\/div>\n","protected":false},"excerpt":{"rendered":"<p>Cath&eacute;drale Saint-&Eacute;tienne1, Metz, 9 septembre. Les retours aux sources, c&rsquo;est chouette, m&ecirc;me si le lendemain &ccedil;a fait mal &agrave; la t&ecirc;te. &nbsp;Interpol &ndash; Hands Aways (live KCRW July 29th, 2002) _____ 1Allez, allez, allez.<\/p>\n","protected":false},"author":1,"featured_media":24724,"comment_status":"open","ping_status":"open","sticky":false,"template":"","format":"standard","meta":{"_acf_changed":false,"ngg_post_thumbnail":0,"jetpack_post_was_ever_published":false,"_jetpack_newsletter_access":"","_jetpack_dont_email_post_to_subs":false,"_jetpack_newsletter_tier_id":0,"_jetpack_memberships_contains_paywalled_content":false,"_jetpack_memberships_contains_paid_content":false,"footnotes":"","jetpack_publicize_message":"","jetpack_publicize_feature_enabled":true,"jetpack_social_post_already_shared":false,"jetpack_social_options":{"image_generator_settings":{"template":"highway","default_image_id":0,"font":"","enabled":false},"version":2}},"categories":[3],"tags":[132,417,10144,357,10111,10175,10151,10173,10174,10147,170,6757],"class_list":["post-784","post","type-post","status-publish","format-standard","has-post-thumbnail","hentry","category-dpc","tag-eos-20d","tag-cathedrale-saint-etienne","tag-ciel","tag-hands-away","tag-interpol","tag-lorraine","tag-lune","tag-metz","tag-moselle","tag-nuit","tag-sigma-70-300-mm-f4-56-dg-apo-macro","tag-turn-on-the-bright-lights"],"acf":[],"geo":{"latitude":49.1194763,"longitude":6.1707654,"description":"Metz, Lorraine, 57010 CEDEX 01, FR"},"jetpack_publicize_connections":[],"jetpack_featured_media_url":"https:\/\/www.wallendorff.com\/belogue\/wp-content\/uploads\/2015\/04\/200609111.jpg","jetpack_shortlink":"https:\/\/wp.me\/s3b35P-lundi","jetpack_sharing_enabled":true,"jetpack-related-posts":[{"id":1161,"url":"https:\/\/www.wallendorff.com\/belogue\/2008\/02\/13\/nuit-gt-rare-dos\/","url_meta":{"origin":784,"position":0},"title":"\u00c0 nuit g\u00eet rare dos.","author":"dpc","date":"13 f\u00e9vrier 2008","format":false,"excerpt":"Place de Chambre, Metz, 18 janvier. Trop rare. \u00a0Interpol \u2013 Pioneer to the Fall (orchestral)","rel":"","context":"Dans &quot;DPC&quot;","block_context":{"text":"DPC","link":"https:\/\/www.wallendorff.com\/belogue\/category\/dpc\/"},"img":{"alt_text":"","src":"https:\/\/i0.wp.com\/www.wallendorff.com\/belogue\/wp-content\/uploads\/2015\/04\/200802131.jpg?resize=350%2C200&ssl=1","width":350,"height":200},"classes":[]},{"id":263,"url":"https:\/\/www.wallendorff.com\/belogue\/2005\/11\/24\/art-work-3\/","url_meta":{"origin":784,"position":1},"title":"Art[@]work #3.","author":"dpc","date":"24 novembre 2005","format":false,"excerpt":"\u00ab\u00a0Cath\u00e9drale St-\u00c9tienne1 de Metz\u00a0\u00bb (2005) - Sculpture en une touillette polypropyl\u00e8ne non ench\u00e2ss\u00e9e \u00e0 la main, pr\u00e9sent\u00e9e ici avec l'aimable autorisation du MAPM (Mus\u00e9e d'Art en Plastique Moderne) des Hauts-de-Seine. \u00ab\u00a0St-\u00c9tienne2 de Metz\u00a0\u00bb, \u0153uvre finale de l\u2019artiste dans sa recherche de la forme parfaite, est le summum de l\u2019expression plastique\u2026","rel":"","context":"Dans &quot;DPC&quot;","block_context":{"text":"DPC","link":"https:\/\/www.wallendorff.com\/belogue\/category\/dpc\/"},"img":{"alt_text":"","src":"https:\/\/i0.wp.com\/www.wallendorff.com\/belogue\/wp-content\/uploads\/2015\/04\/200511241.jpg?resize=350%2C200&ssl=1","width":350,"height":200,"srcset":"https:\/\/i0.wp.com\/www.wallendorff.com\/belogue\/wp-content\/uploads\/2015\/04\/200511241.jpg?resize=350%2C200&ssl=1 1x, https:\/\/i0.wp.com\/www.wallendorff.com\/belogue\/wp-content\/uploads\/2015\/04\/200511241.jpg?resize=525%2C300&ssl=1 1.5x"},"classes":[]},{"id":29912,"url":"https:\/\/www.wallendorff.com\/belogue\/2015\/12\/31\/2015\/","url_meta":{"origin":784,"position":2},"title":"2015.","author":"dpc","date":"31 d\u00e9cembre 2015","format":false,"excerpt":"Metz, 26 d\u00e9cembre 2015. The years go by so fast, Let's hope the next beats the last. Les pr\u00e9c\u00e9dentes l\u00e0 et l\u00e0 et l\u00e0 et l\u00e0 et l\u00e0 et l\u00e0 et l\u00e0 aussi. Pas la meilleure ann\u00e9e du si\u00e8cle, en somme. Allez. Dans quelques heures, nous passerons \u00e0 autre chose.\u2026","rel":"","context":"Dans &quot;Into the wide&quot;","block_context":{"text":"Into the wide","link":"https:\/\/www.wallendorff.com\/belogue\/category\/into-the-wide\/"},"img":{"alt_text":"","src":"https:\/\/i0.wp.com\/www.wallendorff.com\/belogue\/wp-content\/uploads\/2015\/12\/20151231.jpg?resize=350%2C200&ssl=1","width":350,"height":200,"srcset":"https:\/\/i0.wp.com\/www.wallendorff.com\/belogue\/wp-content\/uploads\/2015\/12\/20151231.jpg?resize=350%2C200&ssl=1 1x, https:\/\/i0.wp.com\/www.wallendorff.com\/belogue\/wp-content\/uploads\/2015\/12\/20151231.jpg?resize=525%2C300&ssl=1 1.5x, https:\/\/i0.wp.com\/www.wallendorff.com\/belogue\/wp-content\/uploads\/2015\/12\/20151231.jpg?resize=700%2C400&ssl=1 2x"},"classes":[]},{"id":22926,"url":"https:\/\/www.wallendorff.com\/belogue\/2014\/06\/08\/top-10-des-plus-belles-cathedrales-de-la-decennie\/","url_meta":{"origin":784,"position":3},"title":"Top 10 des plus belles cath\u00e9drales de la d\u00e9cennie.","author":"dpc","date":"8 juin 2014","format":false,"excerpt":"Dix ans \u00e0 faire le tour de toutes les cath\u00e9drales du monde entier et bien les regarder sous toutes les coutures pour \u00e9tablir le classement d\u00e9finitif et impartial des plus jolies cath\u00e9drales de l'univers. No 10 ex-\u00e6quo\u00a0: La cath\u00e9drale Notre-Dame de Chartres du 7 avril 2012... Chartres Attack. \u00a0 ...\u2026","rel":"","context":"Dans &quot;DPC&quot;","block_context":{"text":"DPC","link":"https:\/\/www.wallendorff.com\/belogue\/category\/dpc\/"},"img":{"alt_text":"","src":"https:\/\/i0.wp.com\/www.wallendorff.com\/belogue\/wp-content\/uploads\/2015\/04\/201310243.jpg?resize=350%2C200&ssl=1","width":350,"height":200,"srcset":"https:\/\/i0.wp.com\/www.wallendorff.com\/belogue\/wp-content\/uploads\/2015\/04\/201310243.jpg?resize=350%2C200&ssl=1 1x, https:\/\/i0.wp.com\/www.wallendorff.com\/belogue\/wp-content\/uploads\/2015\/04\/201310243.jpg?resize=525%2C300&ssl=1 1.5x, https:\/\/i0.wp.com\/www.wallendorff.com\/belogue\/wp-content\/uploads\/2015\/04\/201310243.jpg?resize=700%2C400&ssl=1 2x"},"classes":[]},{"id":135693,"url":"https:\/\/www.wallendorff.com\/belogue\/2026\/03\/27\/tcho-metz\/","url_meta":{"origin":784,"position":4},"title":"Tch\u00f4 Metz.","author":"dpc","date":"27 mars 2026","format":false,"excerpt":"","rel":"","context":"Dans &quot;DPC&quot;","block_context":{"text":"DPC","link":"https:\/\/www.wallendorff.com\/belogue\/category\/dpc\/"},"img":{"alt_text":"","src":"https:\/\/i0.wp.com\/www.wallendorff.com\/belogue\/wp-content\/uploads\/2026\/03\/20260327-10.jpg?resize=350%2C200&ssl=1","width":350,"height":200,"srcset":"https:\/\/i0.wp.com\/www.wallendorff.com\/belogue\/wp-content\/uploads\/2026\/03\/20260327-10.jpg?resize=350%2C200&ssl=1 1x, https:\/\/i0.wp.com\/www.wallendorff.com\/belogue\/wp-content\/uploads\/2026\/03\/20260327-10.jpg?resize=525%2C300&ssl=1 1.5x, https:\/\/i0.wp.com\/www.wallendorff.com\/belogue\/wp-content\/uploads\/2026\/03\/20260327-10.jpg?resize=700%2C400&ssl=1 2x, https:\/\/i0.wp.com\/www.wallendorff.com\/belogue\/wp-content\/uploads\/2026\/03\/20260327-10.jpg?resize=1050%2C600&ssl=1 3x"},"classes":[]},{"id":126836,"url":"https:\/\/www.wallendorff.com\/belogue\/2023\/12\/08\/metz-du-dimanche\/","url_meta":{"origin":784,"position":5},"title":"Metz du dimanche.","author":"dpc","date":"8 d\u00e9cembre 2023","format":false,"excerpt":"","rel":"","context":"Dans &quot;DPC&quot;","block_context":{"text":"DPC","link":"https:\/\/www.wallendorff.com\/belogue\/category\/dpc\/"},"img":{"alt_text":"","src":"https:\/\/i0.wp.com\/www.wallendorff.com\/belogue\/wp-content\/uploads\/2023\/12\/20231208-02.jpg?resize=350%2C200&ssl=1","width":350,"height":200,"srcset":"https:\/\/i0.wp.com\/www.wallendorff.com\/belogue\/wp-content\/uploads\/2023\/12\/20231208-02.jpg?resize=350%2C200&ssl=1 1x, https:\/\/i0.wp.com\/www.wallendorff.com\/belogue\/wp-content\/uploads\/2023\/12\/20231208-02.jpg?resize=525%2C300&ssl=1 1.5x, https:\/\/i0.wp.com\/www.wallendorff.com\/belogue\/wp-content\/uploads\/2023\/12\/20231208-02.jpg?resize=700%2C400&ssl=1 2x"},"classes":[]}],"_links":{"self":[{"href":"https:\/\/www.wallendorff.com\/belogue\/wp-json\/wp\/v2\/posts\/784","targetHints":{"allow":["GET"]}}],"collection":[{"href":"https:\/\/www.wallendorff.com\/belogue\/wp-json\/wp\/v2\/posts"}],"about":[{"href":"https:\/\/www.wallendorff.com\/belogue\/wp-json\/wp\/v2\/types\/post"}],"author":[{"embeddable":true,"href":"https:\/\/www.wallendorff.com\/belogue\/wp-json\/wp\/v2\/users\/1"}],"replies":[{"embeddable":true,"href":"https:\/\/www.wallendorff.com\/belogue\/wp-json\/wp\/v2\/comments?post=784"}],"version-history":[{"count":3,"href":"https:\/\/www.wallendorff.com\/belogue\/wp-json\/wp\/v2\/posts\/784\/revisions"}],"predecessor-version":[{"id":22387,"href":"https:\/\/www.wallendorff.com\/belogue\/wp-json\/wp\/v2\/posts\/784\/revisions\/22387"}],"wp:featuredmedia":[{"embeddable":true,"href":"https:\/\/www.wallendorff.com\/belogue\/wp-json\/wp\/v2\/media\/24724"}],"wp:attachment":[{"href":"https:\/\/www.wallendorff.com\/belogue\/wp-json\/wp\/v2\/media?parent=784"}],"wp:term":[{"taxonomy":"category","embeddable":true,"href":"https:\/\/www.wallendorff.com\/belogue\/wp-json\/wp\/v2\/categories?post=784"},{"taxonomy":"post_tag","embeddable":true,"href":"https:\/\/www.wallendorff.com\/belogue\/wp-json\/wp\/v2\/tags?post=784"}],"curies":[{"name":"wp","href":"https:\/\/api.w.org\/{rel}","templated":true}]}}