{"id":783,"date":"2006-09-08T11:35:56","date_gmt":"2006-09-08T11:35:56","guid":{"rendered":"http:\/\/www.po-l.com\/wordpress\/?p=783"},"modified":"2012-06-11T09:29:26","modified_gmt":"2012-06-11T07:29:26","slug":"ben-kweller-la-fleche-d-or-paris","status":"publish","type":"post","link":"https:\/\/www.wallendorff.com\/belogue\/2006\/09\/08\/ben-kweller-la-fleche-d-or-paris\/","title":{"rendered":"Ben Kweller @ la Fl\u00e8che d&rsquo;Or, Paris."},"content":{"rendered":"\n<div id=\"photo\">\n<p><img decoding=\"async\" src=\"http:\/\/www.po-L.com\/belogue\/photo\/2006\/09\/20060908.jpg\" \/><\/p>\n<\/p><\/div>\n<p>Ben, c&rsquo;est un gars sympa et sa coupe de cheveux est coule. Et sa veste en jean, aussi. Quand il d&eacute;barque, Ben, qu&rsquo;il dit bonjour Paris avec sa voix qu&rsquo;on dirait un peu celle de Garth et son visage poupin, Ben, on l&rsquo;aime. Il est tout seul sur sc&egrave;ne, Ben. il passe de la guitoune au piano, il a trois micros rien que pour lui, il sourit tout le temps, s&rsquo;excite sur sc&egrave;ne et communique sa bonne humeur &agrave; tout le monde avant de s&rsquo;&eacute;tonner que &laquo;&nbsp;la salle sonne exactement comme une gare&nbsp;&raquo;. Bien vu, gros, la Fl&egrave;che d&rsquo;Or est l&rsquo;ancienne gare de Charonne. <em>My Apartment<\/em>, <em>Hear Me Out<\/em> repris en ch&oelig;ur par tout le monde, grosse &eacute;motion sur <em>Thirteen<\/em> et <em>Sundress<\/em>, un duo franco-anglais avec Pierre Guimard sur <em>Believer<\/em>, et en guise de final, <em>The Rules<\/em>, je crois<sup>1<\/sup>, avant que Ben se barre en rappelant qu&rsquo;on le reverra le 6 novembre au Trabendo. Et nous qu&rsquo;on chante en rejoignant le m&eacute;tro&nbsp;:<\/p>\n<p style=\"text-align:right\">&ldquo;<em>And in the morning, I&rsquo;m out of my head<br \/>\n        I Wish I was sleeping in your hospital bed<br \/>\n        Gimme some time<br \/>\n        To get on your mind.<\/em>&rdquo;<\/p>\n<div id=\"bandeson\">\n<p><img decoding=\"async\" src=\"https:\/\/www.wallendorff.com\/belogue\/photo\/pochettes\/k\/kweller_ben-on_my_way.jpg\" align=\"left\" \/>&nbsp;<a href=\"http:\/\/www.benkweller.com\/\">Ben Kweller<\/a> &ndash; <em>Hospital Bed<\/em><\/p>\n<\/div>\n<div id=\"bas_note\">\n<p>_____<\/p>\n<p><sup>1<\/sup> J&rsquo;ai pas not&eacute;. Je sais, je suce grave.<\/p>\n<\/p><\/div>\n","protected":false},"excerpt":{"rendered":"<p>Ben, c&rsquo;est un gars sympa et sa coupe de cheveux est coule. Et sa veste en jean, aussi. Quand il d&eacute;barque, Ben, qu&rsquo;il dit bonjour Paris avec sa voix qu&rsquo;on dirait un peu celle de Garth et son visage poupin, Ben, on l&rsquo;aime. Il est tout seul sur sc&egrave;ne, Ben. il passe de la guitoune&hellip;<\/p>\n","protected":false},"author":1,"featured_media":24723,"comment_status":"open","ping_status":"open","sticky":false,"template":"","format":"standard","meta":{"_acf_changed":false,"ngg_post_thumbnail":0,"jetpack_post_was_ever_published":false,"_jetpack_newsletter_access":"","_jetpack_dont_email_post_to_subs":false,"_jetpack_newsletter_tier_id":0,"_jetpack_memberships_contains_paywalled_content":false,"_jetpack_memberships_contains_paid_content":false,"footnotes":"","jetpack_publicize_message":"","jetpack_publicize_feature_enabled":true,"jetpack_social_post_already_shared":false,"jetpack_social_options":{"image_generator_settings":{"template":"highway","default_image_id":0,"font":"","enabled":false},"version":2}},"categories":[7],"tags":[174,10216,10084,544,196,132,10120,1019,10121,10374,143,10098],"class_list":["post-783","post","type-post","status-publish","format-standard","has-post-thumbnail","hentry","category-alive","tag-174","tag-10216","tag-alive","tag-ben-kweller","tag-ef-28-70-mm-f28l-usm","tag-eos-20d","tag-france","tag-hospital-bed","tag-ile-de-france","tag-la-fleche-dor","tag-noir-et-blanc","tag-paris"],"acf":[],"geo":{"latitude":48.8594246,"longitude":2.4029884,"description":"94-104 Rue de Bagnolet, 75020 Paris, France"},"jetpack_publicize_connections":[],"jetpack_featured_media_url":"https:\/\/www.wallendorff.com\/belogue\/wp-content\/uploads\/2015\/04\/200609081.jpg","jetpack_shortlink":"https:\/\/wp.me\/p3b35P-cD","jetpack_sharing_enabled":true,"jetpack-related-posts":[{"id":7708,"url":"https:\/\/www.wallendorff.com\/belogue\/2010\/06\/15\/the-hold-steady-i-love-ufo-la-fleche-dor-paris\/","url_meta":{"origin":783,"position":0},"title":"The Hold Steady + I Love UFO @ la Fl\u00e8che d&rsquo;Or, Paris.","author":"dpc","date":"15 juin 2010","format":false,"excerpt":"Habituellement, quand un de ces groupes ind\u00e9s qui marchent bien aux \u00c9tats-Unis et restent presque inconnus en France se pointe ici, il se retrouve dans une petite salle \u00e0 jouer devant un parterre presque enti\u00e8rement constitu\u00e9 de Ricains tout contents de profiter de l'aubaine d'une si petite sc\u00e8ne. Ce qui\u2026","rel":"","context":"Dans &quot;Alive&quot;","block_context":{"text":"Alive","link":"https:\/\/www.wallendorff.com\/belogue\/category\/alive\/"},"img":{"alt_text":"","src":"https:\/\/i0.wp.com\/www.wallendorff.com\/belogue\/wp-content\/uploads\/2015\/04\/201006151.jpg?resize=350%2C200&ssl=1","width":350,"height":200,"srcset":"https:\/\/i0.wp.com\/www.wallendorff.com\/belogue\/wp-content\/uploads\/2015\/04\/201006151.jpg?resize=350%2C200&ssl=1 1x, https:\/\/i0.wp.com\/www.wallendorff.com\/belogue\/wp-content\/uploads\/2015\/04\/201006151.jpg?resize=525%2C300&ssl=1 1.5x, https:\/\/i0.wp.com\/www.wallendorff.com\/belogue\/wp-content\/uploads\/2015\/04\/201006151.jpg?resize=700%2C400&ssl=1 2x"},"classes":[]},{"id":6338,"url":"https:\/\/www.wallendorff.com\/belogue\/2010\/01\/23\/band-of-skulls-the-parlotones-la-fleche-dor-paris-21-janvier\/","url_meta":{"origin":783,"position":1},"title":"Band of Skulls + The Parlotones @ la Fl\u00e8che d&rsquo;Or, Paris, 21 janvier.","author":"dpc","date":"23 janvier 2010","format":false,"excerpt":"\u00a0Band of Skulls \u2013 I Know What I Am Et notre premier groupe tout neuf de l'ann\u00e9e est donc un trio d'Anglais barr\u00e9s et chevelus qui savent retourner une salle comme il faut, m\u00eame quand elle est un peu d\u00e9peupl\u00e9e. Premi\u00e8re exp\u00e9rience convaincante, grave, on attend vite la suite avec\u2026","rel":"","context":"Dans &quot;Alive&quot;","block_context":{"text":"Alive","link":"https:\/\/www.wallendorff.com\/belogue\/category\/alive\/"},"img":{"alt_text":"","src":"https:\/\/i0.wp.com\/www.wallendorff.com\/belogue\/wp-content\/uploads\/2015\/04\/201001231.jpg?resize=350%2C200&ssl=1","width":350,"height":200,"srcset":"https:\/\/i0.wp.com\/www.wallendorff.com\/belogue\/wp-content\/uploads\/2015\/04\/201001231.jpg?resize=350%2C200&ssl=1 1x, https:\/\/i0.wp.com\/www.wallendorff.com\/belogue\/wp-content\/uploads\/2015\/04\/201001231.jpg?resize=525%2C300&ssl=1 1.5x, https:\/\/i0.wp.com\/www.wallendorff.com\/belogue\/wp-content\/uploads\/2015\/04\/201001231.jpg?resize=700%2C400&ssl=1 2x"},"classes":[]},{"id":1097,"url":"https:\/\/www.wallendorff.com\/belogue\/2007\/12\/02\/flexa-lyndo-la-flche-d-or-paris\/","url_meta":{"origin":783,"position":2},"title":"Flexa Lyndo @ la Fl\u00e8che d&rsquo;Or, Paris.","author":"dpc","date":"2 d\u00e9cembre 2007","format":false,"excerpt":"Passant en dernier apr\u00e8s Amen Birdmen et We Are Terrorists, et malgr\u00e9 un bassiste diminu\u00e9 par une s\u00e9v\u00e8re gastro \u2015\u00a0il jouera assis durant tout le set\u00a0\u2015 Flexa Lyndo est \u00e0 l\u2019aise dans cette Fl\u00e8che d\u2019Or de samedi soir \u00e0 moiti\u00e9 pleine. S\u2019imposant d\u2019entr\u00e9e avec un Europe Stump prenant, les Namurois\u2026","rel":"","context":"Dans &quot;Alive&quot;","block_context":{"text":"Alive","link":"https:\/\/www.wallendorff.com\/belogue\/category\/alive\/"},"img":{"alt_text":"","src":"https:\/\/i0.wp.com\/www.wallendorff.com\/belogue\/wp-content\/uploads\/2015\/04\/200712021.jpg?resize=350%2C200&ssl=1","width":350,"height":200,"srcset":"https:\/\/i0.wp.com\/www.wallendorff.com\/belogue\/wp-content\/uploads\/2015\/04\/200712021.jpg?resize=350%2C200&ssl=1 1x, https:\/\/i0.wp.com\/www.wallendorff.com\/belogue\/wp-content\/uploads\/2015\/04\/200712021.jpg?resize=525%2C300&ssl=1 1.5x, https:\/\/i0.wp.com\/www.wallendorff.com\/belogue\/wp-content\/uploads\/2015\/04\/200712021.jpg?resize=700%2C400&ssl=1 2x"},"classes":[]},{"id":1057,"url":"https:\/\/www.wallendorff.com\/belogue\/2007\/10\/12\/handsome-furs-sharko-la-flche-d-or-paris\/","url_meta":{"origin":783,"position":3},"title":"Handsome Furs + Sharko @ la Fl\u00e8che D&rsquo;or, Paris.","author":"dpc","date":"12 octobre 2007","format":false,"excerpt":"Tout le monde \u00e9tait venu pour Sharko. C'est pas plus mal. Une fois les Belges partis, la salle \u00e0 moiti\u00e9 vid\u00e9e, on peut prendre ses aises pour mater l'arriv\u00e9e sur sc\u00e8ne d'Handsome Furs, constitu\u00e9 de Dan Boeckner (Wolf Parade) et de sa femme Alexei Perry (\u00ab\u00a0on vient de se marier,\u2026","rel":"","context":"Dans &quot;Alive&quot;","block_context":{"text":"Alive","link":"https:\/\/www.wallendorff.com\/belogue\/category\/alive\/"},"img":{"alt_text":"","src":"https:\/\/i0.wp.com\/www.wallendorff.com\/belogue\/wp-content\/uploads\/2015\/04\/200710121.jpg?resize=350%2C200&ssl=1","width":350,"height":200},"classes":[]},{"id":5369,"url":"https:\/\/www.wallendorff.com\/belogue\/2009\/12\/15\/the-black-box-revelation-la-fleche-dor-paris\/","url_meta":{"origin":783,"position":4},"title":"The Black Box Revelation @ la Fl\u00e8che d&rsquo;Or, Paris.","author":"dpc","date":"15 d\u00e9cembre 2009","format":false,"excerpt":"\u00a0The Black Box Revelation \u2013 Set Your Head on Fire (live Pal\u00e9o festival 2009) J'aime ces matins o\u00f9 la photo parle d'elle-m\u00eame, o\u00f9 l'image montre bien que oui oui ils ont tout arrach\u00e9s et m\u00eame que Paternoster est mont\u00e9 sur la batterie de Van Dijck \u00e0 la fin de Set\u2026","rel":"","context":"Dans &quot;Alive&quot;","block_context":{"text":"Alive","link":"https:\/\/www.wallendorff.com\/belogue\/category\/alive\/"},"img":{"alt_text":"","src":"https:\/\/i0.wp.com\/www.wallendorff.com\/belogue\/wp-content\/uploads\/2015\/04\/200912151.jpg?resize=350%2C200&ssl=1","width":350,"height":200,"srcset":"https:\/\/i0.wp.com\/www.wallendorff.com\/belogue\/wp-content\/uploads\/2015\/04\/200912151.jpg?resize=350%2C200&ssl=1 1x, https:\/\/i0.wp.com\/www.wallendorff.com\/belogue\/wp-content\/uploads\/2015\/04\/200912151.jpg?resize=525%2C300&ssl=1 1.5x, https:\/\/i0.wp.com\/www.wallendorff.com\/belogue\/wp-content\/uploads\/2015\/04\/200912151.jpg?resize=700%2C400&ssl=1 2x"},"classes":[]},{"id":12784,"url":"https:\/\/www.wallendorff.com\/belogue\/2011\/05\/19\/foster-the-people-la-fleche-dor-paris\/","url_meta":{"origin":783,"position":5},"title":"Foster the People @ la Fl\u00e8che d&rsquo;Or, Paris.","author":"dpc","date":"19 mai 2011","format":false,"excerpt":"Quelques d\u00e9plaisants c\u00f4t\u00e9s boys band, mais aussi un single efficace1 et un album avec de joli monstres qui sera du meilleur go\u00fbt sur la plage cet \u00e9t\u00e9. \u00a0Foster the People \u2013 Color on the Walls (Don't Stop) _____ 1 Mais siii vous voyez, il est en bande-son l\u00e0-bas.","rel":"","context":"Dans &quot;Alive&quot;","block_context":{"text":"Alive","link":"https:\/\/www.wallendorff.com\/belogue\/category\/alive\/"},"img":{"alt_text":"","src":"https:\/\/i0.wp.com\/www.wallendorff.com\/belogue\/wp-content\/uploads\/2015\/04\/201105191.jpg?resize=350%2C200&ssl=1","width":350,"height":200,"srcset":"https:\/\/i0.wp.com\/www.wallendorff.com\/belogue\/wp-content\/uploads\/2015\/04\/201105191.jpg?resize=350%2C200&ssl=1 1x, https:\/\/i0.wp.com\/www.wallendorff.com\/belogue\/wp-content\/uploads\/2015\/04\/201105191.jpg?resize=525%2C300&ssl=1 1.5x, https:\/\/i0.wp.com\/www.wallendorff.com\/belogue\/wp-content\/uploads\/2015\/04\/201105191.jpg?resize=700%2C400&ssl=1 2x"},"classes":[]}],"_links":{"self":[{"href":"https:\/\/www.wallendorff.com\/belogue\/wp-json\/wp\/v2\/posts\/783","targetHints":{"allow":["GET"]}}],"collection":[{"href":"https:\/\/www.wallendorff.com\/belogue\/wp-json\/wp\/v2\/posts"}],"about":[{"href":"https:\/\/www.wallendorff.com\/belogue\/wp-json\/wp\/v2\/types\/post"}],"author":[{"embeddable":true,"href":"https:\/\/www.wallendorff.com\/belogue\/wp-json\/wp\/v2\/users\/1"}],"replies":[{"embeddable":true,"href":"https:\/\/www.wallendorff.com\/belogue\/wp-json\/wp\/v2\/comments?post=783"}],"version-history":[{"count":2,"href":"https:\/\/www.wallendorff.com\/belogue\/wp-json\/wp\/v2\/posts\/783\/revisions"}],"predecessor-version":[{"id":17662,"href":"https:\/\/www.wallendorff.com\/belogue\/wp-json\/wp\/v2\/posts\/783\/revisions\/17662"}],"wp:featuredmedia":[{"embeddable":true,"href":"https:\/\/www.wallendorff.com\/belogue\/wp-json\/wp\/v2\/media\/24723"}],"wp:attachment":[{"href":"https:\/\/www.wallendorff.com\/belogue\/wp-json\/wp\/v2\/media?parent=783"}],"wp:term":[{"taxonomy":"category","embeddable":true,"href":"https:\/\/www.wallendorff.com\/belogue\/wp-json\/wp\/v2\/categories?post=783"},{"taxonomy":"post_tag","embeddable":true,"href":"https:\/\/www.wallendorff.com\/belogue\/wp-json\/wp\/v2\/tags?post=783"}],"curies":[{"name":"wp","href":"https:\/\/api.w.org\/{rel}","templated":true}]}}