{"id":7803,"date":"2010-07-05T20:33:04","date_gmt":"2010-07-05T18:33:04","guid":{"rendered":"http:\/\/www.po-l.com\/belogue\/?p=7803"},"modified":"2021-07-25T14:05:15","modified_gmt":"2021-07-25T12:05:15","slug":"main-square-festival-arras-2-4-juillet","status":"publish","type":"post","link":"https:\/\/www.wallendorff.com\/belogue\/2010\/07\/05\/main-square-festival-arras-2-4-juillet\/","title":{"rendered":"Main Square Festival, Arras, 2-4 juillet."},"content":{"rendered":"<div id=\"photo\">\n<p><img decoding=\"async\" src=\"https:\/\/www.wallendorff.com\/belogue\/photo\/2010\/07\/20100705.jpg\"><br \/>\nArras, 4 juillet.<\/p>\n<\/div>\n<p style=\"text-align:right\">Parce que je suis un <a href=\"https:\/\/www.wallendorff.com\/belogue\/2008\/07\/07\/main-square-festival-arras-5-6-juillet\/\">homme de traditions<\/a>.<\/p>\n<p style=\"text-align:right\">Les photos viendront plus tard, en attendant j&rsquo;ai laiss\u00e9 tra\u00eener <a href=\"http:\/\/www.truitteur.fr\/?tag=main-square-festival-2010\">2-3 flash infos sur Truitteur<\/a>, pour ceux qui veulent. Woohoo.<\/p>\n<div id=\"bandeson\">\n<p><img decoding=\"async\" src=\"https:\/\/www.wallendorff.com\/belogue\/photo\/pochettes\/i\/ikara_colt-chat_and_business.jpg\" align=\"left\">&nbsp;<a href=\"http:\/\/www.myspace.com\/ikaracolt\">Ikara Colt<\/a> \u2013 <em>One Note<\/em><\/p>\n<\/div>\n","protected":false},"excerpt":{"rendered":"<p>Arras, 4 juillet. Parce que je suis un homme de traditions. Les photos viendront plus tard, en attendant j&rsquo;ai laiss\u00e9 tra\u00eener 2-3 flash infos sur Truitteur, pour ceux qui veulent. Woohoo. &nbsp;Ikara Colt \u2013 One Note<\/p>\n","protected":false},"author":1,"featured_media":49062,"comment_status":"open","ping_status":"open","sticky":false,"template":"","format":"standard","meta":{"_acf_changed":false,"ngg_post_thumbnail":0,"jetpack_post_was_ever_published":false,"_jetpack_newsletter_access":"","_jetpack_dont_email_post_to_subs":false,"_jetpack_newsletter_tier_id":0,"_jetpack_memberships_contains_paywalled_content":false,"_jetpack_memberships_contains_paid_content":false,"footnotes":"","jetpack_publicize_message":"","jetpack_publicize_feature_enabled":true,"jetpack_social_post_already_shared":false,"jetpack_social_options":{"image_generator_settings":{"template":"highway","default_image_id":0,"font":"","enabled":false},"version":2}},"categories":[7],"tags":[10084,10490,11310,1016,2615,10136,10120,3945,10489,10763,449,10492,3946,10491,10462],"class_list":["post-7803","post","type-post","status-publish","format-standard","has-post-thumbnail","hentry","category-alive","tag-alive","tag-arras","tag-autoportrait","tag-ef-15-mm-f28-fisheye","tag-eos-5d-mark-ii","tag-festival","tag-france","tag-ikara-colt","tag-main-square-festival","tag-main-square-festival-2010","tag-moi","tag-nord-pas-de-calais","tag-one-note","tag-pas-de-calais","tag-stereophonics"],"acf":[],"geo":{"latitude":50.2830086,"longitude":2.7600901,"description":"62000 Arras, France"},"jetpack_publicize_connections":[],"jetpack_featured_media_url":"https:\/\/www.wallendorff.com\/belogue\/wp-content\/uploads\/2017\/07\/20100705.jpg","jetpack_shortlink":"https:\/\/wp.me\/p3b35P-21R","jetpack_sharing_enabled":true,"jetpack-related-posts":[{"id":12964,"url":"https:\/\/www.wallendorff.com\/belogue\/2011\/07\/04\/main-square-festival-arras-1er-3-juillet\/","url_meta":{"origin":7803,"position":0},"title":"Main Square Festival, Arras, 1er-3 juillet.","author":"dpc","date":"4 juillet 2011","format":false,"excerpt":"Arras, 2 juillet. Parce que je suis un homme de tradition-tion. Les photos suivront. \u00a0Tom Vek \u2013 A Chore [youtube]http:\/\/www.youtube.com\/watch?v=aCfWUl5OvB0[\/youtube]","rel":"","context":"Dans &quot;Alive&quot;","block_context":{"text":"Alive","link":"https:\/\/www.wallendorff.com\/belogue\/category\/alive\/"},"img":{"alt_text":"","src":"https:\/\/i0.wp.com\/www.wallendorff.com\/belogue\/wp-content\/uploads\/2017\/07\/20110704.jpg?resize=350%2C200&ssl=1","width":350,"height":200,"srcset":"https:\/\/i0.wp.com\/www.wallendorff.com\/belogue\/wp-content\/uploads\/2017\/07\/20110704.jpg?resize=350%2C200&ssl=1 1x, https:\/\/i0.wp.com\/www.wallendorff.com\/belogue\/wp-content\/uploads\/2017\/07\/20110704.jpg?resize=525%2C300&ssl=1 1.5x, https:\/\/i0.wp.com\/www.wallendorff.com\/belogue\/wp-content\/uploads\/2017\/07\/20110704.jpg?resize=700%2C400&ssl=1 2x, https:\/\/i0.wp.com\/www.wallendorff.com\/belogue\/wp-content\/uploads\/2017\/07\/20110704.jpg?resize=1050%2C600&ssl=1 3x"},"classes":[]},{"id":18015,"url":"https:\/\/www.wallendorff.com\/belogue\/2012\/07\/02\/main-square-festival-arras-29-juin-1er-juillet\/","url_meta":{"origin":7803,"position":1},"title":"Main Square Festival, Arras, 29 juin &#8211; 1er juillet.","author":"dpc","date":"2 juillet 2012","format":false,"excerpt":"Arras, 1er juillet. Parce que je suis un homme de tradition-tion-tion. Messages personnels\u00a0: Pardon, pardon, pardon \u00e0 toi l'Italien de samedi soir. Je m'en voudrai toute ma vie. Pardon. Merci \u00e0 toi du premier rang qui m'a reconnu vendredi avant Greenshape [ou Stuck in the Sound, je ne sais plus\u2026","rel":"","context":"Dans &quot;Alive&quot;","block_context":{"text":"Alive","link":"https:\/\/www.wallendorff.com\/belogue\/category\/alive\/"},"img":{"alt_text":"","src":"https:\/\/i0.wp.com\/www.wallendorff.com\/belogue\/wp-content\/uploads\/2012\/07\/20120702.jpg?resize=350%2C200&ssl=1","width":350,"height":200,"srcset":"https:\/\/i0.wp.com\/www.wallendorff.com\/belogue\/wp-content\/uploads\/2012\/07\/20120702.jpg?resize=350%2C200&ssl=1 1x, https:\/\/i0.wp.com\/www.wallendorff.com\/belogue\/wp-content\/uploads\/2012\/07\/20120702.jpg?resize=525%2C300&ssl=1 1.5x, https:\/\/i0.wp.com\/www.wallendorff.com\/belogue\/wp-content\/uploads\/2012\/07\/20120702.jpg?resize=700%2C400&ssl=1 2x, https:\/\/i0.wp.com\/www.wallendorff.com\/belogue\/wp-content\/uploads\/2012\/07\/20120702.jpg?resize=1050%2C600&ssl=1 3x"},"classes":[]},{"id":3903,"url":"https:\/\/www.wallendorff.com\/belogue\/2009\/02\/12\/main-square-festival-arras-6-juillet-2008\/","url_meta":{"origin":7803,"position":2},"title":"Main Square Festival, Arras, 6 juillet 2008.","author":"dpc","date":"12 f\u00e9vrier 2009","format":false,"excerpt":"Vampire Weekend \u00a0 The Wombats \u00a0 The D\u00f8 \u00a0 Sigur R\u00f3s \u00a0 Radiohead \u00a0","rel":"","context":"Dans &quot;Alive&quot;","block_context":{"text":"Alive","link":"https:\/\/www.wallendorff.com\/belogue\/category\/alive\/"},"img":{"alt_text":"","src":"https:\/\/i0.wp.com\/www.wallendorff.com\/belogue\/wp-content\/uploads\/2015\/04\/200902121.jpg?resize=350%2C200&ssl=1","width":350,"height":200,"srcset":"https:\/\/i0.wp.com\/www.wallendorff.com\/belogue\/wp-content\/uploads\/2015\/04\/200902121.jpg?resize=350%2C200&ssl=1 1x, https:\/\/i0.wp.com\/www.wallendorff.com\/belogue\/wp-content\/uploads\/2015\/04\/200902121.jpg?resize=525%2C300&ssl=1 1.5x, https:\/\/i0.wp.com\/www.wallendorff.com\/belogue\/wp-content\/uploads\/2015\/04\/200902121.jpg?resize=700%2C400&ssl=1 2x"},"classes":[]},{"id":7800,"url":"https:\/\/www.wallendorff.com\/belogue\/2010\/07\/04\/et-pendant-ce-temps-a-arras\/","url_meta":{"origin":7803,"position":3},"title":"Et pendant ce temps, \u00e0 Arras.","author":"dpc","date":"4 juillet 2010","format":false,"excerpt":"04 juillet, 0:00:50. Pearl Jam, bordel. \u00a0Pearl Jam \u2013 Porch","rel":"","context":"Dans &quot;Alive&quot;","block_context":{"text":"Alive","link":"https:\/\/www.wallendorff.com\/belogue\/category\/alive\/"},"img":{"alt_text":"","src":"https:\/\/i0.wp.com\/www.wallendorff.com\/belogue\/wp-content\/uploads\/2015\/04\/201007042.jpg?resize=350%2C200&ssl=1","width":350,"height":200,"srcset":"https:\/\/i0.wp.com\/www.wallendorff.com\/belogue\/wp-content\/uploads\/2015\/04\/201007042.jpg?resize=350%2C200&ssl=1 1x, https:\/\/i0.wp.com\/www.wallendorff.com\/belogue\/wp-content\/uploads\/2015\/04\/201007042.jpg?resize=525%2C300&ssl=1 1.5x, https:\/\/i0.wp.com\/www.wallendorff.com\/belogue\/wp-content\/uploads\/2015\/04\/201007042.jpg?resize=700%2C400&ssl=1 2x"},"classes":[]},{"id":3898,"url":"https:\/\/www.wallendorff.com\/belogue\/2009\/02\/10\/main-square-festival-arras-05-juillet-2008\/","url_meta":{"origin":7803,"position":4},"title":"Main Square Festival, Arras, 5 juillet 2008.","author":"dpc","date":"10 f\u00e9vrier 2009","format":false,"excerpt":"Je les avais promises l'ann\u00e9e derni\u00e8re et hop les voil\u00e0, les photos du Main Square Festival \u2015\u00a0Munster festival pour les intimes\u00a0\u2015, pr\u00e8s de 7 mois apr\u00e8s la bataille. Youpi. Hoosiers \u00a0 Panic at the Disco \u00a0 BB Brunes \u00a0 The Kooks \u00a0 Mika \u00a0 Apr\u00e8s cette belle s\u00e9ries de photos\u2026","rel":"","context":"Dans &quot;Alive&quot;","block_context":{"text":"Alive","link":"https:\/\/www.wallendorff.com\/belogue\/category\/alive\/"},"img":{"alt_text":"","src":"https:\/\/i0.wp.com\/www.wallendorff.com\/belogue\/wp-content\/uploads\/2015\/04\/200902101.jpg?resize=350%2C200&ssl=1","width":350,"height":200,"srcset":"https:\/\/i0.wp.com\/www.wallendorff.com\/belogue\/wp-content\/uploads\/2015\/04\/200902101.jpg?resize=350%2C200&ssl=1 1x, https:\/\/i0.wp.com\/www.wallendorff.com\/belogue\/wp-content\/uploads\/2015\/04\/200902101.jpg?resize=525%2C300&ssl=1 1.5x, https:\/\/i0.wp.com\/www.wallendorff.com\/belogue\/wp-content\/uploads\/2015\/04\/200902101.jpg?resize=700%2C400&ssl=1 2x"},"classes":[]},{"id":1264,"url":"https:\/\/www.wallendorff.com\/belogue\/2008\/07\/07\/main-square-festival-arras-5-6-juillet\/","url_meta":{"origin":7803,"position":5},"title":"Main Square Festival, Arras, 5-6 juillet.","author":"dpc","date":"7 juillet 2008","format":false,"excerpt":"\u00a0Radiohead \u2013 The National Anthem (live) Et se dire que finalement, apr\u00e8s avoir eu Radiohead rien que pour soi dans un concert meilleur que celui de Bercy, apr\u00e8s avoir d\u00e9couvert que les Kooks ne sont pas si anecdotiques que \u00e7a, apr\u00e8s avoir pu passer du temps avec des gens pas\u2026","rel":"","context":"Dans &quot;Alive&quot;","block_context":{"text":"Alive","link":"https:\/\/www.wallendorff.com\/belogue\/category\/alive\/"},"img":{"alt_text":"","src":"https:\/\/i0.wp.com\/www.wallendorff.com\/belogue\/wp-content\/uploads\/2017\/07\/20080707.jpg?resize=350%2C200&ssl=1","width":350,"height":200,"srcset":"https:\/\/i0.wp.com\/www.wallendorff.com\/belogue\/wp-content\/uploads\/2017\/07\/20080707.jpg?resize=350%2C200&ssl=1 1x, https:\/\/i0.wp.com\/www.wallendorff.com\/belogue\/wp-content\/uploads\/2017\/07\/20080707.jpg?resize=525%2C300&ssl=1 1.5x, https:\/\/i0.wp.com\/www.wallendorff.com\/belogue\/wp-content\/uploads\/2017\/07\/20080707.jpg?resize=700%2C400&ssl=1 2x, https:\/\/i0.wp.com\/www.wallendorff.com\/belogue\/wp-content\/uploads\/2017\/07\/20080707.jpg?resize=1050%2C600&ssl=1 3x"},"classes":[]}],"_links":{"self":[{"href":"https:\/\/www.wallendorff.com\/belogue\/wp-json\/wp\/v2\/posts\/7803","targetHints":{"allow":["GET"]}}],"collection":[{"href":"https:\/\/www.wallendorff.com\/belogue\/wp-json\/wp\/v2\/posts"}],"about":[{"href":"https:\/\/www.wallendorff.com\/belogue\/wp-json\/wp\/v2\/types\/post"}],"author":[{"embeddable":true,"href":"https:\/\/www.wallendorff.com\/belogue\/wp-json\/wp\/v2\/users\/1"}],"replies":[{"embeddable":true,"href":"https:\/\/www.wallendorff.com\/belogue\/wp-json\/wp\/v2\/comments?post=7803"}],"version-history":[{"count":4,"href":"https:\/\/www.wallendorff.com\/belogue\/wp-json\/wp\/v2\/posts\/7803\/revisions"}],"predecessor-version":[{"id":49072,"href":"https:\/\/www.wallendorff.com\/belogue\/wp-json\/wp\/v2\/posts\/7803\/revisions\/49072"}],"wp:featuredmedia":[{"embeddable":true,"href":"https:\/\/www.wallendorff.com\/belogue\/wp-json\/wp\/v2\/media\/49062"}],"wp:attachment":[{"href":"https:\/\/www.wallendorff.com\/belogue\/wp-json\/wp\/v2\/media?parent=7803"}],"wp:term":[{"taxonomy":"category","embeddable":true,"href":"https:\/\/www.wallendorff.com\/belogue\/wp-json\/wp\/v2\/categories?post=7803"},{"taxonomy":"post_tag","embeddable":true,"href":"https:\/\/www.wallendorff.com\/belogue\/wp-json\/wp\/v2\/tags?post=7803"}],"curies":[{"name":"wp","href":"https:\/\/api.w.org\/{rel}","templated":true}]}}