{"id":7800,"date":"2010-07-04T12:09:34","date_gmt":"2010-07-04T10:09:34","guid":{"rendered":"http:\/\/www.po-l.com\/belogue\/?p=7800"},"modified":"2012-05-09T11:06:44","modified_gmt":"2012-05-09T09:06:44","slug":"et-pendant-ce-temps-a-arras","status":"publish","type":"post","link":"https:\/\/www.wallendorff.com\/belogue\/2010\/07\/04\/et-pendant-ce-temps-a-arras\/","title":{"rendered":"Et pendant ce temps, \u00e0 Arras."},"content":{"rendered":"\n<div id=\"photo\">\n<p><img decoding=\"async\" src=\"https:\/\/www.wallendorff.com\/belogue\/photo\/2010\/07\/20100704.jpg\" \/><br \/>\n04 juillet, 0:00:50.<\/p>\n<\/p><\/div>\n<p style=\"text-align:right\">Pearl Jam, bordel.<\/p>\n<div id=\"bandeson\">\n<p><img decoding=\"async\" src=\"https:\/\/www.wallendorff.com\/belogue\/photo\/pochettes\/p\/pearl_jam-ten_redux.jpg\" align=\"left\" \/>&nbsp;<a href=\"http:\/\/www.tenclub.net\">Pearl Jam<\/a> &ndash; <em>Porch<\/em><\/p>\n<\/p><\/div>\n","protected":false},"excerpt":{"rendered":"<p>04 juillet, 0:00:50. Pearl Jam, bordel. &nbsp;Pearl Jam &ndash; Porch<\/p>\n","protected":false},"author":1,"featured_media":25815,"comment_status":"open","ping_status":"open","sticky":false,"template":"","format":"standard","meta":{"_acf_changed":false,"ngg_post_thumbnail":0,"jetpack_post_was_ever_published":false,"_jetpack_newsletter_access":"","_jetpack_dont_email_post_to_subs":false,"_jetpack_newsletter_tier_id":0,"_jetpack_memberships_contains_paywalled_content":false,"_jetpack_memberships_contains_paid_content":false,"footnotes":"","jetpack_publicize_message":"","jetpack_publicize_feature_enabled":true,"jetpack_social_post_already_shared":false,"jetpack_social_options":{"image_generator_settings":{"template":"highway","default_image_id":0,"font":"","enabled":false},"version":2}},"categories":[7],"tags":[10654,10084,10490,196,2615,10330,10238,10136,10120,10309,10489,10763,143,10492,10499,10491,10165,3944,10135,10407],"class_list":["post-7800","post","type-post","status-publish","format-standard","has-post-thumbnail","hentry","category-alive","tag-10654","tag-alive","tag-arras","tag-ef-28-70-mm-f28l-usm","tag-eos-5d-mark-ii","tag-eddie-vedder","tag-eglise","tag-festival","tag-france","tag-horloge","tag-main-square-festival","tag-main-square-festival-2010","tag-noir-et-blanc","tag-nord-pas-de-calais","tag-ombre","tag-pas-de-calais","tag-pearl-jam","tag-porch","tag-public","tag-silhouette"],"acf":[],"geo":{"latitude":50.2830086,"longitude":2.7600901,"description":"62000 Arras, France"},"jetpack_publicize_connections":[],"jetpack_featured_media_url":"https:\/\/www.wallendorff.com\/belogue\/wp-content\/uploads\/2015\/04\/201007042.jpg","jetpack_shortlink":"https:\/\/wp.me\/p3b35P-21O","jetpack_sharing_enabled":true,"jetpack-related-posts":[{"id":1267,"url":"https:\/\/www.wallendorff.com\/belogue\/2008\/07\/10\/shooting-people-31\/","url_meta":{"origin":7800,"position":0},"title":"Shooting people #31.","author":"dpc","date":"10 juillet 2008","format":false,"excerpt":"Main Square Festival, Arras, 5 juillet. If I had known then what I know now. \u00a0 Pearl Jam \u2013 Red Mosquito","rel":"","context":"Dans &quot;Portraits&quot;","block_context":{"text":"Portraits","link":"https:\/\/www.wallendorff.com\/belogue\/category\/portraits\/"},"img":{"alt_text":"","src":"https:\/\/i0.wp.com\/www.wallendorff.com\/belogue\/wp-content\/uploads\/2015\/04\/200807101.jpg?resize=350%2C200&ssl=1","width":350,"height":200,"srcset":"https:\/\/i0.wp.com\/www.wallendorff.com\/belogue\/wp-content\/uploads\/2015\/04\/200807101.jpg?resize=350%2C200&ssl=1 1x, https:\/\/i0.wp.com\/www.wallendorff.com\/belogue\/wp-content\/uploads\/2015\/04\/200807101.jpg?resize=525%2C300&ssl=1 1.5x, https:\/\/i0.wp.com\/www.wallendorff.com\/belogue\/wp-content\/uploads\/2015\/04\/200807101.jpg?resize=700%2C400&ssl=1 2x"},"classes":[]},{"id":4318,"url":"https:\/\/www.wallendorff.com\/belogue\/2009\/06\/22\/reblowing-in-the-rewind\/","url_meta":{"origin":7800,"position":1},"title":"Reblowing in the rewind.","author":"dpc","date":"22 juin 2009","format":false,"excerpt":"N Farwell Avenue, Milwaukee, 29 avril. \u00a0 Pearl Jam \u2013 Wasted Reprise","rel":"","context":"Dans &quot;DPC&quot;","block_context":{"text":"DPC","link":"https:\/\/www.wallendorff.com\/belogue\/category\/dpc\/"},"img":{"alt_text":"","src":"https:\/\/i0.wp.com\/www.wallendorff.com\/belogue\/wp-content\/uploads\/2015\/04\/200906221.jpg?resize=350%2C200&ssl=1","width":350,"height":200},"classes":[]},{"id":18107,"url":"https:\/\/www.wallendorff.com\/belogue\/2012\/07\/06\/main-square-festival-2012-hors-scenes\/","url_meta":{"origin":7800,"position":2},"title":"Main Square Festival 2012, hors-sc\u00e8ne[s].","author":"dpc","date":"6 juillet 2012","format":false,"excerpt":"Pfiou, voil\u00e0 c'est tout. Et \u00e0 part \u00e7a, rien. \u00c0 l'ann\u00e9e prochaine, ma foi. Le premier jour (Kasabian, Editors, Garbage) est par ici. Le deuxi\u00e8me jour (Pearl Jam, Florence and the Machine, Skip the Use) est par l\u00e0. Le troisi\u00e8me jour (Shaka Ponk, Incubus, The Mars Volta) est par l\u00e0.\u2026","rel":"","context":"Dans &quot;Alive&quot;","block_context":{"text":"Alive","link":"https:\/\/www.wallendorff.com\/belogue\/category\/alive\/"},"img":{"alt_text":"","src":"https:\/\/i0.wp.com\/www.wallendorff.com\/belogue\/wp-content\/uploads\/2015\/04\/201207061.jpg?resize=350%2C200&ssl=1","width":350,"height":200,"srcset":"https:\/\/i0.wp.com\/www.wallendorff.com\/belogue\/wp-content\/uploads\/2015\/04\/201207061.jpg?resize=350%2C200&ssl=1 1x, https:\/\/i0.wp.com\/www.wallendorff.com\/belogue\/wp-content\/uploads\/2015\/04\/201207061.jpg?resize=525%2C300&ssl=1 1.5x, https:\/\/i0.wp.com\/www.wallendorff.com\/belogue\/wp-content\/uploads\/2015\/04\/201207061.jpg?resize=700%2C400&ssl=1 2x"},"classes":[]},{"id":18051,"url":"https:\/\/www.wallendorff.com\/belogue\/2012\/07\/04\/main-square-festival-jour-2-2\/","url_meta":{"origin":7800,"position":3},"title":"Main Square Festival 2012, jour 2.","author":"dpc","date":"4 juillet 2012","format":false,"excerpt":"D\u00e9couvrir qu'on est valid\u00e9 pour Pearl Jam. Rater \u00e0 deux reprises le saut du chanteur de Skip the Use. Aller s'assurer qu'on est bien valid\u00e9 pour Pearl Jam. Se faire saucer. Chiper un poncho Virgin Radio. Rater Within Temptation. Aller voir si on est toujours valid\u00e9 pour Pearl Jam. Se\u2026","rel":"","context":"Dans &quot;Alive&quot;","block_context":{"text":"Alive","link":"https:\/\/www.wallendorff.com\/belogue\/category\/alive\/"},"img":{"alt_text":"","src":"https:\/\/i0.wp.com\/www.wallendorff.com\/belogue\/wp-content\/uploads\/2015\/04\/201207041.jpg?resize=350%2C200&ssl=1","width":350,"height":200,"srcset":"https:\/\/i0.wp.com\/www.wallendorff.com\/belogue\/wp-content\/uploads\/2015\/04\/201207041.jpg?resize=350%2C200&ssl=1 1x, https:\/\/i0.wp.com\/www.wallendorff.com\/belogue\/wp-content\/uploads\/2015\/04\/201207041.jpg?resize=525%2C300&ssl=1 1.5x, https:\/\/i0.wp.com\/www.wallendorff.com\/belogue\/wp-content\/uploads\/2015\/04\/201207041.jpg?resize=700%2C400&ssl=1 2x"},"classes":[]},{"id":7803,"url":"https:\/\/www.wallendorff.com\/belogue\/2010\/07\/05\/main-square-festival-arras-2-4-juillet\/","url_meta":{"origin":7800,"position":4},"title":"Main Square Festival, Arras, 2-4 juillet.","author":"dpc","date":"5 juillet 2010","format":false,"excerpt":"Arras, 4 juillet. Parce que je suis un homme de traditions. Les photos viendront plus tard, en attendant j'ai laiss\u00e9 tra\u00eener 2-3 flash infos sur Truitteur, pour ceux qui veulent. Woohoo. \u00a0Ikara Colt \u2013 One Note","rel":"","context":"Dans &quot;Alive&quot;","block_context":{"text":"Alive","link":"https:\/\/www.wallendorff.com\/belogue\/category\/alive\/"},"img":{"alt_text":"","src":"https:\/\/i0.wp.com\/www.wallendorff.com\/belogue\/wp-content\/uploads\/2017\/07\/20100705.jpg?resize=350%2C200&ssl=1","width":350,"height":200,"srcset":"https:\/\/i0.wp.com\/www.wallendorff.com\/belogue\/wp-content\/uploads\/2017\/07\/20100705.jpg?resize=350%2C200&ssl=1 1x, https:\/\/i0.wp.com\/www.wallendorff.com\/belogue\/wp-content\/uploads\/2017\/07\/20100705.jpg?resize=525%2C300&ssl=1 1.5x, https:\/\/i0.wp.com\/www.wallendorff.com\/belogue\/wp-content\/uploads\/2017\/07\/20100705.jpg?resize=700%2C400&ssl=1 2x, https:\/\/i0.wp.com\/www.wallendorff.com\/belogue\/wp-content\/uploads\/2017\/07\/20100705.jpg?resize=1050%2C600&ssl=1 3x"},"classes":[]},{"id":12964,"url":"https:\/\/www.wallendorff.com\/belogue\/2011\/07\/04\/main-square-festival-arras-1er-3-juillet\/","url_meta":{"origin":7800,"position":5},"title":"Main Square Festival, Arras, 1er-3 juillet.","author":"dpc","date":"4 juillet 2011","format":false,"excerpt":"Arras, 2 juillet. Parce que je suis un homme de tradition-tion. Les photos suivront. \u00a0Tom Vek \u2013 A Chore [youtube]http:\/\/www.youtube.com\/watch?v=aCfWUl5OvB0[\/youtube]","rel":"","context":"Dans &quot;Alive&quot;","block_context":{"text":"Alive","link":"https:\/\/www.wallendorff.com\/belogue\/category\/alive\/"},"img":{"alt_text":"","src":"https:\/\/i0.wp.com\/www.wallendorff.com\/belogue\/wp-content\/uploads\/2017\/07\/20110704.jpg?resize=350%2C200&ssl=1","width":350,"height":200,"srcset":"https:\/\/i0.wp.com\/www.wallendorff.com\/belogue\/wp-content\/uploads\/2017\/07\/20110704.jpg?resize=350%2C200&ssl=1 1x, https:\/\/i0.wp.com\/www.wallendorff.com\/belogue\/wp-content\/uploads\/2017\/07\/20110704.jpg?resize=525%2C300&ssl=1 1.5x, https:\/\/i0.wp.com\/www.wallendorff.com\/belogue\/wp-content\/uploads\/2017\/07\/20110704.jpg?resize=700%2C400&ssl=1 2x, https:\/\/i0.wp.com\/www.wallendorff.com\/belogue\/wp-content\/uploads\/2017\/07\/20110704.jpg?resize=1050%2C600&ssl=1 3x"},"classes":[]}],"_links":{"self":[{"href":"https:\/\/www.wallendorff.com\/belogue\/wp-json\/wp\/v2\/posts\/7800","targetHints":{"allow":["GET"]}}],"collection":[{"href":"https:\/\/www.wallendorff.com\/belogue\/wp-json\/wp\/v2\/posts"}],"about":[{"href":"https:\/\/www.wallendorff.com\/belogue\/wp-json\/wp\/v2\/types\/post"}],"author":[{"embeddable":true,"href":"https:\/\/www.wallendorff.com\/belogue\/wp-json\/wp\/v2\/users\/1"}],"replies":[{"embeddable":true,"href":"https:\/\/www.wallendorff.com\/belogue\/wp-json\/wp\/v2\/comments?post=7800"}],"version-history":[{"count":2,"href":"https:\/\/www.wallendorff.com\/belogue\/wp-json\/wp\/v2\/posts\/7800\/revisions"}],"predecessor-version":[{"id":13621,"href":"https:\/\/www.wallendorff.com\/belogue\/wp-json\/wp\/v2\/posts\/7800\/revisions\/13621"}],"wp:featuredmedia":[{"embeddable":true,"href":"https:\/\/www.wallendorff.com\/belogue\/wp-json\/wp\/v2\/media\/25815"}],"wp:attachment":[{"href":"https:\/\/www.wallendorff.com\/belogue\/wp-json\/wp\/v2\/media?parent=7800"}],"wp:term":[{"taxonomy":"category","embeddable":true,"href":"https:\/\/www.wallendorff.com\/belogue\/wp-json\/wp\/v2\/categories?post=7800"},{"taxonomy":"post_tag","embeddable":true,"href":"https:\/\/www.wallendorff.com\/belogue\/wp-json\/wp\/v2\/tags?post=7800"}],"curies":[{"name":"wp","href":"https:\/\/api.w.org\/{rel}","templated":true}]}}