{"id":7792,"date":"2010-07-02T10:04:32","date_gmt":"2010-07-02T08:04:32","guid":{"rendered":"http:\/\/www.po-l.com\/belogue\/?p=7792"},"modified":"2012-02-09T13:45:42","modified_gmt":"2012-02-09T11:45:42","slug":"tranxene-de-le-matin","status":"publish","type":"post","link":"https:\/\/www.wallendorff.com\/belogue\/2010\/07\/02\/tranxene-de-le-matin\/","title":{"rendered":"Tranx\u00e8ne de le matin."},"content":{"rendered":"\n<div id=\"photo\">\n<p><img decoding=\"async\" src=\"https:\/\/www.wallendorff.com\/belogue\/photo\/2010\/07\/20100702.jpg\" \/><br \/>\nEsplanade, Metz, 23 mai.<\/p>\n<\/p><\/div>\n<p style=\"text-align:right\">Y a des anniversaires qu&rsquo;il vaut mieux aller passer ailleurs.<\/p>\n<p>&nbsp;<\/p>\n<p style=\"text-align:right\">Und jetzt, nach Arras.<\/p>\n<div id=\"bandeson\">\n<p><img decoding=\"async\" src=\"https:\/\/www.wallendorff.com\/belogue\/photo\/pochettes\/c\/crystal_fighters-in_the_summer.jpg\" align=\"left\" \/>&nbsp;<a href=\"http:\/\/www.myspace.com\/crystalfighters\">Crystal Fighters<\/a> &ndash; <em>In the Summer<\/em><\/p>\n<\/p><\/div>\n","protected":false},"excerpt":{"rendered":"<p>Esplanade, Metz, 23 mai. Y a des anniversaires qu&rsquo;il vaut mieux aller passer ailleurs. &nbsp; Und jetzt, nach Arras. &nbsp;Crystal Fighters &ndash; In the Summer<\/p>\n","protected":false},"author":1,"featured_media":25814,"comment_status":"open","ping_status":"open","sticky":false,"template":"","format":"standard","meta":{"_acf_changed":false,"ngg_post_thumbnail":0,"jetpack_post_was_ever_published":false,"_jetpack_newsletter_access":"","_jetpack_dont_email_post_to_subs":false,"_jetpack_newsletter_tier_id":0,"_jetpack_memberships_contains_paywalled_content":false,"_jetpack_memberships_contains_paid_content":false,"footnotes":"","jetpack_publicize_message":"","jetpack_publicize_feature_enabled":true,"jetpack_social_post_already_shared":false,"jetpack_social_options":{"image_generator_settings":{"template":"highway","default_image_id":0,"font":"","enabled":false},"version":2}},"categories":[3],"tags":[2571,2615,10144,10762,10311,3938,10120,3940,10175,10173,10174,10599,10381,10227],"class_list":["post-7792","post","type-post","status-publish","format-standard","has-post-thumbnail","hentry","category-dpc","tag-ef-16-35-mm-f28l-ii-usm","tag-eos-5d-mark-ii","tag-ciel","tag-crystal-fighters","tag-dos","tag-esplanade","tag-france","tag-in-the-summer","tag-lorraine","tag-metz","tag-moselle","tag-nuage","tag-place-de-la-republique","tag-statue"],"acf":[],"geo":{"latitude":49.1155128,"longitude":6.1714869,"description":"Promenade de l&apos;Esplanade, 57000 Metz, France"},"jetpack_publicize_connections":[],"jetpack_featured_media_url":"https:\/\/www.wallendorff.com\/belogue\/wp-content\/uploads\/2015\/04\/201007021.jpg","jetpack_shortlink":"https:\/\/wp.me\/p3b35P-21G","jetpack_sharing_enabled":true,"jetpack-related-posts":[{"id":12410,"url":"https:\/\/www.wallendorff.com\/belogue\/2011\/03\/10\/roue-bancs-a-des-ifs\/","url_meta":{"origin":7792,"position":0},"title":"Roue, bancs \u00e0 des ifs.","author":"dpc","date":"10 mars 2011","format":false,"excerpt":"Esplanade, Metz, 13 f\u00e9vrier. \u00a0Steve Wynn and the Miracle 3 \u2013 Resolution","rel":"","context":"Dans &quot;DPC&quot;","block_context":{"text":"DPC","link":"https:\/\/www.wallendorff.com\/belogue\/category\/dpc\/"},"img":{"alt_text":"","src":"https:\/\/i0.wp.com\/www.wallendorff.com\/belogue\/wp-content\/uploads\/2015\/04\/201103101.jpg?resize=350%2C200&ssl=1","width":350,"height":200},"classes":[]},{"id":7822,"url":"https:\/\/www.wallendorff.com\/belogue\/2010\/07\/08\/7822\/","url_meta":{"origin":7792,"position":1},"title":"&#8230;","author":"dpc","date":"8 juillet 2010","format":false,"excerpt":"Arsenal, Metz, 23 mai. [\u00c7a y est je suis sec du titre. Ma vie est foutue.] \u00a0Meursault \u2013 The Furnace (alternate version)","rel":"","context":"Dans &quot;DPC&quot;","block_context":{"text":"DPC","link":"https:\/\/www.wallendorff.com\/belogue\/category\/dpc\/"},"img":{"alt_text":"","src":"https:\/\/i0.wp.com\/www.wallendorff.com\/belogue\/wp-content\/uploads\/2015\/04\/201007081.jpg?resize=350%2C200&ssl=1","width":350,"height":200},"classes":[]},{"id":4172,"url":"https:\/\/www.wallendorff.com\/belogue\/2009\/04\/24\/mil777\/","url_meta":{"origin":7792,"position":2},"title":"1777.","author":"dpc","date":"24 avril 2009","format":false,"excerpt":"Jardins du Palais de Justice, Metz, 20 mars. Zou, parti. En guise de bande-son et en attendant la prochaine note, qui pourrait mettre le temps \u00e0 venir, je vous laisse profiter du trop top d\u00e9jy set qu'Ama-L m'a gentiment invit\u00e9 \u00e0 faire. Il est l\u00e0, et j'esp\u00e8re qu'il vous plaira.\u2026","rel":"","context":"Dans &quot;DPC&quot;","block_context":{"text":"DPC","link":"https:\/\/www.wallendorff.com\/belogue\/category\/dpc\/"},"img":{"alt_text":"","src":"https:\/\/i0.wp.com\/www.wallendorff.com\/belogue\/wp-content\/uploads\/2015\/04\/200904241.jpg?resize=350%2C200&ssl=1","width":350,"height":200},"classes":[]},{"id":7774,"url":"https:\/\/www.wallendorff.com\/belogue\/2010\/06\/30\/en-slip-harley-sarah-tousse-toi\/","url_meta":{"origin":7792,"position":3},"title":"En slip Harley, Sarah tousse-toi.","author":"dpc","date":"30 juin 2010","format":false,"excerpt":"Rue Jacques-Fran\u00e7ois Blondel, Metz, 22 mai. Mais \u00e0 part \u00e7a, rien. \u00a0The Ponys \u2013 Little Friends","rel":"","context":"Dans &quot;DPC&quot;","block_context":{"text":"DPC","link":"https:\/\/www.wallendorff.com\/belogue\/category\/dpc\/"},"img":{"alt_text":"","src":"https:\/\/i0.wp.com\/www.wallendorff.com\/belogue\/wp-content\/uploads\/2015\/04\/201006301.jpg?resize=350%2C200&ssl=1","width":350,"height":200},"classes":[]},{"id":116,"url":"https:\/\/www.wallendorff.com\/belogue\/2006\/04\/05\/poneyshot-2\/","url_meta":{"origin":7792,"position":4},"title":"Poneyshot #2.","author":"dpc","date":"5 avril 2006","format":false,"excerpt":"Attention. Cette note contient, elle aussi, une v\u00e9ritable photo de poney.","rel":"","context":"Dans &quot;DPC&quot;","block_context":{"text":"DPC","link":"https:\/\/www.wallendorff.com\/belogue\/category\/dpc\/"},"img":{"alt_text":"","src":"https:\/\/i0.wp.com\/www.wallendorff.com\/belogue\/wp-content\/uploads\/2015\/04\/200604051.jpg?resize=350%2C200&ssl=1","width":350,"height":200},"classes":[]},{"id":115,"url":"https:\/\/www.wallendorff.com\/belogue\/2006\/04\/04\/poneyshot-1\/","url_meta":{"origin":7792,"position":5},"title":"Poneyshot #1.","author":"dpc","date":"4 avril 2006","format":false,"excerpt":"Attention. La note qui suit contient une v\u00e9ritable photo de poney.","rel":"","context":"Dans &quot;DPC&quot;","block_context":{"text":"DPC","link":"https:\/\/www.wallendorff.com\/belogue\/category\/dpc\/"},"img":{"alt_text":"","src":"https:\/\/i0.wp.com\/www.wallendorff.com\/belogue\/wp-content\/uploads\/2015\/04\/200604021.jpg?resize=350%2C200&ssl=1","width":350,"height":200},"classes":[]}],"_links":{"self":[{"href":"https:\/\/www.wallendorff.com\/belogue\/wp-json\/wp\/v2\/posts\/7792","targetHints":{"allow":["GET"]}}],"collection":[{"href":"https:\/\/www.wallendorff.com\/belogue\/wp-json\/wp\/v2\/posts"}],"about":[{"href":"https:\/\/www.wallendorff.com\/belogue\/wp-json\/wp\/v2\/types\/post"}],"author":[{"embeddable":true,"href":"https:\/\/www.wallendorff.com\/belogue\/wp-json\/wp\/v2\/users\/1"}],"replies":[{"embeddable":true,"href":"https:\/\/www.wallendorff.com\/belogue\/wp-json\/wp\/v2\/comments?post=7792"}],"version-history":[{"count":1,"href":"https:\/\/www.wallendorff.com\/belogue\/wp-json\/wp\/v2\/posts\/7792\/revisions"}],"predecessor-version":[{"id":15808,"href":"https:\/\/www.wallendorff.com\/belogue\/wp-json\/wp\/v2\/posts\/7792\/revisions\/15808"}],"wp:featuredmedia":[{"embeddable":true,"href":"https:\/\/www.wallendorff.com\/belogue\/wp-json\/wp\/v2\/media\/25814"}],"wp:attachment":[{"href":"https:\/\/www.wallendorff.com\/belogue\/wp-json\/wp\/v2\/media?parent=7792"}],"wp:term":[{"taxonomy":"category","embeddable":true,"href":"https:\/\/www.wallendorff.com\/belogue\/wp-json\/wp\/v2\/categories?post=7792"},{"taxonomy":"post_tag","embeddable":true,"href":"https:\/\/www.wallendorff.com\/belogue\/wp-json\/wp\/v2\/tags?post=7792"}],"curies":[{"name":"wp","href":"https:\/\/api.w.org\/{rel}","templated":true}]}}