{"id":7769,"date":"2010-06-28T10:29:18","date_gmt":"2010-06-28T08:29:18","guid":{"rendered":"http:\/\/www.po-l.com\/belogue\/?p=7769"},"modified":"2012-05-05T22:50:50","modified_gmt":"2012-05-05T20:50:50","slug":"gros-ridant-lapre-hument","status":"publish","type":"post","link":"https:\/\/www.wallendorff.com\/belogue\/2010\/06\/28\/gros-ridant-lapre-hument\/","title":{"rendered":"Gros ridant l&rsquo;\u00e2pre hument."},"content":{"rendered":"\n<div id=\"photo\">\n<p><img decoding=\"async\" src=\"https:\/\/www.wallendorff.com\/belogue\/photo\/2010\/06\/\/20100628.jpg\" \/><br \/>\nCentre Pompidou-Metz, Metz, 23 mai.<\/p>\n<\/p><\/div>\n<p style=\"text-align:right\">Lundi, tout &ccedil;a.<\/p>\n<p style=\"text-align:right\">Encore une moiti&eacute; d&rsquo;ann&eacute;e en moins, encore pas vu passer.<\/p>\n<p style=\"text-align:right\">La routine, quoi.<\/p>\n<div id=\"bandeson\">\n<p><img decoding=\"async\" src=\"https:\/\/www.wallendorff.com\/belogue\/photo\/pochettes\/n\/nada_surf-if_i_had_a_hifi.jpg\" align=\"left\" \/>&nbsp;<a href=\"http:\/\/www.nadasurf.com\/\">Nada Surf<\/a> &ndash; <em>Enjoy the Silence<\/em> (Depeche Mode cover)<\/p>\n<\/p><\/div>\n","protected":false},"excerpt":{"rendered":"<p>Centre Pompidou-Metz, Metz, 23 mai. Lundi, tout &ccedil;a. Encore une moiti&eacute; d&rsquo;ann&eacute;e en moins, encore pas vu passer. La routine, quoi. &nbsp;Nada Surf &ndash; Enjoy the Silence (Depeche Mode cover)<\/p>\n","protected":false},"author":1,"featured_media":25810,"comment_status":"open","ping_status":"open","sticky":false,"template":"","format":"standard","meta":{"_acf_changed":false,"ngg_post_thumbnail":0,"jetpack_post_was_ever_published":false,"_jetpack_newsletter_access":"","_jetpack_dont_email_post_to_subs":false,"_jetpack_newsletter_tier_id":0,"_jetpack_memberships_contains_paywalled_content":false,"_jetpack_memberships_contains_paid_content":false,"footnotes":"","jetpack_publicize_message":"","jetpack_publicize_feature_enabled":true,"jetpack_social_post_already_shared":false,"jetpack_social_options":{"image_generator_settings":{"template":"highway","default_image_id":0,"font":"","enabled":false},"version":2}},"categories":[3],"tags":[2615,3914,10126,511,10120,3928,10175,10173,10174,10232,10274,10147,793,170,10407],"class_list":["post-7769","post","type-post","status-publish","format-standard","has-post-thumbnail","hentry","category-dpc","tag-eos-5d-mark-ii","tag-centre-pompidou-metz","tag-depeche-mode","tag-enjoy-the-silence","tag-france","tag-gens","tag-lorraine","tag-metz","tag-moselle","tag-musee","tag-nada-surf","tag-nuit","tag-orange","tag-sigma-70-300-mm-f4-56-dg-apo-macro","tag-silhouette"],"acf":[],"geo":{"latitude":49.1077652,"longitude":6.1800399,"description":"Avenue Andr\u00e9 Malraux, 57000 Metz, France"},"jetpack_publicize_connections":[],"jetpack_featured_media_url":"https:\/\/www.wallendorff.com\/belogue\/wp-content\/uploads\/2015\/04\/201006281.jpg","jetpack_shortlink":"https:\/\/wp.me\/p3b35P-21j","jetpack_sharing_enabled":true,"jetpack-related-posts":[{"id":7762,"url":"https:\/\/www.wallendorff.com\/belogue\/2010\/06\/25\/pompidou-by-nuit-1\/","url_meta":{"origin":7769,"position":0},"title":"Pompidou by nuit [1].","author":"dpc","date":"25 juin 2010","format":false,"excerpt":"Centre Pompidou-Metz, Metz, 23 mai. Bon c'est vendredi alors soyons fous et r\u00e9it\u00e9rons le coup de la bande-son \u00e0 choix multiple. N'oublie pas de voter pour \u00e9lire ton titre-star et peut-\u00eatre gagner des places vipes pour la prochaine tourn\u00e9e de M. Pokora\u00a0: \u00a0The Black Angels \u2013 18 Years \u00a0Woodsman \u2013\u2026","rel":"","context":"Dans &quot;DPC&quot;","block_context":{"text":"DPC","link":"https:\/\/www.wallendorff.com\/belogue\/category\/dpc\/"},"img":{"alt_text":"","src":"https:\/\/i0.wp.com\/www.wallendorff.com\/belogue\/wp-content\/uploads\/2015\/04\/201006251.jpg?resize=350%2C200&ssl=1","width":350,"height":200},"classes":[]},{"id":17942,"url":"https:\/\/www.wallendorff.com\/belogue\/2012\/06\/27\/en-voit-durcie-molle\/","url_meta":{"origin":7769,"position":1},"title":"En voit durcie molle.","author":"dpc","date":"27 juin 2012","format":false,"excerpt":"Centre Pompidou-Metz, Metz, 13 mai. The Hives \u2013 Come on!","rel":"","context":"Dans &quot;DPC&quot;","block_context":{"text":"DPC","link":"https:\/\/www.wallendorff.com\/belogue\/category\/dpc\/"},"img":{"alt_text":"","src":"https:\/\/i0.wp.com\/www.wallendorff.com\/belogue\/wp-content\/uploads\/2015\/04\/201206271.jpg?resize=350%2C200&ssl=1","width":350,"height":200},"classes":[]},{"id":22429,"url":"https:\/\/www.wallendorff.com\/belogue\/2014\/01\/21\/solives-me-alone\/","url_meta":{"origin":7769,"position":2},"title":"Solives me alone.","author":"dpc","date":"21 janvier 2014","format":false,"excerpt":"Centre Pompidou-Metz, Metz, 27 d\u00e9cembre 2013. Cocaine FIDLAR","rel":"","context":"Dans &quot;DPC&quot;","block_context":{"text":"DPC","link":"https:\/\/www.wallendorff.com\/belogue\/category\/dpc\/"},"img":{"alt_text":"","src":"https:\/\/i0.wp.com\/www.wallendorff.com\/belogue\/wp-content\/uploads\/2015\/04\/201401211.jpg?resize=350%2C200&ssl=1","width":350,"height":200,"srcset":"https:\/\/i0.wp.com\/www.wallendorff.com\/belogue\/wp-content\/uploads\/2015\/04\/201401211.jpg?resize=350%2C200&ssl=1 1x, https:\/\/i0.wp.com\/www.wallendorff.com\/belogue\/wp-content\/uploads\/2015\/04\/201401211.jpg?resize=525%2C300&ssl=1 1.5x"},"classes":[]},{"id":17956,"url":"https:\/\/www.wallendorff.com\/belogue\/2012\/06\/28\/las-grand-tas-triste-chauffe\/","url_meta":{"origin":7769,"position":3},"title":"Las grand tas triste chauffe.","author":"dpc","date":"28 juin 2012","format":false,"excerpt":"Centre Pompidou-Metz, Metz, 13 mai. Crocodiles \u2013 Sunday (Psychic Conversation #9)","rel":"","context":"Dans &quot;DPC&quot;","block_context":{"text":"DPC","link":"https:\/\/www.wallendorff.com\/belogue\/category\/dpc\/"},"img":{"alt_text":"","src":"https:\/\/i0.wp.com\/www.wallendorff.com\/belogue\/wp-content\/uploads\/2015\/04\/201206281.jpg?resize=350%2C200&ssl=1","width":350,"height":200,"srcset":"https:\/\/i0.wp.com\/www.wallendorff.com\/belogue\/wp-content\/uploads\/2015\/04\/201206281.jpg?resize=350%2C200&ssl=1 1x, https:\/\/i0.wp.com\/www.wallendorff.com\/belogue\/wp-content\/uploads\/2015\/04\/201206281.jpg?resize=525%2C300&ssl=1 1.5x, https:\/\/i0.wp.com\/www.wallendorff.com\/belogue\/wp-content\/uploads\/2015\/04\/201206281.jpg?resize=700%2C400&ssl=1 2x"},"classes":[]},{"id":18117,"url":"https:\/\/www.wallendorff.com\/belogue\/2012\/07\/09\/poutres-a-part-hantent\/","url_meta":{"origin":7769,"position":4},"title":"Poutres \u00e0 part hantent.","author":"dpc","date":"9 juillet 2012","format":false,"excerpt":"Centre Pompidou-Metz, Metz, 13 mai. Mark Foster & A-Trak & Kimbra \u2013 Warrior","rel":"","context":"Dans &quot;DPC&quot;","block_context":{"text":"DPC","link":"https:\/\/www.wallendorff.com\/belogue\/category\/dpc\/"},"img":{"alt_text":"","src":"https:\/\/i0.wp.com\/www.wallendorff.com\/belogue\/wp-content\/uploads\/2015\/04\/201207091.jpg?resize=350%2C200&ssl=1","width":350,"height":200,"srcset":"https:\/\/i0.wp.com\/www.wallendorff.com\/belogue\/wp-content\/uploads\/2015\/04\/201207091.jpg?resize=350%2C200&ssl=1 1x, https:\/\/i0.wp.com\/www.wallendorff.com\/belogue\/wp-content\/uploads\/2015\/04\/201207091.jpg?resize=525%2C300&ssl=1 1.5x, https:\/\/i0.wp.com\/www.wallendorff.com\/belogue\/wp-content\/uploads\/2015\/04\/201207091.jpg?resize=700%2C400&ssl=1 2x"},"classes":[]},{"id":11254,"url":"https:\/\/www.wallendorff.com\/belogue\/2011\/01\/06\/lennui-au-musee\/","url_meta":{"origin":7769,"position":5},"title":"L&rsquo;ennui au mus\u00e9e.","author":"dpc","date":"6 janvier 2011","format":false,"excerpt":"Centre Pompidou-Metz, Metz, 8 novembre 2010. The High Wire \u2013 Odds & Evens","rel":"","context":"Dans &quot;DPC&quot;","block_context":{"text":"DPC","link":"https:\/\/www.wallendorff.com\/belogue\/category\/dpc\/"},"img":{"alt_text":"","src":"https:\/\/i0.wp.com\/www.wallendorff.com\/belogue\/wp-content\/uploads\/2015\/04\/201101061.jpg?resize=350%2C200&ssl=1","width":350,"height":200},"classes":[]}],"_links":{"self":[{"href":"https:\/\/www.wallendorff.com\/belogue\/wp-json\/wp\/v2\/posts\/7769","targetHints":{"allow":["GET"]}}],"collection":[{"href":"https:\/\/www.wallendorff.com\/belogue\/wp-json\/wp\/v2\/posts"}],"about":[{"href":"https:\/\/www.wallendorff.com\/belogue\/wp-json\/wp\/v2\/types\/post"}],"author":[{"embeddable":true,"href":"https:\/\/www.wallendorff.com\/belogue\/wp-json\/wp\/v2\/users\/1"}],"replies":[{"embeddable":true,"href":"https:\/\/www.wallendorff.com\/belogue\/wp-json\/wp\/v2\/comments?post=7769"}],"version-history":[{"count":2,"href":"https:\/\/www.wallendorff.com\/belogue\/wp-json\/wp\/v2\/posts\/7769\/revisions"}],"predecessor-version":[{"id":17213,"href":"https:\/\/www.wallendorff.com\/belogue\/wp-json\/wp\/v2\/posts\/7769\/revisions\/17213"}],"wp:featuredmedia":[{"embeddable":true,"href":"https:\/\/www.wallendorff.com\/belogue\/wp-json\/wp\/v2\/media\/25810"}],"wp:attachment":[{"href":"https:\/\/www.wallendorff.com\/belogue\/wp-json\/wp\/v2\/media?parent=7769"}],"wp:term":[{"taxonomy":"category","embeddable":true,"href":"https:\/\/www.wallendorff.com\/belogue\/wp-json\/wp\/v2\/categories?post=7769"},{"taxonomy":"post_tag","embeddable":true,"href":"https:\/\/www.wallendorff.com\/belogue\/wp-json\/wp\/v2\/tags?post=7769"}],"curies":[{"name":"wp","href":"https:\/\/api.w.org\/{rel}","templated":true}]}}