{"id":7762,"date":"2010-06-25T10:13:33","date_gmt":"2010-06-25T08:13:33","guid":{"rendered":"http:\/\/www.po-l.com\/belogue\/?p=7762"},"modified":"2012-05-03T10:10:30","modified_gmt":"2012-05-03T08:10:30","slug":"pompidou-by-nuit-1","status":"publish","type":"post","link":"https:\/\/www.wallendorff.com\/belogue\/2010\/06\/25\/pompidou-by-nuit-1\/","title":{"rendered":"Pompidou by nuit [1]."},"content":{"rendered":"\n<div id=\"photo\">\n<p><img decoding=\"async\" src=\"https:\/\/www.wallendorff.com\/belogue\/photo\/2010\/06\/\/20100625.jpg\" \/><br \/>\nCentre Pompidou-Metz, Metz, 23 mai.<\/p>\n<\/p><\/div>\n<p>Bon c&rsquo;est vendredi alors soyons fous et r&eacute;it&eacute;rons le coup de la bande-son &agrave; choix multiple. N&rsquo;oublie pas de voter pour &eacute;lire ton titre-star et peut-&ecirc;tre gagner des places vipes pour la prochaine tourn&eacute;e de M. Pokora&nbsp;:<\/p>\n<div id=\"bandeson\">\n<p><img decoding=\"async\" src=\"https:\/\/www.wallendorff.com\/belogue\/photo\/pochettes\/b\/black_angels_the-directions_to_see_a_ghost.jpg\" align=\"left\" \/>&nbsp;<a href=\"http:\/\/www.theblackangels.com\/\">The Black Angels<\/a> &ndash; <em>18 Years<\/em><\/p>\n<\/p><\/div>\n<div id=\"bandeson\">\n<p><img decoding=\"async\" src=\"https:\/\/www.wallendorff.com\/belogue\/photo\/pochettes\/w\/woodsman-mystery_tapes.jpg\" align=\"left\" \/>&nbsp;<a href=\"http:\/\/www.myspace.com\/woodsmanman\">Woodsman<\/a> &ndash; <em>When the Morning Comes<\/em><\/p>\n<\/p><\/div>\n","protected":false},"excerpt":{"rendered":"<p>Centre Pompidou-Metz, Metz, 23 mai. Bon c&rsquo;est vendredi alors soyons fous et r&eacute;it&eacute;rons le coup de la bande-son &agrave; choix multiple. N&rsquo;oublie pas de voter pour &eacute;lire ton titre-star et peut-&ecirc;tre gagner des places vipes pour la prochaine tourn&eacute;e de M. Pokora&nbsp;: &nbsp;The Black Angels &ndash; 18 Years &nbsp;Woodsman &ndash; When the Morning Comes<\/p>\n","protected":false},"author":1,"featured_media":25806,"comment_status":"open","ping_status":"open","sticky":false,"template":"","format":"standard","meta":{"_acf_changed":false,"ngg_post_thumbnail":0,"jetpack_post_was_ever_published":false,"_jetpack_newsletter_access":"","_jetpack_dont_email_post_to_subs":false,"_jetpack_newsletter_tier_id":0,"_jetpack_memberships_contains_paywalled_content":false,"_jetpack_memberships_contains_paid_content":false,"footnotes":"","jetpack_publicize_message":"","jetpack_publicize_feature_enabled":true,"jetpack_social_post_already_shared":false,"jetpack_social_options":{"image_generator_settings":{"template":"highway","default_image_id":0,"font":"","enabled":false},"version":2}},"categories":[3],"tags":[3923,3912,2571,2615,3914,4805,10311,10120,10175,10173,10174,10232,10147,10407,10349,3925,3924],"class_list":["post-7762","post","type-post","status-publish","format-standard","has-post-thumbnail","hentry","category-dpc","tag-18-years","tag-architecture","tag-ef-16-35-mm-f28l-ii-usm","tag-eos-5d-mark-ii","tag-centre-pompidou-metz","tag-directions-to-see-a-ghost","tag-dos","tag-france","tag-lorraine","tag-metz","tag-moselle","tag-musee","tag-nuit","tag-silhouette","tag-the-black-angels","tag-when-the-morning-comes","tag-woodsman"],"acf":[],"geo":{"latitude":49.1077652,"longitude":6.1800399,"description":"Avenue Andr\u00e9 Malraux, 57000 Metz, France"},"jetpack_publicize_connections":[],"jetpack_featured_media_url":"https:\/\/www.wallendorff.com\/belogue\/wp-content\/uploads\/2015\/04\/201006251.jpg","jetpack_shortlink":"https:\/\/wp.me\/p3b35P-21c","jetpack_sharing_enabled":true,"jetpack-related-posts":[{"id":11257,"url":"https:\/\/www.wallendorff.com\/belogue\/2011\/01\/07\/lennui-au-musee-2\/","url_meta":{"origin":7762,"position":0},"title":"L&rsquo;ennui au mus\u00e9e 2.","author":"dpc","date":"7 janvier 2011","format":false,"excerpt":"Centre Pompidou-Metz, Metz, 8 novembre 2010. Woodsman \u2013 Insects","rel":"","context":"Dans &quot;DPC&quot;","block_context":{"text":"DPC","link":"https:\/\/www.wallendorff.com\/belogue\/category\/dpc\/"},"img":{"alt_text":"","src":"https:\/\/i0.wp.com\/www.wallendorff.com\/belogue\/wp-content\/uploads\/2015\/04\/201101071.jpg?resize=350%2C200&ssl=1","width":350,"height":200,"srcset":"https:\/\/i0.wp.com\/www.wallendorff.com\/belogue\/wp-content\/uploads\/2015\/04\/201101071.jpg?resize=350%2C200&ssl=1 1x, https:\/\/i0.wp.com\/www.wallendorff.com\/belogue\/wp-content\/uploads\/2015\/04\/201101071.jpg?resize=525%2C300&ssl=1 1.5x, https:\/\/i0.wp.com\/www.wallendorff.com\/belogue\/wp-content\/uploads\/2015\/04\/201101071.jpg?resize=700%2C400&ssl=1 2x"},"classes":[]},{"id":7771,"url":"https:\/\/www.wallendorff.com\/belogue\/2010\/06\/29\/jepanche-donc-je-fuis\/","url_meta":{"origin":7762,"position":1},"title":"J&rsquo;\u00e9panche donc je fuis.","author":"dpc","date":"29 juin 2010","format":false,"excerpt":"Centre Pompidou-Metz, Metz, 23 mai. [Cette histoire de ressortir Hullabaloo l'autre jour pour illustrer le Stade de France aura eu le m\u00e9rite (?) de me replonger dans de vieux, vieux trucs.] \u00a0Muse \u2013 Hyper Chondriac Music","rel":"","context":"Dans &quot;DPC&quot;","block_context":{"text":"DPC","link":"https:\/\/www.wallendorff.com\/belogue\/category\/dpc\/"},"img":{"alt_text":"","src":"https:\/\/i0.wp.com\/www.wallendorff.com\/belogue\/wp-content\/uploads\/2015\/04\/201006291.jpg?resize=350%2C200&ssl=1","width":350,"height":200},"classes":[]},{"id":7769,"url":"https:\/\/www.wallendorff.com\/belogue\/2010\/06\/28\/gros-ridant-lapre-hument\/","url_meta":{"origin":7762,"position":2},"title":"Gros ridant l&rsquo;\u00e2pre hument.","author":"dpc","date":"28 juin 2010","format":false,"excerpt":"Centre Pompidou-Metz, Metz, 23 mai. Lundi, tout \u00e7a. Encore une moiti\u00e9 d'ann\u00e9e en moins, encore pas vu passer. La routine, quoi. \u00a0Nada Surf \u2013 Enjoy the Silence (Depeche Mode cover)","rel":"","context":"Dans &quot;DPC&quot;","block_context":{"text":"DPC","link":"https:\/\/www.wallendorff.com\/belogue\/category\/dpc\/"},"img":{"alt_text":"","src":"https:\/\/i0.wp.com\/www.wallendorff.com\/belogue\/wp-content\/uploads\/2015\/04\/201006281.jpg?resize=350%2C200&ssl=1","width":350,"height":200},"classes":[]},{"id":17956,"url":"https:\/\/www.wallendorff.com\/belogue\/2012\/06\/28\/las-grand-tas-triste-chauffe\/","url_meta":{"origin":7762,"position":3},"title":"Las grand tas triste chauffe.","author":"dpc","date":"28 juin 2012","format":false,"excerpt":"Centre Pompidou-Metz, Metz, 13 mai. Crocodiles \u2013 Sunday (Psychic Conversation #9)","rel":"","context":"Dans &quot;DPC&quot;","block_context":{"text":"DPC","link":"https:\/\/www.wallendorff.com\/belogue\/category\/dpc\/"},"img":{"alt_text":"","src":"https:\/\/i0.wp.com\/www.wallendorff.com\/belogue\/wp-content\/uploads\/2015\/04\/201206281.jpg?resize=350%2C200&ssl=1","width":350,"height":200,"srcset":"https:\/\/i0.wp.com\/www.wallendorff.com\/belogue\/wp-content\/uploads\/2015\/04\/201206281.jpg?resize=350%2C200&ssl=1 1x, https:\/\/i0.wp.com\/www.wallendorff.com\/belogue\/wp-content\/uploads\/2015\/04\/201206281.jpg?resize=525%2C300&ssl=1 1.5x, https:\/\/i0.wp.com\/www.wallendorff.com\/belogue\/wp-content\/uploads\/2015\/04\/201206281.jpg?resize=700%2C400&ssl=1 2x"},"classes":[]},{"id":7747,"url":"https:\/\/www.wallendorff.com\/belogue\/2010\/06\/23\/pompidou-by-jour\/","url_meta":{"origin":7762,"position":4},"title":"Pompidou by jour.","author":"dpc","date":"23 juin 2010","format":false,"excerpt":"Et l\u00e0 je vous vois tous venir et me dire \u00ab\u00a0c'est de l'anarque ta s\u00e9rie nulle de photos nulles, \u00e0 part sur la grande au-dessus, l\u00e0, on ne lui voit que la charpente, \u00e0 ton bidule.\u00a0\u00bb Et de vous r\u00e9pondre que c'est quand m\u00eame pas de ma faute si j'\u00e9tais\u2026","rel":"","context":"Dans &quot;DPC&quot;","block_context":{"text":"DPC","link":"https:\/\/www.wallendorff.com\/belogue\/category\/dpc\/"},"img":{"alt_text":"","src":"https:\/\/i0.wp.com\/www.wallendorff.com\/belogue\/wp-content\/uploads\/2015\/04\/20100623-061-188x188.jpg?resize=350%2C200&ssl=1","width":350,"height":200},"classes":[]},{"id":11254,"url":"https:\/\/www.wallendorff.com\/belogue\/2011\/01\/06\/lennui-au-musee\/","url_meta":{"origin":7762,"position":5},"title":"L&rsquo;ennui au mus\u00e9e.","author":"dpc","date":"6 janvier 2011","format":false,"excerpt":"Centre Pompidou-Metz, Metz, 8 novembre 2010. The High Wire \u2013 Odds & Evens","rel":"","context":"Dans &quot;DPC&quot;","block_context":{"text":"DPC","link":"https:\/\/www.wallendorff.com\/belogue\/category\/dpc\/"},"img":{"alt_text":"","src":"https:\/\/i0.wp.com\/www.wallendorff.com\/belogue\/wp-content\/uploads\/2015\/04\/201101061.jpg?resize=350%2C200&ssl=1","width":350,"height":200},"classes":[]}],"_links":{"self":[{"href":"https:\/\/www.wallendorff.com\/belogue\/wp-json\/wp\/v2\/posts\/7762","targetHints":{"allow":["GET"]}}],"collection":[{"href":"https:\/\/www.wallendorff.com\/belogue\/wp-json\/wp\/v2\/posts"}],"about":[{"href":"https:\/\/www.wallendorff.com\/belogue\/wp-json\/wp\/v2\/types\/post"}],"author":[{"embeddable":true,"href":"https:\/\/www.wallendorff.com\/belogue\/wp-json\/wp\/v2\/users\/1"}],"replies":[{"embeddable":true,"href":"https:\/\/www.wallendorff.com\/belogue\/wp-json\/wp\/v2\/comments?post=7762"}],"version-history":[{"count":1,"href":"https:\/\/www.wallendorff.com\/belogue\/wp-json\/wp\/v2\/posts\/7762\/revisions"}],"predecessor-version":[{"id":17163,"href":"https:\/\/www.wallendorff.com\/belogue\/wp-json\/wp\/v2\/posts\/7762\/revisions\/17163"}],"wp:featuredmedia":[{"embeddable":true,"href":"https:\/\/www.wallendorff.com\/belogue\/wp-json\/wp\/v2\/media\/25806"}],"wp:attachment":[{"href":"https:\/\/www.wallendorff.com\/belogue\/wp-json\/wp\/v2\/media?parent=7762"}],"wp:term":[{"taxonomy":"category","embeddable":true,"href":"https:\/\/www.wallendorff.com\/belogue\/wp-json\/wp\/v2\/categories?post=7762"},{"taxonomy":"post_tag","embeddable":true,"href":"https:\/\/www.wallendorff.com\/belogue\/wp-json\/wp\/v2\/tags?post=7762"}],"curies":[{"name":"wp","href":"https:\/\/api.w.org\/{rel}","templated":true}]}}