{"id":7747,"date":"2010-06-23T10:29:29","date_gmt":"2010-06-23T08:29:29","guid":{"rendered":"http:\/\/www.po-l.com\/belogue\/?p=7747"},"modified":"2012-05-01T11:04:40","modified_gmt":"2012-05-01T09:04:40","slug":"pompidou-by-jour","status":"publish","type":"post","link":"https:\/\/www.wallendorff.com\/belogue\/2010\/06\/23\/pompidou-by-jour\/","title":{"rendered":"Pompidou by jour."},"content":{"rendered":"\n<div id=\"photo\">\n<p><img decoding=\"async\" src=\"https:\/\/www.wallendorff.com\/belogue\/photo\/galeries\/2010\/06\/20100623-pompidou\/20100623-06.jpg\" \/><\/p>\n<\/p><\/div>\n<p style=\"text-align:right\">Et l&agrave; je vous vois tous venir et me dire &laquo;&nbsp;c&rsquo;est de l&rsquo;anarque ta s&eacute;rie nulle de photos nulles, &agrave; part sur la grande au-dessus, l&agrave;, on ne lui voit que la charpente, \u00e0 ton bidule.&nbsp;&raquo;<\/p>\n<p style=\"text-align:right\">Et de vous r&eacute;pondre que c&rsquo;est quand m&ecirc;me pas de ma faute si j&rsquo;&eacute;tais tr&egrave;s saoul la veille et que je me suis lev&eacute; trop tard pour pouvoir entrer dans les galeries, enfin.<\/p>\n<p style=\"text-align:right\">Ah si&nbsp;?<\/p>\n<p style=\"text-align:right\">Oups.<\/p>\n<div id=\"bandeson\">\n<p><img decoding=\"async\" src=\"https:\/\/www.wallendorff.com\/belogue\/photo\/pochettes\/b\/black_rebel_motorcycle_club-howl_sessions.jpg\" align=\"left\" \/>&nbsp;<a href=\"http:\/\/www.blackrebelmotorcycleclub.com\/\">Black Rebel Motorcycle Club<\/a> &ndash; <em>Steel a Ride<\/em>        <\/p>\n<\/p><\/div>ngg_shortcode_0_placeholder","protected":false},"excerpt":{"rendered":"<p>Et l&agrave; je vous vois tous venir et me dire &laquo;&nbsp;c&rsquo;est de l&rsquo;anarque ta s&eacute;rie nulle de photos nulles, &agrave; part sur la grande au-dessus, l&agrave;, on ne lui voit que la charpente, \u00e0 ton bidule.&nbsp;&raquo; Et de vous r&eacute;pondre que c&rsquo;est quand m&ecirc;me pas de ma faute si j&rsquo;&eacute;tais tr&egrave;s saoul la veille et&hellip;<\/p>\n","protected":false},"author":1,"featured_media":25804,"comment_status":"open","ping_status":"open","sticky":false,"template":"","format":"standard","meta":{"_acf_changed":false,"ngg_post_thumbnail":0,"jetpack_post_was_ever_published":false,"_jetpack_newsletter_access":"","_jetpack_dont_email_post_to_subs":false,"_jetpack_newsletter_tier_id":0,"_jetpack_memberships_contains_paywalled_content":false,"_jetpack_memberships_contains_paid_content":false,"footnotes":"","jetpack_publicize_message":"","jetpack_publicize_feature_enabled":true,"jetpack_social_post_already_shared":false,"jetpack_social_options":{"image_generator_settings":{"template":"highway","default_image_id":0,"font":"","enabled":false},"version":2}},"categories":[3],"tags":[3912,10118,737,2571,2615,3914,10144,10500,3904,10120,10175,10173,10174,10232,3913],"class_list":["post-7747","post","type-post","status-publish","format-standard","has-post-thumbnail","hentry","category-dpc","tag-architecture","tag-black-rebel-motorcycle-club","tag-bleu","tag-ef-16-35-mm-f28l-ii-usm","tag-eos-5d-mark-ii","tag-centre-pompidou-metz","tag-ciel","tag-contre-plongee","tag-ete","tag-france","tag-lorraine","tag-metz","tag-moselle","tag-musee","tag-steal-a-ride"],"acf":[],"geo":{"latitude":49.1077652,"longitude":6.1800399,"description":"Avenue Andr\u00e9 Malraux, 57000 Metz, France"},"jetpack_publicize_connections":[],"jetpack_featured_media_url":"https:\/\/www.wallendorff.com\/belogue\/wp-content\/uploads\/2015\/04\/20100623-061.jpg","jetpack_shortlink":"https:\/\/wp.me\/p3b35P-20X","jetpack_sharing_enabled":true,"jetpack-related-posts":[{"id":7762,"url":"https:\/\/www.wallendorff.com\/belogue\/2010\/06\/25\/pompidou-by-nuit-1\/","url_meta":{"origin":7747,"position":0},"title":"Pompidou by nuit [1].","author":"dpc","date":"25 juin 2010","format":false,"excerpt":"Centre Pompidou-Metz, Metz, 23 mai. Bon c'est vendredi alors soyons fous et r\u00e9it\u00e9rons le coup de la bande-son \u00e0 choix multiple. N'oublie pas de voter pour \u00e9lire ton titre-star et peut-\u00eatre gagner des places vipes pour la prochaine tourn\u00e9e de M. Pokora\u00a0: \u00a0The Black Angels \u2013 18 Years \u00a0Woodsman \u2013\u2026","rel":"","context":"Dans &quot;DPC&quot;","block_context":{"text":"DPC","link":"https:\/\/www.wallendorff.com\/belogue\/category\/dpc\/"},"img":{"alt_text":"","src":"https:\/\/i0.wp.com\/www.wallendorff.com\/belogue\/wp-content\/uploads\/2015\/04\/201006251.jpg?resize=350%2C200&ssl=1","width":350,"height":200},"classes":[]},{"id":7771,"url":"https:\/\/www.wallendorff.com\/belogue\/2010\/06\/29\/jepanche-donc-je-fuis\/","url_meta":{"origin":7747,"position":1},"title":"J&rsquo;\u00e9panche donc je fuis.","author":"dpc","date":"29 juin 2010","format":false,"excerpt":"Centre Pompidou-Metz, Metz, 23 mai. [Cette histoire de ressortir Hullabaloo l'autre jour pour illustrer le Stade de France aura eu le m\u00e9rite (?) de me replonger dans de vieux, vieux trucs.] \u00a0Muse \u2013 Hyper Chondriac Music","rel":"","context":"Dans &quot;DPC&quot;","block_context":{"text":"DPC","link":"https:\/\/www.wallendorff.com\/belogue\/category\/dpc\/"},"img":{"alt_text":"","src":"https:\/\/i0.wp.com\/www.wallendorff.com\/belogue\/wp-content\/uploads\/2015\/04\/201006291.jpg?resize=350%2C200&ssl=1","width":350,"height":200},"classes":[]},{"id":11329,"url":"https:\/\/www.wallendorff.com\/belogue\/2011\/01\/10\/la-loupe\/","url_meta":{"origin":7747,"position":2},"title":"La loupe.","author":"dpc","date":"10 janvier 2011","format":false,"excerpt":"Centre Pompidou-Metz, Metz, 8 novembre 2010. Et plus tu t'\u00e9loignes et plus la cath\u00e9drale devient \u00e9norme au point de vouloir te manger [ou un truc comme \u00e7a]. Je sais pas comment ils ont fait leur truc, mais c'trop bath. \u00a0Fredrik \u2013 White on White","rel":"","context":"Dans &quot;DPC&quot;","block_context":{"text":"DPC","link":"https:\/\/www.wallendorff.com\/belogue\/category\/dpc\/"},"img":{"alt_text":"","src":"https:\/\/i0.wp.com\/www.wallendorff.com\/belogue\/wp-content\/uploads\/2015\/04\/201101101.jpg?resize=350%2C200&ssl=1","width":350,"height":200},"classes":[]},{"id":17956,"url":"https:\/\/www.wallendorff.com\/belogue\/2012\/06\/28\/las-grand-tas-triste-chauffe\/","url_meta":{"origin":7747,"position":3},"title":"Las grand tas triste chauffe.","author":"dpc","date":"28 juin 2012","format":false,"excerpt":"Centre Pompidou-Metz, Metz, 13 mai. Crocodiles \u2013 Sunday (Psychic Conversation #9)","rel":"","context":"Dans &quot;DPC&quot;","block_context":{"text":"DPC","link":"https:\/\/www.wallendorff.com\/belogue\/category\/dpc\/"},"img":{"alt_text":"","src":"https:\/\/i0.wp.com\/www.wallendorff.com\/belogue\/wp-content\/uploads\/2015\/04\/201206281.jpg?resize=350%2C200&ssl=1","width":350,"height":200,"srcset":"https:\/\/i0.wp.com\/www.wallendorff.com\/belogue\/wp-content\/uploads\/2015\/04\/201206281.jpg?resize=350%2C200&ssl=1 1x, https:\/\/i0.wp.com\/www.wallendorff.com\/belogue\/wp-content\/uploads\/2015\/04\/201206281.jpg?resize=525%2C300&ssl=1 1.5x, https:\/\/i0.wp.com\/www.wallendorff.com\/belogue\/wp-content\/uploads\/2015\/04\/201206281.jpg?resize=700%2C400&ssl=1 2x"},"classes":[]},{"id":3799,"url":"https:\/\/www.wallendorff.com\/belogue\/2009\/01\/15\/la-theo-rit-du-con-plot\/","url_meta":{"origin":7747,"position":4},"title":"L\u00e0, Th\u00e9o rit du con plot.","author":"dpc","date":"15 janvier 2009","format":false,"excerpt":"Rue Taison, Metz, 29 d\u00e9cembre 2008. Waw, 255 notes sans poster un titre de Howl, y a des jours o\u00f9 je m'\u00e9tonne. Black Rebel Motorcycle Club \u2013 Open Invitation Ah oui, et \u00e7a quand m\u00eame. Enfin bon, avant de me gausser, il faudrait penser \u00e0 \u00ab\u00a0r\u00e9aliser parmi les meilleurs portraits\u2026","rel":"","context":"Dans &quot;DPC&quot;","block_context":{"text":"DPC","link":"https:\/\/www.wallendorff.com\/belogue\/category\/dpc\/"},"img":{"alt_text":"","src":"https:\/\/i0.wp.com\/www.wallendorff.com\/belogue\/wp-content\/uploads\/2015\/04\/200901151.jpg?resize=350%2C200&ssl=1","width":350,"height":200},"classes":[]},{"id":11254,"url":"https:\/\/www.wallendorff.com\/belogue\/2011\/01\/06\/lennui-au-musee\/","url_meta":{"origin":7747,"position":5},"title":"L&rsquo;ennui au mus\u00e9e.","author":"dpc","date":"6 janvier 2011","format":false,"excerpt":"Centre Pompidou-Metz, Metz, 8 novembre 2010. The High Wire \u2013 Odds & Evens","rel":"","context":"Dans &quot;DPC&quot;","block_context":{"text":"DPC","link":"https:\/\/www.wallendorff.com\/belogue\/category\/dpc\/"},"img":{"alt_text":"","src":"https:\/\/i0.wp.com\/www.wallendorff.com\/belogue\/wp-content\/uploads\/2015\/04\/201101061.jpg?resize=350%2C200&ssl=1","width":350,"height":200},"classes":[]}],"_links":{"self":[{"href":"https:\/\/www.wallendorff.com\/belogue\/wp-json\/wp\/v2\/posts\/7747","targetHints":{"allow":["GET"]}}],"collection":[{"href":"https:\/\/www.wallendorff.com\/belogue\/wp-json\/wp\/v2\/posts"}],"about":[{"href":"https:\/\/www.wallendorff.com\/belogue\/wp-json\/wp\/v2\/types\/post"}],"author":[{"embeddable":true,"href":"https:\/\/www.wallendorff.com\/belogue\/wp-json\/wp\/v2\/users\/1"}],"replies":[{"embeddable":true,"href":"https:\/\/www.wallendorff.com\/belogue\/wp-json\/wp\/v2\/comments?post=7747"}],"version-history":[{"count":3,"href":"https:\/\/www.wallendorff.com\/belogue\/wp-json\/wp\/v2\/posts\/7747\/revisions"}],"predecessor-version":[{"id":17137,"href":"https:\/\/www.wallendorff.com\/belogue\/wp-json\/wp\/v2\/posts\/7747\/revisions\/17137"}],"wp:featuredmedia":[{"embeddable":true,"href":"https:\/\/www.wallendorff.com\/belogue\/wp-json\/wp\/v2\/media\/25804"}],"wp:attachment":[{"href":"https:\/\/www.wallendorff.com\/belogue\/wp-json\/wp\/v2\/media?parent=7747"}],"wp:term":[{"taxonomy":"category","embeddable":true,"href":"https:\/\/www.wallendorff.com\/belogue\/wp-json\/wp\/v2\/categories?post=7747"},{"taxonomy":"post_tag","embeddable":true,"href":"https:\/\/www.wallendorff.com\/belogue\/wp-json\/wp\/v2\/tags?post=7747"}],"curies":[{"name":"wp","href":"https:\/\/api.w.org\/{rel}","templated":true}]}}