{"id":7741,"date":"2010-06-22T12:03:50","date_gmt":"2010-06-22T10:03:50","guid":{"rendered":"http:\/\/www.po-l.com\/belogue\/?p=7741"},"modified":"2012-04-30T14:37:51","modified_gmt":"2012-04-30T12:37:51","slug":"pont-pond-pompons","status":"publish","type":"post","link":"https:\/\/www.wallendorff.com\/belogue\/2010\/06\/22\/pont-pond-pompons\/","title":{"rendered":"Pont pond pompons."},"content":{"rendered":"\n<div id=\"photo\">\n<p><img decoding=\"async\" src=\"https:\/\/www.wallendorff.com\/belogue\/photo\/2010\/06\/20100622.jpg\" \/><br \/>\nAvenue de Planti&egrave;res, Metz, 22 mai.<\/p>\n<\/p><\/div>\n<div id=\"bandeson\">\n<p><img decoding=\"async\" src=\"https:\/\/www.wallendorff.com\/belogue\/photo\/pochettes\/b\/black_keys_the-brothers.jpg\" align=\"left\" \/>&nbsp;<a href=\"http:\/\/www.theblackkeys.com\/\">The Black Keys<\/a> &ndash; <em>Next Girl<\/em><\/p>\n<\/p><\/div>\n<p style=\"text-align:right\">Bon en fait cette photo est aussi nulle que son titre parce qu&rsquo;on ne voit pas qu&rsquo;il est &eacute;crit sur le mur &laquo;&nbsp;Je voudrais aller voir la neige en Afrique&nbsp;&raquo; et que &ccedil;a enl&egrave;ve tout int&eacute;r&ecirc;t au clich&eacute;. Un jour je ferai comme le Danny North avec des <a href=\"http:\/\/www.dannynorth.co.uk\/blog\/\">photos en grande taille qui d&eacute;bo&icirc;tent tout<\/a> et tout ira mieux. Un jour.<\/p>\n<p>Bon sinon, histoire de rattraper le coup, cadeau&nbsp;:<\/p>\n<div id=\"photo2\">\n<p><img decoding=\"async\" src=\"https:\/\/www.wallendorff.com\/belogue\/photo\/2010\/06\/20100622-01.jpg\" \/><\/p>\n<\/div>\n<div id=\"photo2\">\n<p><img decoding=\"async\" src=\"https:\/\/www.wallendorff.com\/belogue\/photo\/2010\/06\/20100622-02.jpg\" \/><\/p>\n<\/div>\n<p style=\"text-align:right\">&Eacute;pisodes pr&eacute;c&eacute;dents class&eacute;s sous <a href=\"https:\/\/www.wallendorff.com\/belogue\/tag\/facebouquerie\">ce mot-cl&eacute;-l&agrave;<\/a>.<\/p>\n<p align=\"right\">&nbsp;<\/p>\n","protected":false},"excerpt":{"rendered":"<p>Avenue de Planti&egrave;res, Metz, 22 mai. &nbsp;The Black Keys &ndash; Next Girl Bon en fait cette photo est aussi nulle que son titre parce qu&rsquo;on ne voit pas qu&rsquo;il est &eacute;crit sur le mur &laquo;&nbsp;Je voudrais aller voir la neige en Afrique&nbsp;&raquo; et que &ccedil;a enl&egrave;ve tout int&eacute;r&ecirc;t au clich&eacute;. Un jour je ferai comme&hellip;<\/p>\n","protected":false},"author":1,"featured_media":25802,"comment_status":"open","ping_status":"open","sticky":false,"template":"","format":"standard","meta":{"_acf_changed":false,"ngg_post_thumbnail":0,"jetpack_post_was_ever_published":false,"_jetpack_newsletter_access":"","_jetpack_dont_email_post_to_subs":false,"_jetpack_newsletter_tier_id":0,"_jetpack_memberships_contains_paywalled_content":false,"_jetpack_memberships_contains_paid_content":false,"footnotes":"","jetpack_publicize_message":"","jetpack_publicize_feature_enabled":true,"jetpack_social_post_already_shared":false,"jetpack_social_options":{"image_generator_settings":{"template":"highway","default_image_id":0,"font":"","enabled":false},"version":2}},"categories":[3],"tags":[3907,4549,2571,2615,3660,10120,10668,10175,10173,10174,10229,3908,10380,10351,10396,10641],"class_list":["post-7741","post","type-post","status-publish","format-standard","has-post-thumbnail","hentry","category-dpc","tag-avenue-de-plantieres","tag-brothers","tag-ef-16-35-mm-f28l-ii-usm","tag-eos-5d-mark-ii","tag-facebouquerie","tag-france","tag-graffiti","tag-lorraine","tag-metz","tag-moselle","tag-mur","tag-next-girl","tag-pont","tag-rue","tag-the-black-keys","tag-tunnel"],"acf":[],"geo":{"latitude":49.1128159,"longitude":6.1843748,"description":"Passage des Planti\u00e8res, 57000 Metz, France"},"jetpack_publicize_connections":[],"jetpack_featured_media_url":"https:\/\/www.wallendorff.com\/belogue\/wp-content\/uploads\/2015\/04\/201006221.jpg","jetpack_shortlink":"https:\/\/wp.me\/p3b35P-20R","jetpack_sharing_enabled":true,"jetpack-related-posts":[{"id":119227,"url":"https:\/\/www.wallendorff.com\/belogue\/2023\/02\/17\/metz-noire\/","url_meta":{"origin":7741,"position":0},"title":"Metz noire.","author":"dpc","date":"17 f\u00e9vrier 2023","format":false,"excerpt":"Place du Pont-des-Roches, 27 d\u00e9cembre 2022. Toute ressemblance avec la photo du 13 janvier 2014 tout \u00e7a tout \u00e7a.","rel":"","context":"Dans &quot;DPC&quot;","block_context":{"text":"DPC","link":"https:\/\/www.wallendorff.com\/belogue\/category\/dpc-en\/"},"img":{"alt_text":"","src":"https:\/\/i0.wp.com\/www.wallendorff.com\/belogue\/wp-content\/uploads\/2023\/02\/20230217.jpg?resize=350%2C200&ssl=1","width":350,"height":200,"srcset":"https:\/\/i0.wp.com\/www.wallendorff.com\/belogue\/wp-content\/uploads\/2023\/02\/20230217.jpg?resize=350%2C200&ssl=1 1x, https:\/\/i0.wp.com\/www.wallendorff.com\/belogue\/wp-content\/uploads\/2023\/02\/20230217.jpg?resize=525%2C300&ssl=1 1.5x, https:\/\/i0.wp.com\/www.wallendorff.com\/belogue\/wp-content\/uploads\/2023\/02\/20230217.jpg?resize=700%2C400&ssl=1 2x, https:\/\/i0.wp.com\/www.wallendorff.com\/belogue\/wp-content\/uploads\/2023\/02\/20230217.jpg?resize=1050%2C600&ssl=1 3x"},"classes":[]},{"id":135693,"url":"https:\/\/www.wallendorff.com\/belogue\/2026\/03\/27\/tcho-metz\/","url_meta":{"origin":7741,"position":1},"title":"Tch\u00f4 Metz.","author":"dpc","date":"27 mars 2026","format":false,"excerpt":"","rel":"","context":"Dans &quot;DPC&quot;","block_context":{"text":"DPC","link":"https:\/\/www.wallendorff.com\/belogue\/category\/dpc\/"},"img":{"alt_text":"","src":"https:\/\/i0.wp.com\/www.wallendorff.com\/belogue\/wp-content\/uploads\/2026\/03\/20260327-10.jpg?resize=350%2C200&ssl=1","width":350,"height":200,"srcset":"https:\/\/i0.wp.com\/www.wallendorff.com\/belogue\/wp-content\/uploads\/2026\/03\/20260327-10.jpg?resize=350%2C200&ssl=1 1x, https:\/\/i0.wp.com\/www.wallendorff.com\/belogue\/wp-content\/uploads\/2026\/03\/20260327-10.jpg?resize=525%2C300&ssl=1 1.5x, https:\/\/i0.wp.com\/www.wallendorff.com\/belogue\/wp-content\/uploads\/2026\/03\/20260327-10.jpg?resize=700%2C400&ssl=1 2x, https:\/\/i0.wp.com\/www.wallendorff.com\/belogue\/wp-content\/uploads\/2026\/03\/20260327-10.jpg?resize=1050%2C600&ssl=1 3x"},"classes":[]},{"id":126836,"url":"https:\/\/www.wallendorff.com\/belogue\/2023\/12\/08\/metz-du-dimanche\/","url_meta":{"origin":7741,"position":2},"title":"Metz du dimanche.","author":"dpc","date":"8 d\u00e9cembre 2023","format":false,"excerpt":"","rel":"","context":"Dans &quot;DPC&quot;","block_context":{"text":"DPC","link":"https:\/\/www.wallendorff.com\/belogue\/category\/dpc\/"},"img":{"alt_text":"","src":"https:\/\/i0.wp.com\/www.wallendorff.com\/belogue\/wp-content\/uploads\/2023\/12\/20231208-02.jpg?resize=350%2C200&ssl=1","width":350,"height":200,"srcset":"https:\/\/i0.wp.com\/www.wallendorff.com\/belogue\/wp-content\/uploads\/2023\/12\/20231208-02.jpg?resize=350%2C200&ssl=1 1x, https:\/\/i0.wp.com\/www.wallendorff.com\/belogue\/wp-content\/uploads\/2023\/12\/20231208-02.jpg?resize=525%2C300&ssl=1 1.5x, https:\/\/i0.wp.com\/www.wallendorff.com\/belogue\/wp-content\/uploads\/2023\/12\/20231208-02.jpg?resize=700%2C400&ssl=1 2x"},"classes":[]},{"id":131991,"url":"https:\/\/www.wallendorff.com\/belogue\/2025\/03\/26\/metz-de-noel\/","url_meta":{"origin":7741,"position":3},"title":"Metz de No\u00ebl.","author":"dpc","date":"26 mars 2025","format":false,"excerpt":"","rel":"","context":"Dans &quot;DPC&quot;","block_context":{"text":"DPC","link":"https:\/\/www.wallendorff.com\/belogue\/category\/dpc\/"},"img":{"alt_text":"","src":"https:\/\/i0.wp.com\/www.wallendorff.com\/belogue\/wp-content\/uploads\/2025\/03\/20250326-04.jpg?resize=350%2C200&ssl=1","width":350,"height":200,"srcset":"https:\/\/i0.wp.com\/www.wallendorff.com\/belogue\/wp-content\/uploads\/2025\/03\/20250326-04.jpg?resize=350%2C200&ssl=1 1x, https:\/\/i0.wp.com\/www.wallendorff.com\/belogue\/wp-content\/uploads\/2025\/03\/20250326-04.jpg?resize=525%2C300&ssl=1 1.5x, https:\/\/i0.wp.com\/www.wallendorff.com\/belogue\/wp-content\/uploads\/2025\/03\/20250326-04.jpg?resize=700%2C400&ssl=1 2x"},"classes":[]},{"id":11240,"url":"https:\/\/www.wallendorff.com\/belogue\/2011\/01\/05\/rouge-gorge\/","url_meta":{"origin":7741,"position":4},"title":"Rouge gorge.","author":"dpc","date":"5 janvier 2011","format":false,"excerpt":"Centre Pompidou-Metz, Metz, 8 novembre 2010. [Je pr\u00e9cise que ce rond noir perdu au milieu du n\u00e9ant d'un fond blanc est une \u0153uvre d'art moderne.] Eastern Conference Champions \u2013 On Off","rel":"","context":"Dans &quot;DPC&quot;","block_context":{"text":"DPC","link":"https:\/\/www.wallendorff.com\/belogue\/category\/dpc\/"},"img":{"alt_text":"","src":"https:\/\/i0.wp.com\/www.wallendorff.com\/belogue\/wp-content\/uploads\/2015\/04\/201101051.jpg?resize=350%2C200&ssl=1","width":350,"height":200},"classes":[]},{"id":19402,"url":"https:\/\/www.wallendorff.com\/belogue\/2012\/10\/26\/metz-le-nouveau-casino-paris\/","url_meta":{"origin":7741,"position":5},"title":"METZ @ le Nouveau Casino, Paris.","author":"dpc","date":"26 octobre 2012","format":false,"excerpt":"Sorry, that's all we've got dit en quittant la sc\u00e8ne un Chris Slorach d\u00e9goulinant de sueur. METZ a jou\u00e9 38 minutes1, montre en main, soit grosso modo la dur\u00e9e totale de leur album et leur EP bout \u00e0 bout. 38 minutes durant lesquelles le trio s'est montr\u00e9 de plus en\u2026","rel":"","context":"Dans &quot;Alive&quot;","block_context":{"text":"Alive","link":"https:\/\/www.wallendorff.com\/belogue\/category\/alive\/"},"img":{"alt_text":"","src":"https:\/\/i0.wp.com\/www.wallendorff.com\/belogue\/wp-content\/uploads\/2015\/04\/201210261.jpg?resize=350%2C200&ssl=1","width":350,"height":200,"srcset":"https:\/\/i0.wp.com\/www.wallendorff.com\/belogue\/wp-content\/uploads\/2015\/04\/201210261.jpg?resize=350%2C200&ssl=1 1x, https:\/\/i0.wp.com\/www.wallendorff.com\/belogue\/wp-content\/uploads\/2015\/04\/201210261.jpg?resize=525%2C300&ssl=1 1.5x, https:\/\/i0.wp.com\/www.wallendorff.com\/belogue\/wp-content\/uploads\/2015\/04\/201210261.jpg?resize=700%2C400&ssl=1 2x"},"classes":[]}],"_links":{"self":[{"href":"https:\/\/www.wallendorff.com\/belogue\/wp-json\/wp\/v2\/posts\/7741","targetHints":{"allow":["GET"]}}],"collection":[{"href":"https:\/\/www.wallendorff.com\/belogue\/wp-json\/wp\/v2\/posts"}],"about":[{"href":"https:\/\/www.wallendorff.com\/belogue\/wp-json\/wp\/v2\/types\/post"}],"author":[{"embeddable":true,"href":"https:\/\/www.wallendorff.com\/belogue\/wp-json\/wp\/v2\/users\/1"}],"replies":[{"embeddable":true,"href":"https:\/\/www.wallendorff.com\/belogue\/wp-json\/wp\/v2\/comments?post=7741"}],"version-history":[{"count":2,"href":"https:\/\/www.wallendorff.com\/belogue\/wp-json\/wp\/v2\/posts\/7741\/revisions"}],"predecessor-version":[{"id":17123,"href":"https:\/\/www.wallendorff.com\/belogue\/wp-json\/wp\/v2\/posts\/7741\/revisions\/17123"}],"wp:featuredmedia":[{"embeddable":true,"href":"https:\/\/www.wallendorff.com\/belogue\/wp-json\/wp\/v2\/media\/25802"}],"wp:attachment":[{"href":"https:\/\/www.wallendorff.com\/belogue\/wp-json\/wp\/v2\/media?parent=7741"}],"wp:term":[{"taxonomy":"category","embeddable":true,"href":"https:\/\/www.wallendorff.com\/belogue\/wp-json\/wp\/v2\/categories?post=7741"},{"taxonomy":"post_tag","embeddable":true,"href":"https:\/\/www.wallendorff.com\/belogue\/wp-json\/wp\/v2\/tags?post=7741"}],"curies":[{"name":"wp","href":"https:\/\/api.w.org\/{rel}","templated":true}]}}