{"id":7733,"date":"2010-06-21T10:30:33","date_gmt":"2010-06-21T08:30:33","guid":{"rendered":"http:\/\/www.po-l.com\/belogue\/?p=7733"},"modified":"2012-04-30T14:36:49","modified_gmt":"2012-04-30T12:36:49","slug":"chambre-des-communes","status":"publish","type":"post","link":"https:\/\/www.wallendorff.com\/belogue\/2010\/06\/21\/chambre-des-communes\/","title":{"rendered":"Chambre des communes."},"content":{"rendered":"\n<div id=\"photo\">\n<p><img decoding=\"async\" src=\"https:\/\/www.wallendorff.com\/belogue\/photo\/2010\/06\/20100621.jpg\" \/><br \/>\nMetz, 21 mai.<\/p>\n<\/p><\/div>\n<p style=\"text-align:right\">Non mais c&rsquo;est de l&rsquo;art, vous pouvez pas comprendre.<\/p>\n<div id=\"bandeson\">\n<p><img decoding=\"async\" src=\"https:\/\/www.wallendorff.com\/belogue\/photo\/pochettes\/o\/oasis-time_flies_1994-2009.jpg\" align=\"left\" \/>&nbsp;<a href=\"http:\/\/www.oasisinet.com\/\">Oasis<\/a> &ndash; <em>Rock n&rsquo;Roll Star<\/em><sup>1<\/sup> (live London Roundhouse 2009)<\/p>\n<\/p><\/div>\n<p>_____<\/p>\n<div id=\"bas_note\">\n<p><sup>1<\/sup> Oui c&rsquo;est ironique. S&rsquo;il y a bien un jour dans l&rsquo;ann&eacute;e o&ugrave; l&rsquo;on ne risque pas d&rsquo;en croiser, des rock stars, c&rsquo;est bien le 21 juin.<\/p>\n<\/div>\n","protected":false},"excerpt":{"rendered":"<p>Metz, 21 mai. Non mais c&rsquo;est de l&rsquo;art, vous pouvez pas comprendre. &nbsp;Oasis &ndash; Rock n&rsquo;Roll Star1 (live London Roundhouse 2009) _____ 1 Oui c&rsquo;est ironique. S&rsquo;il y a bien un jour dans l&rsquo;ann&eacute;e o&ugrave; l&rsquo;on ne risque pas d&rsquo;en croiser, des rock stars, c&rsquo;est bien le 21 juin.<\/p>\n","protected":false},"author":1,"featured_media":25801,"comment_status":"open","ping_status":"open","sticky":false,"template":"","format":"standard","meta":{"_acf_changed":false,"ngg_post_thumbnail":0,"jetpack_post_was_ever_published":false,"_jetpack_newsletter_access":"","_jetpack_dont_email_post_to_subs":false,"_jetpack_newsletter_tier_id":0,"_jetpack_memberships_contains_paywalled_content":false,"_jetpack_memberships_contains_paid_content":false,"footnotes":"","jetpack_publicize_message":"","jetpack_publicize_feature_enabled":true,"jetpack_social_post_already_shared":false,"jetpack_social_options":{"image_generator_settings":{"template":"highway","default_image_id":0,"font":"","enabled":false},"version":2}},"categories":[3],"tags":[10115,2571,2615,10322,10383,10120,1543,10175,10173,10174,408,10104,3906],"class_list":["post-7733","post","type-post","status-publish","format-standard","has-post-thumbnail","hentry","category-dpc","tag-bar","tag-ef-16-35-mm-f28l-ii-usm","tag-eos-5d-mark-ii","tag-couloir","tag-enim","tag-france","tag-iv","tag-lorraine","tag-metz","tag-moselle","tag-oasis","tag-panneau","tag-rock-nroll-star"],"acf":[],"geo":{"latitude":49.1199226,"longitude":6.1618762,"description":"E23, 57000 Metz, France"},"jetpack_publicize_connections":[],"jetpack_featured_media_url":"https:\/\/www.wallendorff.com\/belogue\/wp-content\/uploads\/2015\/04\/201006211.jpg","jetpack_shortlink":"https:\/\/wp.me\/p3b35P-20J","jetpack_sharing_enabled":true,"jetpack-related-posts":[{"id":84,"url":"https:\/\/www.wallendorff.com\/belogue\/2006\/02\/21\/arctic-monkeys-lenoir-s-on-france-inter-yeah-baby-yeah-paris\/","url_meta":{"origin":7733,"position":0},"title":"Arctic Monkeys @ Lenoir&rsquo;s on France Inter yeah baby yeah, Paris.","author":"dpc","date":"21 f\u00e9vrier 2006","format":false,"excerpt":"\u00catre rock en 2006, c'est trouver que si Damon Albarn et Liam Gallagher s'\u00e9taient r\u00e9concili\u00e9s, ils auraient s\u00fbrement engendr\u00e9 Alex Turner, tant celui-ci \u00e0 la tronche de celui-l\u00e0 et surtout les postures de l'autre, c'est remonter la rue de Beauvilliers parce que le m\u00e9tro, c'est plus rock n'roll que le\u2026","rel":"","context":"Dans &quot;Alive&quot;","block_context":{"text":"Alive","link":"https:\/\/www.wallendorff.com\/belogue\/category\/alive\/"},"img":{"alt_text":"","src":"https:\/\/i0.wp.com\/www.wallendorff.com\/belogue\/wp-content\/uploads\/2015\/04\/200602211.jpg?resize=350%2C200&ssl=1","width":350,"height":200},"classes":[]},{"id":7825,"url":"https:\/\/www.wallendorff.com\/belogue\/2010\/07\/09\/it-lay-buried-here\/","url_meta":{"origin":7733,"position":1},"title":"It lays buried here.","author":"dpc","date":"9 juillet 2010","format":false,"excerpt":"Rue des Murs, Metz, 23 mai. The first decent picture I took was grabbed there, on September 8th, 2002, with a borrowed Sony cam. I like to take the same shot again from time to time, as to feel how things are working out, what has changed, what we mourn\u2026","rel":"","context":"Dans &quot;DPC&quot;","block_context":{"text":"DPC","link":"https:\/\/www.wallendorff.com\/belogue\/category\/dpc\/"},"img":{"alt_text":"","src":"https:\/\/i0.wp.com\/www.wallendorff.com\/belogue\/wp-content\/uploads\/2015\/04\/201007091.jpg?resize=350%2C200&ssl=1","width":350,"height":200,"srcset":"https:\/\/i0.wp.com\/www.wallendorff.com\/belogue\/wp-content\/uploads\/2015\/04\/201007091.jpg?resize=350%2C200&ssl=1 1x, https:\/\/i0.wp.com\/www.wallendorff.com\/belogue\/wp-content\/uploads\/2015\/04\/201007091.jpg?resize=525%2C300&ssl=1 1.5x, https:\/\/i0.wp.com\/www.wallendorff.com\/belogue\/wp-content\/uploads\/2015\/04\/201007091.jpg?resize=700%2C400&ssl=1 2x"},"classes":[]},{"id":5,"url":"https:\/\/www.wallendorff.com\/belogue\/2006\/01\/30\/fort-d-escorte\/","url_meta":{"origin":7733,"position":2},"title":"Fort d&rsquo;escorte","author":"dpc","date":"30 janvier 2006","format":false,"excerpt":"Place des Charrons, Metz, 14 janvier, 20h09. Yeah, rock n'roll, berdel. \u00a0\u2026 And You Will Know Us by the Trail of Dead \u2013 Will You Smile Again for Me?","rel":"","context":"Dans &quot;DPC&quot;","block_context":{"text":"DPC","link":"https:\/\/www.wallendorff.com\/belogue\/category\/dpc\/"},"img":{"alt_text":"","src":"https:\/\/i0.wp.com\/www.wallendorff.com\/belogue\/wp-content\/uploads\/2015\/04\/200601301.jpg?resize=350%2C200&ssl=1","width":350,"height":200},"classes":[]},{"id":298,"url":"https:\/\/www.wallendorff.com\/belogue\/2005\/08\/05\/le-rock-entache\/","url_meta":{"origin":7733,"position":3},"title":"Le rock entache.","author":"dpc","date":"5 ao\u00fbt 2005","format":false,"excerpt":"Clifford St., D\u00e9troit, 6 f\u00e9vrier. C'est vrai que c'est pas mal non plus, les photos de fin fond de tiroir, le rock n'roll, les presque usines Packard et les presque Stripes en fond. \u00a0The Paybacks \u2013 Tie Me in a Knot","rel":"","context":"Dans &quot;DPC&quot;","block_context":{"text":"DPC","link":"https:\/\/www.wallendorff.com\/belogue\/category\/dpc\/"},"img":{"alt_text":"","src":"https:\/\/i0.wp.com\/www.wallendorff.com\/belogue\/wp-content\/uploads\/2015\/04\/200508051.jpg?resize=350%2C200&ssl=1","width":350,"height":200},"classes":[]},{"id":130417,"url":"https:\/\/www.wallendorff.com\/belogue\/2024\/08\/29\/there-we-were-now-here-we-are\/","url_meta":{"origin":7733,"position":4},"title":"There we were, now here we are.","author":"dpc","date":"29 ao\u00fbt 2024","format":false,"excerpt":"Rock en Seine, Domaine national de Saint-Cloud, 28 ao\u00fbt 2009.J\u2019ai photographi\u00e9 ces trois jeunes filles du premier rang du public de Rock en Seine le 28 ao\u00fbt 2009 \u00e0 21 h 59 min 41 s, juste avant le concert d\u2019Oasis, juste avant l\u2019annonce de la plus fameuse baston-\u00e0-coups-de-guitares-en- loges\u00b9 de\u2026","rel":"","context":"Dans &quot;Alive&quot;","block_context":{"text":"Alive","link":"https:\/\/www.wallendorff.com\/belogue\/category\/alive\/"},"img":{"alt_text":"","src":"https:\/\/i0.wp.com\/www.wallendorff.com\/belogue\/wp-content\/uploads\/2024\/08\/20240829-01.jpg?resize=350%2C200&ssl=1","width":350,"height":200,"srcset":"https:\/\/i0.wp.com\/www.wallendorff.com\/belogue\/wp-content\/uploads\/2024\/08\/20240829-01.jpg?resize=350%2C200&ssl=1 1x, https:\/\/i0.wp.com\/www.wallendorff.com\/belogue\/wp-content\/uploads\/2024\/08\/20240829-01.jpg?resize=525%2C300&ssl=1 1.5x, https:\/\/i0.wp.com\/www.wallendorff.com\/belogue\/wp-content\/uploads\/2024\/08\/20240829-01.jpg?resize=700%2C400&ssl=1 2x, https:\/\/i0.wp.com\/www.wallendorff.com\/belogue\/wp-content\/uploads\/2024\/08\/20240829-01.jpg?resize=1050%2C600&ssl=1 3x"},"classes":[]},{"id":157,"url":"https:\/\/www.wallendorff.com\/belogue\/2006\/05\/25\/slack-day-1\/","url_meta":{"origin":7733,"position":5},"title":"Slack day #1.","author":"dpc","date":"25 mai 2006","format":false,"excerpt":"Apr\u00e8s la guerre, Metz, 20 mai. PDF, rock n'roll, photo, pesto et soupe aux champignons. \u00c7a fa\u00e7onne grave de bon. \u00a0PJ Harvey \u2013 Big Exit","rel":"","context":"Dans &quot;DPC&quot;","block_context":{"text":"DPC","link":"https:\/\/www.wallendorff.com\/belogue\/category\/dpc\/"},"img":{"alt_text":"","src":"https:\/\/i0.wp.com\/www.wallendorff.com\/belogue\/wp-content\/uploads\/2015\/04\/200605251.jpg?resize=350%2C200&ssl=1","width":350,"height":200,"srcset":"https:\/\/i0.wp.com\/www.wallendorff.com\/belogue\/wp-content\/uploads\/2015\/04\/200605251.jpg?resize=350%2C200&ssl=1 1x, https:\/\/i0.wp.com\/www.wallendorff.com\/belogue\/wp-content\/uploads\/2015\/04\/200605251.jpg?resize=525%2C300&ssl=1 1.5x, https:\/\/i0.wp.com\/www.wallendorff.com\/belogue\/wp-content\/uploads\/2015\/04\/200605251.jpg?resize=700%2C400&ssl=1 2x"},"classes":[]}],"_links":{"self":[{"href":"https:\/\/www.wallendorff.com\/belogue\/wp-json\/wp\/v2\/posts\/7733","targetHints":{"allow":["GET"]}}],"collection":[{"href":"https:\/\/www.wallendorff.com\/belogue\/wp-json\/wp\/v2\/posts"}],"about":[{"href":"https:\/\/www.wallendorff.com\/belogue\/wp-json\/wp\/v2\/types\/post"}],"author":[{"embeddable":true,"href":"https:\/\/www.wallendorff.com\/belogue\/wp-json\/wp\/v2\/users\/1"}],"replies":[{"embeddable":true,"href":"https:\/\/www.wallendorff.com\/belogue\/wp-json\/wp\/v2\/comments?post=7733"}],"version-history":[{"count":1,"href":"https:\/\/www.wallendorff.com\/belogue\/wp-json\/wp\/v2\/posts\/7733\/revisions"}],"predecessor-version":[{"id":17122,"href":"https:\/\/www.wallendorff.com\/belogue\/wp-json\/wp\/v2\/posts\/7733\/revisions\/17122"}],"wp:featuredmedia":[{"embeddable":true,"href":"https:\/\/www.wallendorff.com\/belogue\/wp-json\/wp\/v2\/media\/25801"}],"wp:attachment":[{"href":"https:\/\/www.wallendorff.com\/belogue\/wp-json\/wp\/v2\/media?parent=7733"}],"wp:term":[{"taxonomy":"category","embeddable":true,"href":"https:\/\/www.wallendorff.com\/belogue\/wp-json\/wp\/v2\/categories?post=7733"},{"taxonomy":"post_tag","embeddable":true,"href":"https:\/\/www.wallendorff.com\/belogue\/wp-json\/wp\/v2\/tags?post=7733"}],"curies":[{"name":"wp","href":"https:\/\/api.w.org\/{rel}","templated":true}]}}