{"id":773,"date":"2006-08-27T13:52:12","date_gmt":"2006-08-27T13:52:12","guid":{"rendered":"http:\/\/www.po-l.com\/wordpress\/?p=773"},"modified":"2012-08-27T16:15:29","modified_gmt":"2012-08-27T14:15:29","slug":"radiohead-rock-en-seine-paris","status":"publish","type":"post","link":"https:\/\/www.wallendorff.com\/belogue\/2006\/08\/27\/radiohead-rock-en-seine-paris\/","title":{"rendered":"Radiohead @ Rock en Seine, Paris."},"content":{"rendered":"\n<div id=\"photo\">\n<p><img decoding=\"async\" src=\"https:\/\/www.wallendorff.com\/belogue\/photo\/2006\/08\/20060827.jpg\" \/><\/p>\n<\/p><\/div>\n<p>La premi&egrave;re [et derni&egrave;re] fois c&rsquo;&eacute;tait au milieu des palmiers d&rsquo;un d&eacute;sert californien surchauff&eacute;, quelques minutes &agrave; peine apr&egrave;s la reformation des Pixies, au fin fond d&rsquo;une foule de 60&nbsp;000 personnes savourant religieusement leur seule date am&eacute;ricaine de cette ann&eacute;e 2004.<\/p>\n<p>Ce coup-ci, assis en tailleur derri&egrave;re des grillages, verre de blanc &agrave; la main, coll&egrave;gue plong&eacute; dans son bouquin [&ccedil;a t&rsquo;&eacute;tonnera toujours, cette propension qu&rsquo;a ton coll&egrave;gue de se mettre &agrave; lire n&rsquo;importe o&ugrave; et surtout n&rsquo;importe quand], tu frissonnes sans discontinuer, une grosse heure durant, sur le c&ocirc;t&eacute; d&rsquo;une foule de 30&nbsp;000 personnes savourant religieusement leur seule date fran&ccedil;aise de cette ann&eacute;e 2006.<\/p>\n<p style=\"text-align:right\">2h30 plus tard tu finis devant chez toi vann&eacute;, les oreilles ravies, toujours obnubil&eacute; par cet &ldquo;<em>And for a minute there, I lost myself, I lost myself<\/em>&rdquo;,<\/p>\n<p style=\"text-align:right\">&Agrave; la fin duquel, paradoxalement,<br \/>\n        Tu t&rsquo;es comme retrouv&eacute;.<\/p>\n<div id=\"bandeson\">\n<p><img decoding=\"async\" src=\"https:\/\/www.wallendorff.com\/belogue\/photo\/pochettes\/r\/radiohead-i_might_be_wrong_live_recordings.jpg\" align=\"left\" \/>&nbsp;<a href=\"http:\/\/www.radiohead.com\/\">Radiohead<\/a> &ndash; <em>Everything in Its Right Place<\/em> (live)        <\/p>\n<\/p><\/div>\n","protected":false},"excerpt":{"rendered":"<p>La premi&egrave;re [et derni&egrave;re] fois c&rsquo;&eacute;tait au milieu des palmiers d&rsquo;un d&eacute;sert californien surchauff&eacute;, quelques minutes &agrave; peine apr&egrave;s la reformation des Pixies, au fin fond d&rsquo;une foule de 60&nbsp;000 personnes savourant religieusement leur seule date am&eacute;ricaine de cette ann&eacute;e 2004. Ce coup-ci, assis en tailleur derri&egrave;re des grillages, verre de blanc &agrave; la main,&hellip;<\/p>\n","protected":false},"author":1,"featured_media":24713,"comment_status":"open","ping_status":"open","sticky":false,"template":"","format":"standard","meta":{"_acf_changed":false,"ngg_post_thumbnail":0,"jetpack_post_was_ever_published":false,"_jetpack_newsletter_access":"","_jetpack_dont_email_post_to_subs":false,"_jetpack_newsletter_tier_id":0,"_jetpack_memberships_contains_paywalled_content":false,"_jetpack_memberships_contains_paid_content":false,"footnotes":"","jetpack_publicize_message":"","jetpack_publicize_feature_enabled":true,"jetpack_social_post_already_shared":false,"jetpack_social_options":{"image_generator_settings":{"template":"highway","default_image_id":0,"font":"","enabled":false},"version":2}},"categories":[7],"tags":[174,10084,196,132,10311,429,10136,10120,10121,10098,10135,128,10133,3033,10407],"class_list":["post-773","post","type-post","status-publish","format-standard","has-post-thumbnail","hentry","category-alive","tag-174","tag-alive","tag-ef-28-70-mm-f28l-usm","tag-eos-20d","tag-dos","tag-everything-in-its-right-place","tag-festival","tag-france","tag-ile-de-france","tag-paris","tag-public","tag-radiohead","tag-rock-en-seine","tag-rock-en-seine-2006","tag-silhouette"],"acf":[],"geo":{"latitude":48.8313904,"longitude":2.2213197,"description":"Parc de Saint-Cloud, 92210 Saint-Cloud, France"},"jetpack_publicize_connections":[],"jetpack_featured_media_url":"https:\/\/www.wallendorff.com\/belogue\/wp-content\/uploads\/2015\/04\/200608271.jpg","jetpack_shortlink":"https:\/\/wp.me\/p3b35P-ct","jetpack_sharing_enabled":true,"jetpack-related-posts":[{"id":1121,"url":"https:\/\/www.wallendorff.com\/belogue\/2007\/12\/28\/2007en-3\/","url_meta":{"origin":773,"position":0},"title":"2007 en&#8230; #3.","author":"dpc","date":"28 d\u00e9cembre 2007","format":false,"excerpt":"pr\u00e9sentent 2007 en 10 concerts live en public qui meutrirent m\u00e9chant je te dis pas comment \u00c9tait-ce l'atmosph\u00e8re du 3e soir d'un festival pass\u00e9 entre les gouttes, pliant finalement sous la menace de l'orage qui grondait, ou plut\u00f4t l'excitation palpable dans la troupe de photographes mass\u00e9e devant la grille de\u2026","rel":"","context":"Dans &quot;DPC&quot;","block_context":{"text":"DPC","link":"https:\/\/www.wallendorff.com\/belogue\/category\/dpc\/"},"img":{"alt_text":"","src":"https:\/\/i0.wp.com\/www.wallendorff.com\/belogue\/wp-content\/uploads\/2015\/04\/200712281.jpg?resize=350%2C200&ssl=1","width":350,"height":200},"classes":[]},{"id":775,"url":"https:\/\/www.wallendorff.com\/belogue\/2006\/08\/29\/the-raconteurs-rock-en-seine-paris-25-aout\/","url_meta":{"origin":773,"position":1},"title":"The Raconteurs @ Rock en Seine, Paris, 25 ao\u00fbt.","author":"dpc","date":"29 ao\u00fbt 2006","format":false,"excerpt":"Brend-Hann vit le grand inconnu s'approcher du micro. Subjugu\u00e9 par sa stature, p\u00e9trifi\u00e9 par sa prestance, le candide breton se sentit submerg\u00e9 par une vague de curiosit\u00e9 m\u00eal\u00e9e d'un trouble haletant. Le grand \u00e9ph\u00e8be qui lui faisait face, feintant l'innocence mais s\u00fbr de son succ\u00e8s, ondula son corps d'un air\u2026","rel":"","context":"Dans &quot;Alive&quot;","block_context":{"text":"Alive","link":"https:\/\/www.wallendorff.com\/belogue\/category\/alive\/"},"img":{"alt_text":"","src":"https:\/\/i0.wp.com\/www.wallendorff.com\/belogue\/wp-content\/uploads\/2015\/04\/200608291.jpg?resize=350%2C200&ssl=1","width":350,"height":200},"classes":[]},{"id":1264,"url":"https:\/\/www.wallendorff.com\/belogue\/2008\/07\/07\/main-square-festival-arras-5-6-juillet\/","url_meta":{"origin":773,"position":2},"title":"Main Square Festival, Arras, 5-6 juillet.","author":"dpc","date":"7 juillet 2008","format":false,"excerpt":"\u00a0Radiohead \u2013 The National Anthem (live) Et se dire que finalement, apr\u00e8s avoir eu Radiohead rien que pour soi dans un concert meilleur que celui de Bercy, apr\u00e8s avoir d\u00e9couvert que les Kooks ne sont pas si anecdotiques que \u00e7a, apr\u00e8s avoir pu passer du temps avec des gens pas\u2026","rel":"","context":"Dans &quot;Alive&quot;","block_context":{"text":"Alive","link":"https:\/\/www.wallendorff.com\/belogue\/category\/alive\/"},"img":{"alt_text":"","src":"https:\/\/i0.wp.com\/www.wallendorff.com\/belogue\/wp-content\/uploads\/2017\/07\/20080707.jpg?resize=350%2C200&ssl=1","width":350,"height":200,"srcset":"https:\/\/i0.wp.com\/www.wallendorff.com\/belogue\/wp-content\/uploads\/2017\/07\/20080707.jpg?resize=350%2C200&ssl=1 1x, https:\/\/i0.wp.com\/www.wallendorff.com\/belogue\/wp-content\/uploads\/2017\/07\/20080707.jpg?resize=525%2C300&ssl=1 1.5x, https:\/\/i0.wp.com\/www.wallendorff.com\/belogue\/wp-content\/uploads\/2017\/07\/20080707.jpg?resize=700%2C400&ssl=1 2x, https:\/\/i0.wp.com\/www.wallendorff.com\/belogue\/wp-content\/uploads\/2017\/07\/20080707.jpg?resize=1050%2C600&ssl=1 3x"},"classes":[]},{"id":1132,"url":"https:\/\/www.wallendorff.com\/belogue\/2008\/01\/08\/shooting-people-22\/","url_meta":{"origin":773,"position":3},"title":"Shooting people #22.","author":"dpc","date":"8 janvier 2008","format":false,"excerpt":"Paris, 6 janvier. Demain j'essaie d'arr\u00eater de poster des photos de mes topines au fisheye1, promis. [Ou au moins j'enl\u00e8ve le rouleau de sopalin avant.] \u00a0Radiohead \u2013 Jigsaw Falling into Place _____ 1 Faudra \u00e9galement que je me d\u00e9cide \u00e0 causer d'\u00ab\u00a0\u0153il de poisson\u00a0\u00bb, aussi, pour respecter ma r\u00e9putation d'anglophobe\u2026","rel":"","context":"Dans &quot;Portraits&quot;","block_context":{"text":"Portraits","link":"https:\/\/www.wallendorff.com\/belogue\/category\/portraits\/"},"img":{"alt_text":"","src":"https:\/\/i0.wp.com\/www.wallendorff.com\/belogue\/wp-content\/uploads\/2015\/04\/200801081.jpg?resize=350%2C200&ssl=1","width":350,"height":200,"srcset":"https:\/\/i0.wp.com\/www.wallendorff.com\/belogue\/wp-content\/uploads\/2015\/04\/200801081.jpg?resize=350%2C200&ssl=1 1x, https:\/\/i0.wp.com\/www.wallendorff.com\/belogue\/wp-content\/uploads\/2015\/04\/200801081.jpg?resize=525%2C300&ssl=1 1.5x, https:\/\/i0.wp.com\/www.wallendorff.com\/belogue\/wp-content\/uploads\/2015\/04\/200801081.jpg?resize=700%2C400&ssl=1 2x"},"classes":[]},{"id":154,"url":"https:\/\/www.wallendorff.com\/belogue\/2006\/05\/19\/the-dresden-dolls-el-bataclano-paris-18-mai\/","url_meta":{"origin":773,"position":4},"title":"The Dresden Dolls @ El Bataclano, Paris, 18 mai.","author":"dpc","date":"19 mai 2006","format":false,"excerpt":"Tu cours de bourreau en bureau, tu voles de boulot en m\u00e9tro, louvoyant dans les ruelles, tra\u00e7ant tes chemins de traverses, tu retrouves tes gens, tu manges un Michoko\u00ae, tu n\u00e9gocies des badges avec une tour manager, tu manges un autre Michoko\u00ae, tu te plantes devant une sc\u00e8ne \u00e0 l'ombre\u2026","rel":"","context":"Dans &quot;Alive&quot;","block_context":{"text":"Alive","link":"https:\/\/www.wallendorff.com\/belogue\/category\/alive\/"},"img":{"alt_text":"","src":"https:\/\/i0.wp.com\/www.wallendorff.com\/belogue\/wp-content\/uploads\/2015\/04\/200605191.jpg?resize=350%2C200&ssl=1","width":350,"height":200},"classes":[]},{"id":80,"url":"https:\/\/www.wallendorff.com\/belogue\/2005\/08\/28\/you-don-t-foule-me\/","url_meta":{"origin":773,"position":5},"title":"You don&rsquo;t foule me.","author":"dpc","date":"28 ao\u00fbt 2005","format":false,"excerpt":"Pendant B\u00e9bichamble, Rock en Seine, Paris, 26 ao\u00fbt. [\"Come on hide your lovers \/ Underneath the covers.\"] \u00a0Arcade Fire \u2013 Rebellion (Lies)","rel":"","context":"Dans &quot;DPC&quot;","block_context":{"text":"DPC","link":"https:\/\/www.wallendorff.com\/belogue\/category\/dpc\/"},"img":{"alt_text":"","src":"https:\/\/i0.wp.com\/www.wallendorff.com\/belogue\/wp-content\/uploads\/2015\/04\/200508281.jpg?resize=350%2C200&ssl=1","width":350,"height":200},"classes":[]}],"_links":{"self":[{"href":"https:\/\/www.wallendorff.com\/belogue\/wp-json\/wp\/v2\/posts\/773","targetHints":{"allow":["GET"]}}],"collection":[{"href":"https:\/\/www.wallendorff.com\/belogue\/wp-json\/wp\/v2\/posts"}],"about":[{"href":"https:\/\/www.wallendorff.com\/belogue\/wp-json\/wp\/v2\/types\/post"}],"author":[{"embeddable":true,"href":"https:\/\/www.wallendorff.com\/belogue\/wp-json\/wp\/v2\/users\/1"}],"replies":[{"embeddable":true,"href":"https:\/\/www.wallendorff.com\/belogue\/wp-json\/wp\/v2\/comments?post=773"}],"version-history":[{"count":3,"href":"https:\/\/www.wallendorff.com\/belogue\/wp-json\/wp\/v2\/posts\/773\/revisions"}],"predecessor-version":[{"id":18800,"href":"https:\/\/www.wallendorff.com\/belogue\/wp-json\/wp\/v2\/posts\/773\/revisions\/18800"}],"wp:featuredmedia":[{"embeddable":true,"href":"https:\/\/www.wallendorff.com\/belogue\/wp-json\/wp\/v2\/media\/24713"}],"wp:attachment":[{"href":"https:\/\/www.wallendorff.com\/belogue\/wp-json\/wp\/v2\/media?parent=773"}],"wp:term":[{"taxonomy":"category","embeddable":true,"href":"https:\/\/www.wallendorff.com\/belogue\/wp-json\/wp\/v2\/categories?post=773"},{"taxonomy":"post_tag","embeddable":true,"href":"https:\/\/www.wallendorff.com\/belogue\/wp-json\/wp\/v2\/tags?post=773"}],"curies":[{"name":"wp","href":"https:\/\/api.w.org\/{rel}","templated":true}]}}