{"id":7708,"date":"2010-06-15T11:29:38","date_gmt":"2010-06-15T09:29:38","guid":{"rendered":"http:\/\/www.po-l.com\/belogue\/?p=7708"},"modified":"2013-01-10T12:38:24","modified_gmt":"2013-01-10T10:38:24","slug":"the-hold-steady-i-love-ufo-la-fleche-dor-paris","status":"publish","type":"post","link":"https:\/\/www.wallendorff.com\/belogue\/2010\/06\/15\/the-hold-steady-i-love-ufo-la-fleche-dor-paris\/","title":{"rendered":"The Hold Steady + I Love UFO @ la Fl\u00e8che d&rsquo;Or, Paris."},"content":{"rendered":"\n<div id=\"photo\">\n<p><img decoding=\"async\" src=\"https:\/\/www.wallendorff.com\/belogue\/photo\/2010\/06\/20100615.jpg\" \/><\/p>\n<\/p><\/div>\n<p>Habituellement, quand un de ces groupes ind&eacute;s qui marchent bien aux &Eacute;tats-Unis et restent presque inconnus en France se pointe ici, il se retrouve dans une petite salle &agrave; jouer devant un parterre presque enti&egrave;rement constitu&eacute; de Ricains tout contents de profiter de l&rsquo;aubaine d&rsquo;une si petite sc&egrave;ne. Ce qui rend ce soir-l&agrave; diff&eacute;rent, c&rsquo;est que la premi&egrave;re partie est assur&eacute;e par I Love UFO, qu&rsquo;I Love UFO a <a href=\"http:\/\/musique.fnac.com\/a2878270\/I-Love-Ufo-Dirty-animals-CD-album?PID=807\">un nouvel album &agrave; f&ecirc;ter<\/a> et qu&rsquo;I Love UFO est venu avec toute son &eacute;quipe, sur sc&egrave;ne et dans la salle&nbsp;; pendant une heure, au milieu des pompoms girls de l&rsquo;enfer, ce sera temp&ecirc;te sonique sur la Fl&egrave;che, le d&eacute;luge de gros sons, l&rsquo;ouragan de guitares. I Love UFO nous l&acirc;che son mur de d\u00e9cibels en pleine poire et la transe qui habite leur chanteur, Butch McKoy, gratteux arrach&eacute; comme on n&rsquo;en fait plus assez, finit par se transmettre au premier rang quand il saute dedans pour le secouer dans la sueur et l&rsquo;effroi. Le quatuor torche son heure de set avec dix minutes d&rsquo;une construction instru qui monte en lancinant,  arrache tout en lac&eacute;rant et s&rsquo;en va en &eacute;grenant les musiciens hors de sc&egrave;ne et tout se calme. Grosse f&ecirc;te. Voil&agrave;.<\/p>\n<p>Apr&egrave;s, forc&eacute;ment, quand on est venu voir un groupe du Minnesota en forme de Bisounours en Converse, tomber sur ce genre de premi&egrave;re partie fait peur. Et vice-versa. Du coup, quand The Hold Steady monte sur sc&egrave;ne, une bonne partie du premier rang parle subitement ricain et se serre tr&egrave;s tr&egrave;s fort au point de d&eacute;courager le photographe tentant de revenir devant. Le photographe reste alors 5 minutes sur le c&ocirc;t&eacute; pour faire quatre photos et va rejoindre Copain au fond pour voir tout &ccedil;a de loin. Copain trouve &ccedil;a vachement bien, m&ecirc;me si &laquo;&nbsp;le mani&eacute;risme de Craig Finn &#8213;&nbsp;le chanteur&nbsp;&#8213; est super ringard&nbsp;&raquo;, ce que Copain adore, d&rsquo;ailleurs. &Agrave; l&rsquo;heure o&ugrave; le photographe &eacute;crit cette notasse, Copain a mis comme statut sur un r&eacute;seau social bien connu qu&rsquo;il &laquo;&nbsp;a bien quiph&eacute; les ploucs de The Hold Steady hier soir &agrave; la Fl&egrave;che d&rsquo;Or, et   &eacute;changerait bien mille Christophe Ma&eacute; et deux mille Michel Sardou   contre eux&nbsp;&raquo;. Il est comme &ccedil;a, Copain, il est prodigue du Sardou.<\/p>\n<p style=\"text-align:right\">Mais on s&rsquo;&eacute;gare.<\/p>\n<p style=\"text-align:right\">Pour r&eacute;sumer, disons que <a href=\"http:\/\/www.myspace.com\/theholdsteady\">The Hold Steady<\/a> c&rsquo;est ach&rsquo;te bien et qu&rsquo;<a href=\"http:\/\/www.myspace.com\/iloveufoofficial\">I Love UFO<\/a> c&rsquo;est ach&rsquo;te mieux, pour peu qu&rsquo;on porte des Docs.<\/p>\n<p style=\"text-align:right\">Si jamais vous portez plut&ocirc;t des Converse, inversez l&rsquo;affirmation pr&eacute;c&eacute;dente.<\/p>\n<p style=\"text-align:right\">Et si vous portez des tongs, allez voir Camping 2.<\/p>\n<div id=\"bandeson\">\n<p><img decoding=\"async\" src=\"https:\/\/www.wallendorff.com\/belogue\/photo\/pochettes\/r\/rogue_wave-descended_like_vultures.jpg\" align=\"left\" \/>&nbsp;<a href=\"http:\/\/www.roguewavemusic.com\/\">Rogue Wave<\/a> &ndash; <em>10:1<\/em><\/p>\n<\/p><\/div>\n<h2>I Love UFO<\/h2>ngg_shortcode_0_placeholder<h2>The Hold Steady<\/h2>ngg_shortcode_1_placeholder","protected":false},"excerpt":{"rendered":"<p>Habituellement, quand un de ces groupes ind&eacute;s qui marchent bien aux &Eacute;tats-Unis et restent presque inconnus en France se pointe ici, il se retrouve dans une petite salle &agrave; jouer devant un parterre presque enti&egrave;rement constitu&eacute; de Ricains tout contents de profiter de l&rsquo;aubaine d&rsquo;une si petite sc&egrave;ne. Ce qui rend ce soir-l&agrave; diff&eacute;rent, c&rsquo;est&hellip;<\/p>\n","protected":false},"author":1,"featured_media":25796,"comment_status":"open","ping_status":"open","sticky":false,"template":"","format":"standard","meta":{"_acf_changed":false,"ngg_post_thumbnail":0,"jetpack_post_was_ever_published":false,"_jetpack_newsletter_access":"","_jetpack_dont_email_post_to_subs":false,"_jetpack_newsletter_tier_id":0,"_jetpack_memberships_contains_paywalled_content":false,"_jetpack_memberships_contains_paid_content":false,"footnotes":"","jetpack_publicize_message":"","jetpack_publicize_feature_enabled":true,"jetpack_social_post_already_shared":false,"jetpack_social_options":{"image_generator_settings":{"template":"highway","default_image_id":0,"font":"","enabled":false},"version":2}},"categories":[7],"tags":[7197,10654,10216,10084,2571,196,2615,10120,10395,10121,10374,143,10098,2620,10429],"class_list":["post-7708","post","type-post","status-publish","format-standard","has-post-thumbnail","hentry","category-alive","tag-7197","tag-10654","tag-10216","tag-alive","tag-ef-16-35-mm-f28l-ii-usm","tag-ef-28-70-mm-f28l-usm","tag-eos-5d-mark-ii","tag-france","tag-i-love-ufo","tag-ile-de-france","tag-la-fleche-dor","tag-noir-et-blanc","tag-paris","tag-rogue-wave","tag-the-hold-steady"],"acf":[],"geo":{"latitude":48.8594246,"longitude":2.4029884,"description":"94-104 Rue de Bagnolet, 75020 Paris, France"},"jetpack_publicize_connections":[],"jetpack_featured_media_url":"https:\/\/www.wallendorff.com\/belogue\/wp-content\/uploads\/2015\/04\/201006151.jpg","jetpack_shortlink":"https:\/\/wp.me\/p3b35P-20k","jetpack_sharing_enabled":true,"jetpack-related-posts":[{"id":12644,"url":"https:\/\/www.wallendorff.com\/belogue\/2011\/04\/14\/the-head-and-the-heart-mechanical-bride-trevor-ross-hannah-lou\/","url_meta":{"origin":7708,"position":0},"title":"The Head and the Heart + Mechanical Bride + Trevor Ross &#038; Hannah-Lou @ la Fl\u00e8che d&rsquo;Or, Paris.","author":"dpc","date":"14 avril 2011","format":false,"excerpt":"Tr\u00e8s calmes sur disque \u2015\u00a0le Cats and Dogs ci-dessous est ce qu'on trouve de plus \u00e9nerv\u00e9 chez eux\u00a0\u2015, The Head and the Heart se montrent bien plus enjou\u00e9s sur sc\u00e8ne, donnant plus d'ampleur \u00e0 leurs morceaux et conqu\u00e9rant bien vite une Fl\u00e8che d'Or qui ne tarde pas \u00e0 taper dans\u2026","rel":"","context":"Dans &quot;Alive&quot;","block_context":{"text":"Alive","link":"https:\/\/www.wallendorff.com\/belogue\/category\/alive\/"},"img":{"alt_text":"","src":"https:\/\/i0.wp.com\/www.wallendorff.com\/belogue\/wp-content\/uploads\/2015\/04\/201104141.jpg?resize=350%2C200&ssl=1","width":350,"height":200,"srcset":"https:\/\/i0.wp.com\/www.wallendorff.com\/belogue\/wp-content\/uploads\/2015\/04\/201104141.jpg?resize=350%2C200&ssl=1 1x, https:\/\/i0.wp.com\/www.wallendorff.com\/belogue\/wp-content\/uploads\/2015\/04\/201104141.jpg?resize=525%2C300&ssl=1 1.5x, https:\/\/i0.wp.com\/www.wallendorff.com\/belogue\/wp-content\/uploads\/2015\/04\/201104141.jpg?resize=700%2C400&ssl=1 2x"},"classes":[]},{"id":6338,"url":"https:\/\/www.wallendorff.com\/belogue\/2010\/01\/23\/band-of-skulls-the-parlotones-la-fleche-dor-paris-21-janvier\/","url_meta":{"origin":7708,"position":1},"title":"Band of Skulls + The Parlotones @ la Fl\u00e8che d&rsquo;Or, Paris, 21 janvier.","author":"dpc","date":"23 janvier 2010","format":false,"excerpt":"\u00a0Band of Skulls \u2013 I Know What I Am Et notre premier groupe tout neuf de l'ann\u00e9e est donc un trio d'Anglais barr\u00e9s et chevelus qui savent retourner une salle comme il faut, m\u00eame quand elle est un peu d\u00e9peupl\u00e9e. Premi\u00e8re exp\u00e9rience convaincante, grave, on attend vite la suite avec\u2026","rel":"","context":"Dans &quot;Alive&quot;","block_context":{"text":"Alive","link":"https:\/\/www.wallendorff.com\/belogue\/category\/alive\/"},"img":{"alt_text":"","src":"https:\/\/i0.wp.com\/www.wallendorff.com\/belogue\/wp-content\/uploads\/2015\/04\/201001231.jpg?resize=350%2C200&ssl=1","width":350,"height":200,"srcset":"https:\/\/i0.wp.com\/www.wallendorff.com\/belogue\/wp-content\/uploads\/2015\/04\/201001231.jpg?resize=350%2C200&ssl=1 1x, https:\/\/i0.wp.com\/www.wallendorff.com\/belogue\/wp-content\/uploads\/2015\/04\/201001231.jpg?resize=525%2C300&ssl=1 1.5x, https:\/\/i0.wp.com\/www.wallendorff.com\/belogue\/wp-content\/uploads\/2015\/04\/201001231.jpg?resize=700%2C400&ssl=1 2x"},"classes":[]},{"id":7381,"url":"https:\/\/www.wallendorff.com\/belogue\/2010\/04\/14\/frightened-rabbit-candy-clash-la-fleche-dor-paris\/","url_meta":{"origin":7708,"position":2},"title":"Frightened Rabbit + Candy Clash @ la Fl\u00e8che d&rsquo;Or, Paris.","author":"dpc","date":"14 avril 2010","format":false,"excerpt":"[Va falloir que je pense s\u00e9rieusement \u00e0 arr\u00eater la Fl\u00e8che d'Or et ses lumi\u00e8res moisies.] Candy Clash n'\u00e9volue pas vraiment dans ma ligue, mais plut\u00f4t dans ce genre musical o\u00f9 le chanteur finit invariablement pendu dans sa cuisine avec une corde \u00e0 linge1 la veille de son d\u00e9part en tourn\u00e9e\u2026","rel":"","context":"Dans &quot;Alive&quot;","block_context":{"text":"Alive","link":"https:\/\/www.wallendorff.com\/belogue\/category\/alive\/"},"img":{"alt_text":"","src":"https:\/\/i0.wp.com\/www.wallendorff.com\/belogue\/wp-content\/uploads\/2015\/04\/201004141.jpg?resize=350%2C200&ssl=1","width":350,"height":200,"srcset":"https:\/\/i0.wp.com\/www.wallendorff.com\/belogue\/wp-content\/uploads\/2015\/04\/201004141.jpg?resize=350%2C200&ssl=1 1x, https:\/\/i0.wp.com\/www.wallendorff.com\/belogue\/wp-content\/uploads\/2015\/04\/201004141.jpg?resize=525%2C300&ssl=1 1.5x, https:\/\/i0.wp.com\/www.wallendorff.com\/belogue\/wp-content\/uploads\/2015\/04\/201004141.jpg?resize=700%2C400&ssl=1 2x"},"classes":[]},{"id":5369,"url":"https:\/\/www.wallendorff.com\/belogue\/2009\/12\/15\/the-black-box-revelation-la-fleche-dor-paris\/","url_meta":{"origin":7708,"position":3},"title":"The Black Box Revelation @ la Fl\u00e8che d&rsquo;Or, Paris.","author":"dpc","date":"15 d\u00e9cembre 2009","format":false,"excerpt":"\u00a0The Black Box Revelation \u2013 Set Your Head on Fire (live Pal\u00e9o festival 2009) J'aime ces matins o\u00f9 la photo parle d'elle-m\u00eame, o\u00f9 l'image montre bien que oui oui ils ont tout arrach\u00e9s et m\u00eame que Paternoster est mont\u00e9 sur la batterie de Van Dijck \u00e0 la fin de Set\u2026","rel":"","context":"Dans &quot;Alive&quot;","block_context":{"text":"Alive","link":"https:\/\/www.wallendorff.com\/belogue\/category\/alive\/"},"img":{"alt_text":"","src":"https:\/\/i0.wp.com\/www.wallendorff.com\/belogue\/wp-content\/uploads\/2015\/04\/200912151.jpg?resize=350%2C200&ssl=1","width":350,"height":200,"srcset":"https:\/\/i0.wp.com\/www.wallendorff.com\/belogue\/wp-content\/uploads\/2015\/04\/200912151.jpg?resize=350%2C200&ssl=1 1x, https:\/\/i0.wp.com\/www.wallendorff.com\/belogue\/wp-content\/uploads\/2015\/04\/200912151.jpg?resize=525%2C300&ssl=1 1.5x, https:\/\/i0.wp.com\/www.wallendorff.com\/belogue\/wp-content\/uploads\/2015\/04\/200912151.jpg?resize=700%2C400&ssl=1 2x"},"classes":[]},{"id":127695,"url":"https:\/\/www.wallendorff.com\/belogue\/2024\/04\/14\/suivre-la-fleche-1-3-reference\/","url_meta":{"origin":7708,"position":4},"title":"Suivre la fl\u00e8che [1\/3] : R\u00e9f\u00e9rence.","author":"dpc","date":"14 avril 2024","format":false,"excerpt":"Voil\u00e0 5 ans, la fl\u00e8che s\u2019effondrait, emportant quelques-unes de nos certitudes.Voil\u00e0 5 ans, l\u2019incendie laissait un trou b\u00e9ant \u00e0 la place de l\u2019un des plus anciens, des plus classiques point de r\u00e9f\u00e9rence du paysage parisien.Voil\u00e0 5 ans commen\u00e7ait la lente recouvrance qui devrait se terminer \u00e0 la fin de l'ann\u00e9e\u2026","rel":"","context":"Dans &quot;DPC&quot;","block_context":{"text":"DPC","link":"https:\/\/www.wallendorff.com\/belogue\/category\/dpc\/"},"img":{"alt_text":"","src":"https:\/\/i0.wp.com\/www.wallendorff.com\/belogue\/wp-content\/uploads\/2024\/04\/20240414-01.jpg?resize=350%2C200&ssl=1","width":350,"height":200,"srcset":"https:\/\/i0.wp.com\/www.wallendorff.com\/belogue\/wp-content\/uploads\/2024\/04\/20240414-01.jpg?resize=350%2C200&ssl=1 1x, https:\/\/i0.wp.com\/www.wallendorff.com\/belogue\/wp-content\/uploads\/2024\/04\/20240414-01.jpg?resize=525%2C300&ssl=1 1.5x, https:\/\/i0.wp.com\/www.wallendorff.com\/belogue\/wp-content\/uploads\/2024\/04\/20240414-01.jpg?resize=700%2C400&ssl=1 2x, https:\/\/i0.wp.com\/www.wallendorff.com\/belogue\/wp-content\/uploads\/2024\/04\/20240414-01.jpg?resize=1050%2C600&ssl=1 3x"},"classes":[]},{"id":783,"url":"https:\/\/www.wallendorff.com\/belogue\/2006\/09\/08\/ben-kweller-la-fleche-d-or-paris\/","url_meta":{"origin":7708,"position":5},"title":"Ben Kweller @ la Fl\u00e8che d&rsquo;Or, Paris.","author":"dpc","date":"8 septembre 2006","format":false,"excerpt":"Ben, c'est un gars sympa et sa coupe de cheveux est coule. Et sa veste en jean, aussi. Quand il d\u00e9barque, Ben, qu'il dit bonjour Paris avec sa voix qu'on dirait un peu celle de Garth et son visage poupin, Ben, on l'aime. Il est tout seul sur sc\u00e8ne, Ben.\u2026","rel":"","context":"Dans &quot;Alive&quot;","block_context":{"text":"Alive","link":"https:\/\/www.wallendorff.com\/belogue\/category\/alive\/"},"img":{"alt_text":"","src":"https:\/\/i0.wp.com\/www.wallendorff.com\/belogue\/wp-content\/uploads\/2015\/04\/200609081.jpg?resize=350%2C200&ssl=1","width":350,"height":200,"srcset":"https:\/\/i0.wp.com\/www.wallendorff.com\/belogue\/wp-content\/uploads\/2015\/04\/200609081.jpg?resize=350%2C200&ssl=1 1x, https:\/\/i0.wp.com\/www.wallendorff.com\/belogue\/wp-content\/uploads\/2015\/04\/200609081.jpg?resize=525%2C300&ssl=1 1.5x, https:\/\/i0.wp.com\/www.wallendorff.com\/belogue\/wp-content\/uploads\/2015\/04\/200609081.jpg?resize=700%2C400&ssl=1 2x"},"classes":[]}],"_links":{"self":[{"href":"https:\/\/www.wallendorff.com\/belogue\/wp-json\/wp\/v2\/posts\/7708","targetHints":{"allow":["GET"]}}],"collection":[{"href":"https:\/\/www.wallendorff.com\/belogue\/wp-json\/wp\/v2\/posts"}],"about":[{"href":"https:\/\/www.wallendorff.com\/belogue\/wp-json\/wp\/v2\/types\/post"}],"author":[{"embeddable":true,"href":"https:\/\/www.wallendorff.com\/belogue\/wp-json\/wp\/v2\/users\/1"}],"replies":[{"embeddable":true,"href":"https:\/\/www.wallendorff.com\/belogue\/wp-json\/wp\/v2\/comments?post=7708"}],"version-history":[{"count":4,"href":"https:\/\/www.wallendorff.com\/belogue\/wp-json\/wp\/v2\/posts\/7708\/revisions"}],"predecessor-version":[{"id":20105,"href":"https:\/\/www.wallendorff.com\/belogue\/wp-json\/wp\/v2\/posts\/7708\/revisions\/20105"}],"wp:featuredmedia":[{"embeddable":true,"href":"https:\/\/www.wallendorff.com\/belogue\/wp-json\/wp\/v2\/media\/25796"}],"wp:attachment":[{"href":"https:\/\/www.wallendorff.com\/belogue\/wp-json\/wp\/v2\/media?parent=7708"}],"wp:term":[{"taxonomy":"category","embeddable":true,"href":"https:\/\/www.wallendorff.com\/belogue\/wp-json\/wp\/v2\/categories?post=7708"},{"taxonomy":"post_tag","embeddable":true,"href":"https:\/\/www.wallendorff.com\/belogue\/wp-json\/wp\/v2\/tags?post=7708"}],"curies":[{"name":"wp","href":"https:\/\/api.w.org\/{rel}","templated":true}]}}