{"id":7677,"date":"2010-06-12T12:22:40","date_gmt":"2010-06-12T10:22:40","guid":{"rendered":"http:\/\/www.po-l.com\/belogue\/?p=7677"},"modified":"2018-05-23T08:15:56","modified_gmt":"2018-05-23T06:15:56","slug":"six","status":"publish","type":"post","link":"https:\/\/www.wallendorff.com\/belogue\/2010\/06\/12\/six\/","title":{"rendered":"668 the neighbour of the beast."},"content":{"rendered":"\n<div id=\"photo\">\n<p><img decoding=\"async\" src=\"https:\/\/www.wallendorff.com\/belogue\/photo\/2010\/06\/20100612.jpg\" \/><br \/>\nRue Michel-le-Comte, Paris, 8 mai.<\/p>\n<\/p><\/div>\n<p style=\"text-align:right\">Non mais l&agrave; c&rsquo;est plut&ocirc;t une mobylette qu&rsquo;un escalier, donc &ccedil;a compte pas.<\/p>\n<p style=\"text-align:right\">Hum.<\/p>\n<p>Ah et puis&nbsp;: <\/p>\n<p style=\"text-align:left\">Il y a six ans, les Pistons de D\u00e9troit \u00e9taient en finale NBA.<\/p>\n<p style=\"text-align:right\"><a href=\"https:\/\/www.wallendorff.com\/belogue\/2005\/06\/13\/youve-gone-way-too-far-by-now-to-turn-around\/\">Il y a cinq ans<\/a>, les Pistons de D\u00e9troit \u00e9taient encore en finale NBA.<\/p>\n<p style=\"text-align:left\"><a href=\"https:\/\/www.wallendorff.com\/belogue\/2006\/06\/12\/l-emu-rond-des-zoos-raye\/\">Il y a quatre ans<\/a>, les Pistons de D\u00e9troit \u00e9taient en vacances apr\u00e8s s&rsquo;\u00eatre fait vider comme des nazes en six manches de finale de conf\u00e9rence par Miami<em>.<\/em><\/p>\n<p style=\"text-align:right\"><a href=\"https:\/\/www.wallendorff.com\/belogue\/2007\/06\/12\/trois\/\">Il y a trois ans<\/a>, les Pistons de D\u00e9troit &eacute;taient toujours en vacances, cette fois-ci gr\u00e2ce \u00e0 Cleveland.<\/p>\n<p style=\"text-align:left\"><a href=\"https:\/\/www.wallendorff.com\/belogue\/2008\/06\/12\/le-pied-o-la-vieille-m-oint-cher\/\">Il y a deux ans<\/a>, j&rsquo;en avais marre de ressasser chaque ann&eacute;e des histoires de basket, ce sport de nase, tout &ccedil;a &agrave; cause de la <a href=\"http:\/\/en.wikipedia.org\/wiki\/2004%E2%80%9305_NHL_lockout\">gr&egrave;ve de 2004<\/a> qui m&rsquo;avait forc&eacute; &agrave; causer d&egrave;s l&rsquo;origine de basket, ce sport de nase, plut&ocirc;t que de hockey sur glace. Cette ann&eacute;e-l&agrave;, donc, les Red Wings de D&eacute;troit emport&egrave;rent le championnat et tout le monde fut content, sauf moi<sup>1<\/sup><em>.<\/em><\/p>\n<p style=\"text-align:right\"><a href=\"https:\/\/www.wallendorff.com\/belogue\/2009\/06\/12\/me-nuisant-plus-bele-que-vaux-je-hourds\">Il y a un an<\/a>, j&rsquo;&eacute;tais persuad&eacute; que D&eacute;troit allait s&ucirc;rement redevenir champion en regagnant contre rePittsburgh puisque le septi&egrave;me match de la finale, c&rsquo;&eacute;tait le soir-m&ecirc;me et que sur les 14 fois pr&eacute;c&eacute;dentes o&ugrave; la coupe s&rsquo;&eacute;tait jou&eacute;e en sept manches, l&rsquo;&eacute;quipe qui accueillait avait gagn&eacute; 12 fois. Je pensais que c&rsquo;&eacute;tait pas plus mal, parce que &ccedil;a allait donner au moins un truc &agrave; f&ecirc;ter dans le Michigan cette ann&eacute;e-l&agrave;. Manque de pot, Pittsburgh a gagn&eacute; 2-1, ce qui prouve bien que dans la vie, rien n&rsquo;est gagn&eacute; d&rsquo;avance.<\/p>\n<p><em>Cette ann&eacute;e, D&eacute;troit s&rsquo;est fait &eacute;liminer par San Jose en demi-finale de conf&eacute;rence, Chicago a remport&eacute; le championnat pour la premi&egrave;re fois depuis 1961 et s&rsquo;est rebaptis&eacute; Hawkeytown pour faire la nique au Hockeytown de D&eacute;troit, ce que je trouve fort dr&ocirc;le car j&rsquo;ai toujours pr&eacute;f&eacute;r&eacute; Chicago &agrave; D&eacute;troit.<\/em><\/p>\n<p style=\"text-align:left\">&nbsp;<\/p>\n<p style=\"text-align:left\">Il y a six ans, je petit-d\u00e9jeunais avec des cookies Pepperidge Farm au milieu d&rsquo;un bureau quelque part \u00e0 Pontiac.<\/p>\n<p style=\"text-align:right\">Il y a cinq ans, je petit-d\u00e9jeunais avec des cookies Hello de Lu au milieu d&rsquo;un bureau quelque part \u00e0 \u00c9vry.<\/p>\n<p style=\"text-align:left\">Il y a quatre ans, je petit-d\u00e9jeunais avec des Prince chocolat au milieu d&rsquo;un bureau quelque part \u00e0 Clamart parce qu&rsquo;on \u00e9tait lundi.<\/p>\n<p style=\"text-align:right\">Il y a trois ans, je petit-d\u00e9jeunais avec un Panier de Yoplait au milieu de toujours le m\u00eame patin de bureau. Je me s\u00e9dentarisais un peu trop, l\u00e0.<\/p>\n<p style=\"text-align:left\">Il y a deux ans, je petit-d&eacute;jeunais avec des tartines beurr&eacute;es au milieu d&rsquo;encore le m&ecirc;me !@#$ de bureau, au secours quelqu&rsquo;un, mais personne ne v&icirc;nt.<\/p>\n<p style=\"text-align:right\">Il y a un an, je petit-d&eacute;jeunais tard avec un sandwich au milieu d&rsquo;un bureau dont je n&rsquo;osai m&ecirc;me pas avouer l&#8217;emplacement.<\/p>\n<p style=\"text-align:left\"><em>Aujourd&rsquo;hui, je petit-d&eacute;jeune avec un caf&eacute; au milieu d&rsquo;un endroit qui n&rsquo;est pas un bureau, parce que c&rsquo;est samedi<\/em>.&nbsp;<\/p>\n<p style=\"text-align:right\">&nbsp;<\/p>\n<p style=\"text-align:left\">Il y a six ans, j&rsquo;allais voir Franz Ferdinand au Majestic Theater de D\u00e9troit.<\/p>\n<p style=\"text-align:right\">Il y a cinq ans, j&rsquo;allais voir Ghinzu \u00e0 l&rsquo;Olympia de Paris.<\/p>\n<p style=\"text-align:left\">Il y a quatre ans, j&rsquo;allais voir si j&rsquo;allais voir Guillemots \u00e0 la Boule Noire de Paris ce soir-l\u00e0 ou bien, pour ne finalement pas y aller.<\/p>\n<p style=\"text-align:right\">Il y a trois ans et un jour, les White Stripes au Z\u00e9nith de Paris. Les quatre jours suivants, Mademoiselle K \u00e0 l&rsquo;\u00c9lys\u00e9e-Montmartre de Paris puis au Trabendo de Paris. Y&rsquo;avait pas \u00e0 dire, on avait pas des vies faciles. Et je passais beaucoup trop de temps \u00e0 Paris.<\/p>\n<p style=\"text-align:left\">Il y a deux ans, j&rsquo;allais voir Supergrass &agrave; l&rsquo;&Eacute;lys&eacute;e-Montmartre de Paris, qui comme son nom l&rsquo;indiquait, &eacute;tait toujours &agrave; Paris, donc moi aussi.<\/p>\n<p style=\"text-align:right\">Il y a un an, j&rsquo;allais peut-&ecirc;tre voir Elmer Food Beat toujours dans le m&ecirc;me &Eacute;lys&eacute;e-Montmartre de Paris, parce qu&rsquo;un photographe de rock et de roll  a rat&eacute; sa vie si, &agrave; 50 ans, il n&rsquo;a jamais photographi&eacute; de chanteur bedonnant en zlip kangourou. Et j&rsquo;y allai. Ma vie fut sauv&eacute;e ce soir-l&agrave;.<\/p>\n<p style=\"text-align:left\"><em>Aujourd&rsquo;hui, apr&egrave;s &ecirc;tre all&eacute; hier soir au Stade de France de Saint-Denis, juste &agrave; c&ocirc;t&eacute; de Paris, avec plein de gens, voir Muse se produire, je revais ce resoir au reStade de France de reSaint-Denis, rejuste &agrave; c&ocirc;t&eacute; de reParis, avec replein de gens, pour revoir Muse se reproduire. Oh mon dieu. C&rsquo;est un pi&egrave;ge.<\/em><\/p>\n<p style=\"text-align:right\">&nbsp;<\/p>\n<p style=\"text-align:left\">Il y a six ans, je m&rsquo;\u00e9veillais le matin au doux son de Bonjour Le Monde&nbsp;!, sur CBEF Windsor, avec Charles L\u00e9vesque et Maryse Tourette, dans ma voiture lanc\u00e9e \u00e0 vive lenteur sur Orchard Lake Road.<\/p>\n<p style=\"text-align:right\">Il y a cinq ans, je m&rsquo;\u00e9veillai au doux son de Marylin Manson, dans mon RER D lanc\u00e9 \u00e0 vive lenteur sur RER D Trail.<\/p>\n<p style=\"text-align:left\">Il y a quatre ans, je m&rsquo;\u00e9veillais au doux son de Wayne Coyne introduisant son acoustique de <em>Thank You Jack White (For The Fiber-Optic Jesus  That You Gave Me)<\/em><sup>2<\/sup> par \u00ab\u00a0Always read the instructions before plugging in a gift from Jack White.\u00a0\u00bb<\/p>\n<p style=\"text-align:right\">Il y a trois ans, je m&rsquo;\u00e9veillais doucement au doux son de <em>Que de la radio<\/em> sur <a href=\"http:\/\/www.couleur3.ch\" target=\"_blank\">la 3<\/a>, en b\u00e9nissant une fois de plus le ciel pour avoir invent\u00e9 la Suisse. <\/p>\n<p style=\"text-align:left\">Il y a deux ans, je m&rsquo;&eacute;veillais doucement au doux son de la douce voix d&rsquo;&Eacute;milie Gasc-Milesi visitant le mus&eacute;e d&rsquo;ethnographie de G&rsquo;n&egrave;ve, avant d&rsquo;envoyer Beck chanter <em>Cellphone&rsquo;s Dead<\/em>, un titre pas entendu depuis pfioulala-&ccedil;a-nous-rajeunissait-pas, toujours dans <em>Que de la radio<\/em> et toujours sur la <a href=\"http:\/\/www.couleur3.ch\">3<\/a>, c&rsquo;&eacute;tait dingue.<\/p>\n<p style=\"text-align:right\">Il y a un an, je ne m&rsquo;&eacute;veillais plus car il &eacute;tait tard, mais au son de toujours-la-m&ecirc;me-<a href=\"http:\/\/www.couleur3.ch\">3<\/a> qui passait une version jazzy &agrave; la guitare de <em>Pump Up the Jam<\/em>, reprise par The Lost Fingers, qui sonnait super bizarre, subitement je me demandai si je m&rsquo;&eacute;tait vraiment &eacute;veill&eacute; ce matin.<\/p>\n<p style=\"text-align:left\"><em>Aujourd&rsquo;hui, je m&rsquo;&eacute;veille au doux son de rediff&rsquo; de la <a href=\"http:\/\/www.rsr.ch\/#\/couleur3\/programmes\/2-0-en-cabine\/?date=11-06-2010\">premi&egrave;re de 2-0 en cabine<\/a>, la principale attraction de la coupe du monde de foute qu&rsquo;<a href=\"http:\/\/www.facebook.com\/cabineC3\">on est tous fans<\/a> et que j&rsquo;ai pas pu &eacute;couter hier pour cause de Muse. Ignacio Chollet, &eacute;pouse-moi.<\/em><\/p>\n<p style=\"text-align:left\"><em>&nbsp;<\/em><\/p>\n<p style=\"text-align:left\">Il y a six ans, il faisait beau.<\/p>\n<p style=\"text-align:right\">Il y a cinq ans, il faisait beau aussi.<\/p>\n<p style=\"text-align:left\">Il y a quatre ans  il faisait beau et surtout chaud, j&rsquo;\u00e9tais d\u00e9j\u00e0 liqu\u00e9fi\u00e9 alors qu&rsquo;il n&rsquo;\u00e9tait que 10h et \u00e7a, \u00e7a su\u00e7ait grave.<\/p>\n<p style=\"text-align:right\">Il y a trois ans  il faisait gris, ce qui su&ccedil;ait un peu moins.<\/p>\n<p style=\"text-align:left\">Il y a deux ans il faisait gris aussi, ce qui me faisait r&eacute;aliser que mon histoire se r&eacute;p&eacute;tait un peu trop, ces temps-l&agrave;.<\/p>\n<p style=\"text-align:right\">Il y a un an, il faisait carr&eacute;ment moche. &Ccedil;a devenait une tradition.<\/p>\n<p style=\"text-align:left\"><em>Aujourd&rsquo;hui il fait moche aussi. Je crois qu&rsquo;on m&rsquo;en veut personnellement.<\/em><\/p>\n<p style=\"text-align:left\">&nbsp;<\/p>\n<p style=\"text-align:left\">Il y a six ans, nous \u00e9tions le 12 juin.<\/p>\n<p style=\"text-align:right\">Il y a cinq ans, nous \u00e9tions le 12 et un jour, ce qui signifiait que j&rsquo;\u00e9tais en retard.<\/p>\n<p style=\"text-align:left\">Il y a quatre ans, nous \u00e9tions le 12 juin, ce qui voulait dire que je sais retenir les le\u00e7ons du pass\u00e9.<\/p>\n<p style=\"text-align:right\">Il y a trois ans, nous &eacute;tions encore le 12 juin, et je n&rsquo;avais r\u00e9alis\u00e9 que 5 minutes auparavant que le 12 juin, c&rsquo;\u00e9tait il y a trois ans.<\/p>\n<p style=\"text-align:left\">Il y a deux ans nous &eacute;tions, c&rsquo;est fou &ccedil;a, le 12 juin.<\/p>\n<p style=\"text-align:right\">Il y a un an nous &eacute;tions, gr&acirc;ce &agrave; l&rsquo;implacable r&eacute;gularit&eacute; cyclique super-pr&eacute;visible du calendrier gr&eacute;gorien, deviniez quoi&nbsp;? Le 12 juin.<\/p>\n<p style=\"text-align:left\"><em>Aujourd&rsquo;hui, nous sommes justement aujourd&rsquo;hui qui tombe un 12 juin. Mais pas le m&ecirc;me que les autres.<\/em><\/p>\n<p style=\"text-align:right\">&nbsp;<\/p>\n<p style=\"text-align:right\">Voil&agrave;, 6 ans. On verra si on en fait 7.<\/p>\n<div id=\"bandeson\">\n<p><img decoding=\"async\" src=\"https:\/\/www.wallendorff.com\/belogue\/photo\/pochettes\/p\/primal_scream-beautiful_future.jpg\" style=\"text-align:left\" \/>&nbsp;<a href=\"http:\/\/www.primalscream.net\">Primal Scream<\/a> &ndash; <em>Urban Guerilla<\/em><\/p>\n<\/p><\/div>\n<p>_____<\/p>\n<div id=\"bas_note\">\n<p><sup>1<\/sup> Et deux ans plus tard, je me d&eacute;cide enfin &agrave; vous expliquer <a href=\"https:\/\/www.wallendorff.com\/belogue\/photo\/2010\/06\/20100612-01.jpg\">pourquoi<\/a>.<\/p>\n<p><sup>2<\/sup> Que je conseille au passage toujours toujours toujours autant pour les commentaires qu&rsquo;il fait tout au long du morceau. Il est chez le bel\u00f6gue mort de <a href=\"http:\/\/vox.skynetblogs.be\" target=\"_blank\">Vox<\/a>.<\/p>\n<\/div>\n","protected":false},"excerpt":{"rendered":"<p>Rue Michel-le-Comte, Paris, 8 mai. Non mais l&agrave; c&rsquo;est plut&ocirc;t une mobylette qu&rsquo;un escalier, donc &ccedil;a compte pas. Hum. Ah et puis&nbsp;: Il y a six ans, les Pistons de D\u00e9troit \u00e9taient en finale NBA. Il y a cinq ans, les Pistons de D\u00e9troit \u00e9taient encore en finale NBA. Il y a quatre ans, les&hellip;<\/p>\n","protected":false},"author":1,"featured_media":25790,"comment_status":"open","ping_status":"open","sticky":false,"template":"","format":"standard","meta":{"_acf_changed":false,"ngg_post_thumbnail":0,"jetpack_post_was_ever_published":false,"_jetpack_newsletter_access":"","_jetpack_dont_email_post_to_subs":false,"_jetpack_newsletter_tier_id":0,"_jetpack_memberships_contains_paywalled_content":false,"_jetpack_memberships_contains_paid_content":false,"footnotes":"","jetpack_publicize_message":"","jetpack_publicize_feature_enabled":true,"jetpack_social_post_already_shared":false,"jetpack_social_options":{"image_generator_settings":{"template":"highway","default_image_id":0,"font":"","enabled":false},"version":2}},"categories":[3],"tags":[11278,10336,10131,2571,2615,10210,10120,10121,3876,10747,10098,1589,10638,3872,3877,1150],"class_list":["post-7677","post","type-post","status-publish","format-standard","has-post-thumbnail","hentry","category-dpc","tag-11278","tag-10336","tag-anniversaire","tag-ef-16-35-mm-f28l-ii-usm","tag-eos-5d-mark-ii","tag-escalier","tag-france","tag-ile-de-france","tag-mobylette","tag-moto","tag-paris","tag-primal-scream","tag-rampe","tag-rue-michel-le-comte","tag-urban-guerilla","tag-vieux"],"acf":[],"geo":{"latitude":48.8622856,"longitude":2.3551321,"description":"1-33 Rue Michel Le Comte, 75003 Paris, France"},"jetpack_publicize_connections":[],"jetpack_featured_media_url":"https:\/\/www.wallendorff.com\/belogue\/wp-content\/uploads\/2015\/04\/201006121.jpg","jetpack_shortlink":"https:\/\/wp.me\/s3b35P-six","jetpack_sharing_enabled":true,"jetpack-related-posts":[{"id":172,"url":"https:\/\/www.wallendorff.com\/belogue\/2006\/06\/12\/l-emu-rond-des-zoos-raye\/","url_meta":{"origin":7677,"position":0},"title":"L&rsquo;&eacute;mu rond des zoos raye&sup1;.","author":"dpc","date":"12 juin 2006","format":false,"excerpt":"Rue des Panoyaux, Paris, 28 mai. Il y a deux ans, les Pistons de D\u00e9troit \u00e9taient en finale NBA. Il y a un an, les Pistons de D\u00e9troit \u00e9taient encore en finale NBA. Aujourd'hui, les Pistons de D\u00e9troit sont en vacances apr\u00e8s s'\u00eatre fait vider comme des nazes en 6\u2026","rel":"","context":"Dans &quot;DPC&quot;","block_context":{"text":"DPC","link":"https:\/\/www.wallendorff.com\/belogue\/category\/dpc\/"},"img":{"alt_text":"","src":"https:\/\/i0.wp.com\/www.wallendorff.com\/belogue\/wp-content\/uploads\/2015\/04\/200606121.jpg?resize=350%2C200&ssl=1","width":350,"height":200},"classes":[]},{"id":1248,"url":"https:\/\/www.wallendorff.com\/belogue\/2008\/06\/12\/le-pied-o-la-vieille-m-oint-cher\/","url_meta":{"origin":7677,"position":1},"title":"Le pied o\u00f9 la vieille m&rsquo;oint cher\u00b9.","author":"dpc","date":"12 juin 2008","format":false,"excerpt":"Rue Saint-Rustique, Paris, 12 avril. TV on the Radio \u2013 Blind Il y a quatre ans, les Pistons de D\u00e9troit \u00e9taient en finale NBA. Il y a trois ans, les Pistons de D\u00e9troit \u00e9taient encore en finale NBA. Il y a deux ans, les Pistons de D\u00e9troit \u00e9taient en vacances\u2026","rel":"","context":"Dans &quot;DPC&quot;","block_context":{"text":"DPC","link":"https:\/\/www.wallendorff.com\/belogue\/category\/dpc\/"},"img":{"alt_text":"","src":"https:\/\/i0.wp.com\/www.wallendorff.com\/belogue\/wp-content\/uploads\/2015\/04\/200806121.jpg?resize=350%2C200&ssl=1","width":350,"height":200},"classes":[]},{"id":21133,"url":"https:\/\/www.wallendorff.com\/belogue\/2007\/06\/12\/trois\/","url_meta":{"origin":7677,"position":2},"title":"Trois.","author":"dpc","date":"12 juin 2007","format":false,"excerpt":"Il y a trois ans, les Pistons de D\u00e9troit \u00e9taient en finale NBA. Il y a deux ans, les Pistons de D\u00e9troit \u00e9taient encore en finale NBA. Il y a un an, les Pistons de D\u00e9troit \u00e9taient en vacances apr\u00e8s s'\u00eatre fait vider comme des nazes en 6 manches de\u2026","rel":"","context":"Dans &quot;DPC&quot;","block_context":{"text":"DPC","link":"https:\/\/www.wallendorff.com\/belogue\/category\/dpc\/"},"img":{"alt_text":"","src":"","width":0,"height":0},"classes":[]},{"id":4287,"url":"https:\/\/www.wallendorff.com\/belogue\/2009\/06\/12\/me-nuisant-plus-bele-que-vaux-je-hourds\/","url_meta":{"origin":7677,"position":3},"title":"Me nuisant plus, b\u00eale que vaux-je hourds.","author":"dpc","date":"12 juin 2009","format":false,"excerpt":"Pla\u00e8te Mars, Paris, 11 juin. \u00a0 Oasis \u2013 Cigarettes & Alcohol Il y a cinq ans, les Pistons de D\u00e9troit \u00e9taient en finale NBA. Il y a quatre ans, les Pistons de D\u00e9troit \u00e9taient encore en finale NBA. Il y a trois ans, les Pistons de D\u00e9troit \u00e9taient en vacances\u2026","rel":"","context":"Dans &quot;Portraits&quot;","block_context":{"text":"Portraits","link":"https:\/\/www.wallendorff.com\/belogue\/category\/portraits\/"},"img":{"alt_text":"","src":"https:\/\/i0.wp.com\/www.wallendorff.com\/belogue\/wp-content\/uploads\/2015\/04\/20090612-121.jpg?resize=350%2C200&ssl=1","width":350,"height":200,"srcset":"https:\/\/i0.wp.com\/www.wallendorff.com\/belogue\/wp-content\/uploads\/2015\/04\/20090612-121.jpg?resize=350%2C200&ssl=1 1x, https:\/\/i0.wp.com\/www.wallendorff.com\/belogue\/wp-content\/uploads\/2015\/04\/20090612-121.jpg?resize=525%2C300&ssl=1 1.5x, https:\/\/i0.wp.com\/www.wallendorff.com\/belogue\/wp-content\/uploads\/2015\/04\/20090612-121.jpg?resize=700%2C400&ssl=1 2x"},"classes":[]},{"id":12868,"url":"https:\/\/www.wallendorff.com\/belogue\/2011\/06\/12\/direction-linfini\/","url_meta":{"origin":7677,"position":4},"title":"Direction l&rsquo;infini.","author":"dpc","date":"12 juin 2011","format":false,"excerpt":"Rue Bonaparte, Paris, 11 juin. Il y a sept ans, les Pistons de D\u00e9troit \u00e9taient en finale NBA. Il y a six ans, les Pistons de D\u00e9troit \u00e9taient encore en finale NBA. Il y a cinq ans, les Pistons de D\u00e9troit \u00e9taient en vacances apr\u00e8s s'\u00eatre fait vider comme des\u2026","rel":"","context":"Dans &quot;DPC&quot;","block_context":{"text":"DPC","link":"https:\/\/www.wallendorff.com\/belogue\/category\/dpc\/"},"img":{"alt_text":"","src":"https:\/\/i0.wp.com\/www.wallendorff.com\/belogue\/wp-content\/uploads\/2015\/04\/201106121.jpg?resize=350%2C200&ssl=1","width":350,"height":200},"classes":[]},{"id":124649,"url":"https:\/\/www.wallendorff.com\/belogue\/2023\/06\/12\/servus-wien-6\/","url_meta":{"origin":7677,"position":5},"title":"Servus Wien.","author":"dpc","date":"12 juin 2023","format":false,"excerpt":"[La galerie compl\u00e8te vient apr\u00e8s ce looooong texte traditionnel dont l'origine se perd dans les pr\u00e9mices de ce mill\u00e9naires.] Vienne, 14 \u2013 15 avril 2023. Can't Even Tell Soul Asylum Il y a dix-neuf ans, les Pistons de D\u00e9troit \u00e9taient en finale NBA. Il y a dix-huit ans, les Pistons\u2026","rel":"","context":"Dans &quot;DPC&quot;","block_context":{"text":"DPC","link":"https:\/\/www.wallendorff.com\/belogue\/category\/dpc\/"},"img":{"alt_text":"","src":"https:\/\/i0.wp.com\/www.wallendorff.com\/belogue\/wp-content\/uploads\/2023\/06\/20230612-09.jpg?resize=350%2C200&ssl=1","width":350,"height":200,"srcset":"https:\/\/i0.wp.com\/www.wallendorff.com\/belogue\/wp-content\/uploads\/2023\/06\/20230612-09.jpg?resize=350%2C200&ssl=1 1x, https:\/\/i0.wp.com\/www.wallendorff.com\/belogue\/wp-content\/uploads\/2023\/06\/20230612-09.jpg?resize=525%2C300&ssl=1 1.5x, https:\/\/i0.wp.com\/www.wallendorff.com\/belogue\/wp-content\/uploads\/2023\/06\/20230612-09.jpg?resize=700%2C400&ssl=1 2x, https:\/\/i0.wp.com\/www.wallendorff.com\/belogue\/wp-content\/uploads\/2023\/06\/20230612-09.jpg?resize=1050%2C600&ssl=1 3x"},"classes":[]}],"_links":{"self":[{"href":"https:\/\/www.wallendorff.com\/belogue\/wp-json\/wp\/v2\/posts\/7677","targetHints":{"allow":["GET"]}}],"collection":[{"href":"https:\/\/www.wallendorff.com\/belogue\/wp-json\/wp\/v2\/posts"}],"about":[{"href":"https:\/\/www.wallendorff.com\/belogue\/wp-json\/wp\/v2\/types\/post"}],"author":[{"embeddable":true,"href":"https:\/\/www.wallendorff.com\/belogue\/wp-json\/wp\/v2\/users\/1"}],"replies":[{"embeddable":true,"href":"https:\/\/www.wallendorff.com\/belogue\/wp-json\/wp\/v2\/comments?post=7677"}],"version-history":[{"count":5,"href":"https:\/\/www.wallendorff.com\/belogue\/wp-json\/wp\/v2\/posts\/7677\/revisions"}],"predecessor-version":[{"id":38259,"href":"https:\/\/www.wallendorff.com\/belogue\/wp-json\/wp\/v2\/posts\/7677\/revisions\/38259"}],"wp:featuredmedia":[{"embeddable":true,"href":"https:\/\/www.wallendorff.com\/belogue\/wp-json\/wp\/v2\/media\/25790"}],"wp:attachment":[{"href":"https:\/\/www.wallendorff.com\/belogue\/wp-json\/wp\/v2\/media?parent=7677"}],"wp:term":[{"taxonomy":"category","embeddable":true,"href":"https:\/\/www.wallendorff.com\/belogue\/wp-json\/wp\/v2\/categories?post=7677"},{"taxonomy":"post_tag","embeddable":true,"href":"https:\/\/www.wallendorff.com\/belogue\/wp-json\/wp\/v2\/tags?post=7677"}],"curies":[{"name":"wp","href":"https:\/\/api.w.org\/{rel}","templated":true}]}}