{"id":7672,"date":"2010-06-11T10:45:12","date_gmt":"2010-06-11T08:45:12","guid":{"rendered":"http:\/\/www.po-l.com\/belogue\/?p=7672"},"modified":"2012-10-04T00:25:37","modified_gmt":"2012-10-03T22:25:37","slug":"seize-chiants-choix-sentent-quatres","status":"publish","type":"post","link":"https:\/\/www.wallendorff.com\/belogue\/2010\/06\/11\/seize-chiants-choix-sentent-quatres\/","title":{"rendered":"Seize chiants choix sentent qu&rsquo;\u00e2tres."},"content":{"rendered":"\n<div id=\"photo\">\n<p><img decoding=\"async\" src=\"https:\/\/www.wallendorff.com\/belogue\/photo\/2010\/06\/20100611.jpg\" \/><br \/>\nRue Michel-le-Comte, Paris, 8 mai.<\/p>\n<\/p><\/div>\n<p style=\"text-align:right\">[On avait <a href=\"https:\/\/www.wallendorff.com\/belogue\/2010\/03\/15\/helice-in-wonderland\/\">dit<\/a> et <a href=\"https:\/\/www.wallendorff.com\/belogue\/2010\/03\/23\/will-i-follow-you-down-the-line\/\">redit<\/a> qu&rsquo;il fallait que j&rsquo;arr&ecirc;te avec les escaliers vides.]<br \/>\n  [On avait dit et redit qu&rsquo;il fallait que j&rsquo;arr&ecirc;te avec les escaliers vides.]<br \/>\n  [On avait dit et redit qu&rsquo;il fallait que j&rsquo;arr&ecirc;te avec les escaliers vides.]<\/p>\n<p>Et j&rsquo;avais d&eacute;j&agrave; fait un titre dans le genre <a href=\"https:\/\/www.wallendorff.com\/belogue\/2005\/08\/16\/chaises-chant-choix-chante-quatre\/\">l&agrave;<\/a>.<\/p>\n<p align=\"right\">Et  je trouve cruel de devoir choisir ce matin entre <em>60-ft Tall<\/em> et <em>Twist<\/em>, alors je mets les deux.<\/p>\n<p>Tout fout le camp, vous dis-je.<\/p>\n<div id=\"bandeson\">\n<p><img decoding=\"async\" src=\"https:\/\/www.wallendorff.com\/belogue\/photo\/pochettes\/d\/dead_weather_the-horehound.jpg\" align=\"left\" \/>&nbsp;<a href=\"http:\/\/www.thedeadweather.com\">The Dead Weather<\/a> &ndash; <em>60-ft Tall<\/em>        <\/p>\n<\/p><\/div>\n<div id=\"bandeson\">\n<p><img decoding=\"async\" src=\"https:\/\/www.wallendorff.com\/belogue\/photo\/pochettes\/i\/i_am_kloot-bbc_radio_1_peel_sessions.jpg\" align=\"left\" \/>&nbsp;<a href=\"http:\/\/www.iamkloot.com\">I Am Kloot<\/a> &ndash; <em>Twist<\/em>        <\/p>\n<\/p><\/div>\n","protected":false},"excerpt":{"rendered":"<p>Rue Michel-le-Comte, Paris, 8 mai. [On avait dit et redit qu&rsquo;il fallait que j&rsquo;arr&ecirc;te avec les escaliers vides.] [On avait dit et redit qu&rsquo;il fallait que j&rsquo;arr&ecirc;te avec les escaliers vides.] [On avait dit et redit qu&rsquo;il fallait que j&rsquo;arr&ecirc;te avec les escaliers vides.] Et j&rsquo;avais d&eacute;j&agrave; fait un titre dans le genre l&agrave;. Et&hellip;<\/p>\n","protected":false},"author":1,"featured_media":25789,"comment_status":"open","ping_status":"open","sticky":false,"template":"","format":"standard","meta":{"_acf_changed":false,"ngg_post_thumbnail":0,"jetpack_post_was_ever_published":false,"_jetpack_newsletter_access":"","_jetpack_dont_email_post_to_subs":false,"_jetpack_newsletter_tier_id":0,"_jetpack_memberships_contains_paywalled_content":false,"_jetpack_memberships_contains_paid_content":false,"footnotes":"","jetpack_publicize_message":"","jetpack_publicize_feature_enabled":true,"jetpack_social_post_already_shared":false,"jetpack_social_options":{"image_generator_settings":{"template":"highway","default_image_id":0,"font":"","enabled":false},"version":2}},"categories":[3],"tags":[3873,10336,2571,2615,10500,10210,10120,4547,10221,10121,10098,4548,10638,3872,10202,10674,10522,3874,1150],"class_list":["post-7672","post","type-post","status-publish","format-standard","has-post-thumbnail","hentry","category-dpc","tag-60-ft-tall","tag-10336","tag-ef-16-35-mm-f28l-ii-usm","tag-eos-5d-mark-ii","tag-contre-plongee","tag-escalier","tag-france","tag-horehound","tag-i-am-kloot","tag-ile-de-france","tag-paris","tag-radio-1-peel-sessions","tag-rampe","tag-rue-michel-le-comte","tag-ruines","tag-spirale","tag-the-dead-weather","tag-twist","tag-vieux"],"acf":[],"geo":{"latitude":48.8623161,"longitude":2.355248,"description":"1-33 Rue Michel Le Comte, 75003 Paris, France"},"jetpack_publicize_connections":[],"jetpack_featured_media_url":"https:\/\/www.wallendorff.com\/belogue\/wp-content\/uploads\/2015\/04\/201006111.jpg","jetpack_shortlink":"https:\/\/wp.me\/p3b35P-1ZK","jetpack_sharing_enabled":true,"jetpack-related-posts":[{"id":9832,"url":"https:\/\/www.wallendorff.com\/belogue\/2010\/11\/23\/de-pire-en-spires\/","url_meta":{"origin":7672,"position":0},"title":"De pire [en spires].","author":"dpc","date":"23 novembre 2010","format":false,"excerpt":"H\u00f4tel de Beauvais, Paris, 18 septembre. [On avait dit et redit et reredit qu'il fallait que j'arr\u00eate avec les escaliers vides.] [On avait dit et redit et reredit qu'il fallait que j'arr\u00eate avec les escaliers vides.] [On avait dit et redit et reredit qu'il fallait que j'arr\u00eate avec les escaliers\u2026","rel":"","context":"Dans &quot;DPC&quot;","block_context":{"text":"DPC","link":"https:\/\/www.wallendorff.com\/belogue\/category\/dpc\/"},"img":{"alt_text":"","src":"https:\/\/i0.wp.com\/www.wallendorff.com\/belogue\/wp-content\/uploads\/2015\/04\/201011231.jpg?resize=350%2C200&ssl=1","width":350,"height":200,"srcset":"https:\/\/i0.wp.com\/www.wallendorff.com\/belogue\/wp-content\/uploads\/2015\/04\/201011231.jpg?resize=350%2C200&ssl=1 1x, https:\/\/i0.wp.com\/www.wallendorff.com\/belogue\/wp-content\/uploads\/2015\/04\/201011231.jpg?resize=525%2C300&ssl=1 1.5x"},"classes":[]},{"id":7277,"url":"https:\/\/www.wallendorff.com\/belogue\/2010\/03\/23\/will-i-follow-you-down-the-line\/","url_meta":{"origin":7672,"position":1},"title":"Will I follow you down the line.","author":"dpc","date":"23 mars 2010","format":false,"excerpt":"Rue du Faubourg Saint-Antoine, Paris, 27 f\u00e9vrier. [On avait dit qu'il fallait que j'arr\u00eate avec les escaliers vides] [On avait dit qu'il fallait que j'arr\u00eate avec les escaliers vides] [On avait dit qu'il fallait que j'arr\u00eate avec les escaliers vides] \u00a0 [Ah et pas de la\u00efve-truittage de la Neue Star\u2026","rel":"","context":"Dans &quot;DPC&quot;","block_context":{"text":"DPC","link":"https:\/\/www.wallendorff.com\/belogue\/category\/dpc\/"},"img":{"alt_text":"","src":"https:\/\/i0.wp.com\/www.wallendorff.com\/belogue\/wp-content\/uploads\/2015\/04\/201003231.jpg?resize=350%2C200&ssl=1","width":350,"height":200,"srcset":"https:\/\/i0.wp.com\/www.wallendorff.com\/belogue\/wp-content\/uploads\/2015\/04\/201003231.jpg?resize=350%2C200&ssl=1 1x, https:\/\/i0.wp.com\/www.wallendorff.com\/belogue\/wp-content\/uploads\/2015\/04\/201003231.jpg?resize=525%2C300&ssl=1 1.5x"},"classes":[]},{"id":19806,"url":"https:\/\/www.wallendorff.com\/belogue\/2012\/12\/20\/tu-hisses-trois-cintres-au-pied\/","url_meta":{"origin":7672,"position":2},"title":"Tu hisses trois cintres au pied.","author":"dpc","date":"20 d\u00e9cembre 2012","format":false,"excerpt":"Biblioth\u00e8que Nationale de France, Paris, 16 septembre. [On avait dit et redit et reredit et rereredit et rerereredit et rererereredit qu'il fallait que j'arr\u00eate avec les escaliers vides.] \u00a0METZ \u2013 Wet Blanket","rel":"","context":"Dans &quot;DPC&quot;","block_context":{"text":"DPC","link":"https:\/\/www.wallendorff.com\/belogue\/category\/dpc\/"},"img":{"alt_text":"","src":"https:\/\/i0.wp.com\/www.wallendorff.com\/belogue\/wp-content\/uploads\/2015\/04\/201212201.jpg?resize=350%2C200&ssl=1","width":350,"height":200,"srcset":"https:\/\/i0.wp.com\/www.wallendorff.com\/belogue\/wp-content\/uploads\/2015\/04\/201212201.jpg?resize=350%2C200&ssl=1 1x, https:\/\/i0.wp.com\/www.wallendorff.com\/belogue\/wp-content\/uploads\/2015\/04\/201212201.jpg?resize=525%2C300&ssl=1 1.5x"},"classes":[]},{"id":14535,"url":"https:\/\/www.wallendorff.com\/belogue\/2011\/11\/22\/dhaut-rez-mis-facile-a-sol\/","url_meta":{"origin":7672,"position":3},"title":"D&rsquo;haut rez mis facile \u00e0 sol.","author":"dpc","date":"22 novembre 2011","format":false,"excerpt":"Rue Championnet, Paris, 10 septembre. [Je me souviens pourtant tr\u00e8s bien avoir dit et redit et reredit et rereredit et rerereredit qu'il fallait que j'arr\u00eate avec les escaliers vides.] The Subways \u2013 We Don't Need Money to Have a Good Time [youtube]http:\/\/www.youtube.com\/watch?v=hYru9VCXSl0[\/youtube]","rel":"","context":"Dans &quot;DPC&quot;","block_context":{"text":"DPC","link":"https:\/\/www.wallendorff.com\/belogue\/category\/dpc\/"},"img":{"alt_text":"","src":"https:\/\/i0.wp.com\/www.wallendorff.com\/belogue\/wp-content\/uploads\/2015\/04\/201111221.jpg?resize=350%2C200&ssl=1","width":350,"height":200,"srcset":"https:\/\/i0.wp.com\/www.wallendorff.com\/belogue\/wp-content\/uploads\/2015\/04\/201111221.jpg?resize=350%2C200&ssl=1 1x, https:\/\/i0.wp.com\/www.wallendorff.com\/belogue\/wp-content\/uploads\/2015\/04\/201111221.jpg?resize=525%2C300&ssl=1 1.5x"},"classes":[]},{"id":23360,"url":"https:\/\/www.wallendorff.com\/belogue\/2014\/09\/17\/nez-sous-x\/","url_meta":{"origin":7672,"position":4},"title":"Nez sous X.","author":"dpc","date":"17 septembre 2014","format":false,"excerpt":"Palais Ferstel, Vienne, 21 juin. [On avait dit et redit et reredit et rereredit et rerereredit et rererereredit et rerererereredit qu'il fallait que j'arr\u00eate avec les escaliers vides.] Breaker 1 Interpol","rel":"","context":"Dans &quot;DPC&quot;","block_context":{"text":"DPC","link":"https:\/\/www.wallendorff.com\/belogue\/category\/dpc\/"},"img":{"alt_text":"","src":"https:\/\/i0.wp.com\/www.wallendorff.com\/belogue\/wp-content\/uploads\/2015\/04\/201409171.jpg?resize=350%2C200&ssl=1","width":350,"height":200,"srcset":"https:\/\/i0.wp.com\/www.wallendorff.com\/belogue\/wp-content\/uploads\/2015\/04\/201409171.jpg?resize=350%2C200&ssl=1 1x, https:\/\/i0.wp.com\/www.wallendorff.com\/belogue\/wp-content\/uploads\/2015\/04\/201409171.jpg?resize=525%2C300&ssl=1 1.5x, https:\/\/i0.wp.com\/www.wallendorff.com\/belogue\/wp-content\/uploads\/2015\/04\/201409171.jpg?resize=700%2C400&ssl=1 2x"},"classes":[]},{"id":23903,"url":"https:\/\/www.wallendorff.com\/belogue\/2015\/03\/23\/la-spirale-est-la-fournie\/","url_meta":{"origin":7672,"position":5},"title":"La spirale (est l\u00e0, fournie).","author":"dpc","date":"23 mars 2015","format":false,"excerpt":"Cour des Longs-Pr\u00e9s, Boulogne-Billancourt, 25 janvier. [On avait dit et redit et reredit et rereredit et rerereredit et rererereredit et rerererereredit et rererererereredit qu'il fallait que j'arr\u00eate avec les escaliers vides.] Freaky Teeth Noel Gallagher's High Flying Birds","rel":"","context":"Dans &quot;DPC&quot;","block_context":{"text":"DPC","link":"https:\/\/www.wallendorff.com\/belogue\/category\/dpc\/"},"img":{"alt_text":"","src":"https:\/\/i0.wp.com\/www.wallendorff.com\/belogue\/wp-content\/uploads\/2015\/04\/201503231.jpg?resize=350%2C200&ssl=1","width":350,"height":200,"srcset":"https:\/\/i0.wp.com\/www.wallendorff.com\/belogue\/wp-content\/uploads\/2015\/04\/201503231.jpg?resize=350%2C200&ssl=1 1x, https:\/\/i0.wp.com\/www.wallendorff.com\/belogue\/wp-content\/uploads\/2015\/04\/201503231.jpg?resize=525%2C300&ssl=1 1.5x"},"classes":[]}],"_links":{"self":[{"href":"https:\/\/www.wallendorff.com\/belogue\/wp-json\/wp\/v2\/posts\/7672","targetHints":{"allow":["GET"]}}],"collection":[{"href":"https:\/\/www.wallendorff.com\/belogue\/wp-json\/wp\/v2\/posts"}],"about":[{"href":"https:\/\/www.wallendorff.com\/belogue\/wp-json\/wp\/v2\/types\/post"}],"author":[{"embeddable":true,"href":"https:\/\/www.wallendorff.com\/belogue\/wp-json\/wp\/v2\/users\/1"}],"replies":[{"embeddable":true,"href":"https:\/\/www.wallendorff.com\/belogue\/wp-json\/wp\/v2\/comments?post=7672"}],"version-history":[{"count":3,"href":"https:\/\/www.wallendorff.com\/belogue\/wp-json\/wp\/v2\/posts\/7672\/revisions"}],"predecessor-version":[{"id":19181,"href":"https:\/\/www.wallendorff.com\/belogue\/wp-json\/wp\/v2\/posts\/7672\/revisions\/19181"}],"wp:featuredmedia":[{"embeddable":true,"href":"https:\/\/www.wallendorff.com\/belogue\/wp-json\/wp\/v2\/media\/25789"}],"wp:attachment":[{"href":"https:\/\/www.wallendorff.com\/belogue\/wp-json\/wp\/v2\/media?parent=7672"}],"wp:term":[{"taxonomy":"category","embeddable":true,"href":"https:\/\/www.wallendorff.com\/belogue\/wp-json\/wp\/v2\/categories?post=7672"},{"taxonomy":"post_tag","embeddable":true,"href":"https:\/\/www.wallendorff.com\/belogue\/wp-json\/wp\/v2\/tags?post=7672"}],"curies":[{"name":"wp","href":"https:\/\/api.w.org\/{rel}","templated":true}]}}