{"id":7651,"date":"2010-06-08T10:31:12","date_gmt":"2010-06-08T08:31:12","guid":{"rendered":"http:\/\/www.po-l.com\/belogue\/?p=7651"},"modified":"2012-04-23T11:39:23","modified_gmt":"2012-04-23T09:39:23","slug":"elle-aussi-lancait-dehors","status":"publish","type":"post","link":"https:\/\/www.wallendorff.com\/belogue\/2010\/06\/08\/elle-aussi-lancait-dehors\/","title":{"rendered":"Elle aussi lan\u00e7ait dehors."},"content":{"rendered":"\n<div id=\"photo\">\n<p><img decoding=\"async\" src=\"https:\/\/www.wallendorff.com\/belogue\/photo\/2010\/06\/20100608.jpg\" \/><br \/>\nShakespeare &amp; Co., Paris, 25 avril.<\/p>\n<\/p><\/div>\n<p style=\"text-align:right\">[En fait je voudrais habiter chez eux].<\/p>\n<div id=\"bandeson\">\n<p><img decoding=\"async\" src=\"https:\/\/www.wallendorff.com\/belogue\/photo\/pochettes\/b\/black_keys-chulahoma.jpg\" align=\"left\" \/>&nbsp;<a href=\"http:\/\/www.theblackkeys.com\/\">The Black Keys<\/a> &ndash; <em>My Mind Is Ramblin&rsquo;<\/em> (Junior Kimbrough cover)<\/p>\n<\/p><\/div>\n","protected":false},"excerpt":{"rendered":"<p>Shakespeare &amp; Co., Paris, 25 avril. [En fait je voudrais habiter chez eux]. &nbsp;The Black Keys &ndash; My Mind Is Ramblin&rsquo; (Junior Kimbrough cover)<\/p>\n","protected":false},"author":1,"featured_media":25785,"comment_status":"open","ping_status":"open","sticky":false,"template":"","format":"standard","meta":{"_acf_changed":false,"ngg_post_thumbnail":0,"jetpack_post_was_ever_published":false,"_jetpack_newsletter_access":"","_jetpack_dont_email_post_to_subs":false,"_jetpack_newsletter_tier_id":0,"_jetpack_memberships_contains_paywalled_content":false,"_jetpack_memberships_contains_paid_content":false,"footnotes":"","jetpack_publicize_message":"","jetpack_publicize_feature_enabled":true,"jetpack_social_post_already_shared":false,"jetpack_social_options":{"image_generator_settings":{"template":"highway","default_image_id":0,"font":"","enabled":false},"version":2}},"categories":[3],"tags":[10239,10597,2571,2615,10746,10307,10120,10121,3868,10706,10323,3867,10098,10721,10396],"class_list":["post-7651","post","type-post","status-publish","format-standard","has-post-thumbnail","hentry","category-dpc","tag-10239","tag-bibliotheque","tag-ef-16-35-mm-f28l-ii-usm","tag-eos-5d-mark-ii","tag-femme","tag-fenetre","tag-france","tag-ile-de-france","tag-junior-kimbrough","tag-librairie","tag-livres","tag-my-mind-is-ramblin","tag-paris","tag-shakespeare-and-company","tag-the-black-keys"],"acf":[],"geo":{"latitude":48.8526115,"longitude":2.3469274,"description":"35-45 Rue de la B\u00fbcherie, 75005 Paris, France"},"jetpack_publicize_connections":[],"jetpack_featured_media_url":"https:\/\/www.wallendorff.com\/belogue\/wp-content\/uploads\/2015\/04\/201006081.jpg","jetpack_shortlink":"https:\/\/wp.me\/p3b35P-1Zp","jetpack_sharing_enabled":true,"jetpack-related-posts":[{"id":982,"url":"https:\/\/www.wallendorff.com\/belogue\/2007\/06\/26\/c-ton-corps-lecha\/","url_meta":{"origin":7651,"position":0},"title":"C&rsquo;ton corps l\u00e8cha.","author":"dpc","date":"26 juin 2007","format":false,"excerpt":"Boulevard Voltaire, Paris, 27 mai. Ce chat qui p\u00eache et son blues d\u00e9tendu vous sont offerts par le Comit\u00e9 National de Lutte contre le Stress Fatigant qui Emp\u00eache de Dormir. \u00a0The Black Keys \u2013 Have Mercy on Me (Junior Kimbrough cover)","rel":"","context":"Dans &quot;DPC&quot;","block_context":{"text":"DPC","link":"https:\/\/www.wallendorff.com\/belogue\/category\/dpc\/"},"img":{"alt_text":"","src":"https:\/\/i0.wp.com\/www.wallendorff.com\/belogue\/wp-content\/uploads\/2015\/04\/200706261.jpg?resize=350%2C200&ssl=1","width":350,"height":200},"classes":[]},{"id":46,"url":"https:\/\/www.wallendorff.com\/belogue\/2006\/07\/15\/d-etre-un\/","url_meta":{"origin":7651,"position":1},"title":"D&rsquo;&ecirc;tre un.","author":"dpc","date":"15 juillet 2006","format":false,"excerpt":"Gare SNCF, Charleville-M\u00e9zi\u00e8res, 14 juillet. On t'a laiss\u00e9 sur un quai de la gare de l'Est et tu t'es \u00e9croul\u00e9 dans un Corail vide sans voir passer \u00c9pernay, ni Reims, \u00e0 peine Rethel. Tu t'es r\u00e9veill\u00e9 en \u00e9coutant des mecs qui aiment la bi\u00e8re et BonJovi et qui pensent manifestement\u2026","rel":"","context":"Dans &quot;DPC&quot;","block_context":{"text":"DPC","link":"https:\/\/www.wallendorff.com\/belogue\/category\/dpc\/"},"img":{"alt_text":"","src":"https:\/\/i0.wp.com\/www.wallendorff.com\/belogue\/wp-content\/uploads\/2015\/04\/200607151.jpg?resize=350%2C200&ssl=1","width":350,"height":200,"srcset":"https:\/\/i0.wp.com\/www.wallendorff.com\/belogue\/wp-content\/uploads\/2015\/04\/200607151.jpg?resize=350%2C200&ssl=1 1x, https:\/\/i0.wp.com\/www.wallendorff.com\/belogue\/wp-content\/uploads\/2015\/04\/200607151.jpg?resize=525%2C300&ssl=1 1.5x"},"classes":[]},{"id":12833,"url":"https:\/\/www.wallendorff.com\/belogue\/2011\/06\/02\/pete-yorn-greenshape-la-boule-noire-paris\/","url_meta":{"origin":7651,"position":2},"title":"Pete Yorn + Greenshape @ la Boule Noire, Paris.","author":"dpc","date":"2 juin 2011","format":false,"excerpt":"Black | June | Panic (The Smiths) | Precious Stone | Life on a Chain | Sans Fear | For Nancy | Just Another | For Us | Relator | I Feel Good Again (Junior Kimbrough) | On Your Side | Velcro Shoes | Surfer Girl (The Beach Boys) \/\u2026","rel":"","context":"Dans &quot;Alive&quot;","block_context":{"text":"Alive","link":"https:\/\/www.wallendorff.com\/belogue\/category\/alive\/"},"img":{"alt_text":"","src":"https:\/\/i0.wp.com\/www.wallendorff.com\/belogue\/wp-content\/uploads\/2015\/04\/201106021.jpg?resize=350%2C200&ssl=1","width":350,"height":200,"srcset":"https:\/\/i0.wp.com\/www.wallendorff.com\/belogue\/wp-content\/uploads\/2015\/04\/201106021.jpg?resize=350%2C200&ssl=1 1x, https:\/\/i0.wp.com\/www.wallendorff.com\/belogue\/wp-content\/uploads\/2015\/04\/201106021.jpg?resize=525%2C300&ssl=1 1.5x, https:\/\/i0.wp.com\/www.wallendorff.com\/belogue\/wp-content\/uploads\/2015\/04\/201106021.jpg?resize=700%2C400&ssl=1 2x"},"classes":[]},{"id":3649,"url":"https:\/\/www.wallendorff.com\/belogue\/2008\/12\/04\/isobel-campbell-mark-lanegan-le-trabendo-paris\/","url_meta":{"origin":7651,"position":3},"title":"Isobel Campbell &#038; Mark Lanegan @ le Trabendo, Paris.","author":"dpc","date":"4 d\u00e9cembre 2008","format":false,"excerpt":"Isobel Campbell & Mark Lanegan \u2013 Ramblin' Man (Hank William cover) Le truc le plus dingue \u00e0 retenir de la soir\u00e9e, \u00e7a reste que le Mark Lanegan, il porte les m\u00eames pompes que moi, ce qui montre bien qu'il est rock en 2008. \u00c0 part \u00e7a ce Trabendo aura \u00e9t\u00e9\u2026","rel":"","context":"Dans &quot;Alive&quot;","block_context":{"text":"Alive","link":"https:\/\/www.wallendorff.com\/belogue\/category\/alive\/"},"img":{"alt_text":"","src":"https:\/\/i0.wp.com\/www.wallendorff.com\/belogue\/wp-content\/uploads\/2015\/04\/200812041.jpg?resize=350%2C200&ssl=1","width":350,"height":200,"srcset":"https:\/\/i0.wp.com\/www.wallendorff.com\/belogue\/wp-content\/uploads\/2015\/04\/200812041.jpg?resize=350%2C200&ssl=1 1x, https:\/\/i0.wp.com\/www.wallendorff.com\/belogue\/wp-content\/uploads\/2015\/04\/200812041.jpg?resize=525%2C300&ssl=1 1.5x, https:\/\/i0.wp.com\/www.wallendorff.com\/belogue\/wp-content\/uploads\/2015\/04\/200812041.jpg?resize=700%2C400&ssl=1 2x"},"classes":[]},{"id":122,"url":"https:\/\/www.wallendorff.com\/belogue\/2006\/04\/12\/gris-grille\/","url_meta":{"origin":7651,"position":4},"title":"Gris grille.","author":"dpc","date":"12 avril 2006","format":false,"excerpt":"Paris, 9 avril. (Y a quand m\u00eame des fois o\u00f9 j'ai l'impression de passer mon temps \u00e0 faire et refaire les m\u00eames photos.) But when that open road starts to calling me There's something over the hill that I gotta see Sometimes it's hard but you gotta understand When the\u2026","rel":"","context":"Dans &quot;DPC&quot;","block_context":{"text":"DPC","link":"https:\/\/www.wallendorff.com\/belogue\/category\/dpc\/"},"img":{"alt_text":"","src":"https:\/\/i0.wp.com\/www.wallendorff.com\/belogue\/wp-content\/uploads\/2015\/04\/200604121.jpg?resize=350%2C200&ssl=1","width":350,"height":200},"classes":[]},{"id":128,"url":"https:\/\/www.wallendorff.com\/belogue\/2006\/04\/18\/l-orient-tech-s-presse\/","url_meta":{"origin":7651,"position":5},"title":"L&rsquo;orient-tech s&rsquo;presse.","author":"dpc","date":"18 avril 2006","format":false,"excerpt":"Place de la Sorbonne, Paris, 9 avril. Et l\u00e0, il nous claque une session acoustique d'Isobel Campbell sans Mark Lanegan, mais avec de vrais [bons] morceaux de Ramblin' Man, de Honey Child What Can I Do? et de Revolver dedans, enrob\u00e9s dans une voix douce comme du satin qui te\u2026","rel":"","context":"Dans &quot;DPC&quot;","block_context":{"text":"DPC","link":"https:\/\/www.wallendorff.com\/belogue\/category\/dpc\/"},"img":{"alt_text":"","src":"https:\/\/i0.wp.com\/www.wallendorff.com\/belogue\/wp-content\/uploads\/2015\/04\/200604181.jpg?resize=350%2C200&ssl=1","width":350,"height":200},"classes":[]}],"_links":{"self":[{"href":"https:\/\/www.wallendorff.com\/belogue\/wp-json\/wp\/v2\/posts\/7651","targetHints":{"allow":["GET"]}}],"collection":[{"href":"https:\/\/www.wallendorff.com\/belogue\/wp-json\/wp\/v2\/posts"}],"about":[{"href":"https:\/\/www.wallendorff.com\/belogue\/wp-json\/wp\/v2\/types\/post"}],"author":[{"embeddable":true,"href":"https:\/\/www.wallendorff.com\/belogue\/wp-json\/wp\/v2\/users\/1"}],"replies":[{"embeddable":true,"href":"https:\/\/www.wallendorff.com\/belogue\/wp-json\/wp\/v2\/comments?post=7651"}],"version-history":[{"count":1,"href":"https:\/\/www.wallendorff.com\/belogue\/wp-json\/wp\/v2\/posts\/7651\/revisions"}],"predecessor-version":[{"id":17011,"href":"https:\/\/www.wallendorff.com\/belogue\/wp-json\/wp\/v2\/posts\/7651\/revisions\/17011"}],"wp:featuredmedia":[{"embeddable":true,"href":"https:\/\/www.wallendorff.com\/belogue\/wp-json\/wp\/v2\/media\/25785"}],"wp:attachment":[{"href":"https:\/\/www.wallendorff.com\/belogue\/wp-json\/wp\/v2\/media?parent=7651"}],"wp:term":[{"taxonomy":"category","embeddable":true,"href":"https:\/\/www.wallendorff.com\/belogue\/wp-json\/wp\/v2\/categories?post=7651"},{"taxonomy":"post_tag","embeddable":true,"href":"https:\/\/www.wallendorff.com\/belogue\/wp-json\/wp\/v2\/tags?post=7651"}],"curies":[{"name":"wp","href":"https:\/\/api.w.org\/{rel}","templated":true}]}}