{"id":76,"date":"2005-09-03T00:49:58","date_gmt":"2005-09-03T00:49:58","guid":{"rendered":"http:\/\/www.po-l.com\/wordpress\/?p=76"},"modified":"2012-07-04T09:45:32","modified_gmt":"2012-07-04T07:45:32","slug":"t-happy-roulant","status":"publish","type":"post","link":"https:\/\/www.wallendorff.com\/belogue\/2005\/09\/03\/t-happy-roulant\/","title":{"rendered":"T&rsquo;happy roulant."},"content":{"rendered":"\n<div id=\"photo\">\n<p><img decoding=\"async\" src=\"http:\/\/www.po-L.com\/belogue\/photo\/2005\/09\/20050903.jpg\" \/><br \/>\n          Station Invalides, Paris, 30 ao&ucirc;t.<\/p>\n<\/p><\/div>\n<p style=\"text-align:right\">&quot;<em>Tu es l&eacute;g&egrave;re<br \/>\n        Et tout est lourd<br \/>\n        [Du papier de verre tout autour]<\/em>&quot;<\/p>\n<div id=\"bandeson\">\n<p><img decoding=\"async\" src=\"https:\/\/www.wallendorff.com\/belogue\/photo\/pochettes\/e\/elista-elista.jpg\" align=\"left\" \/>&nbsp;<a href=\"http:\/\/www.elistamusique.com\/\">Elista<\/a> &ndash; <em>Tu es l&eacute;g&egrave;re<\/em><\/p>\n<\/div>\n","protected":false},"excerpt":{"rendered":"<p>Station Invalides, Paris, 30 ao&ucirc;t. &quot;Tu es l&eacute;g&egrave;re Et tout est lourd [Du papier de verre tout autour]&quot; &nbsp;Elista &ndash; Tu es l&eacute;g&egrave;re<\/p>\n","protected":false},"author":1,"featured_media":24010,"comment_status":"open","ping_status":"open","sticky":false,"template":"","format":"standard","meta":{"_acf_changed":false,"ngg_post_thumbnail":0,"jetpack_post_was_ever_published":false,"_jetpack_newsletter_access":"","_jetpack_dont_email_post_to_subs":false,"_jetpack_newsletter_tier_id":0,"_jetpack_memberships_contains_paywalled_content":false,"_jetpack_memberships_contains_paid_content":false,"footnotes":"","jetpack_publicize_message":"","jetpack_publicize_feature_enabled":true,"jetpack_social_post_already_shared":false,"jetpack_social_options":{"image_generator_settings":{"template":"highway","default_image_id":0,"font":"","enabled":false},"version":2}},"categories":[3],"tags":[10235,132,10163,10320,10340,10319,10120,10121,1221,10119,143,10098,1219,173,346],"class_list":["post-76","post","type-post","status-publish","format-standard","has-post-thumbnail","hentry","category-dpc","tag-10235","tag-eos-20d","tag-elista","tag-escalator","tag-fille","tag-flou","tag-france","tag-ile-de-france","tag-invalides","tag-metro","tag-noir-et-blanc","tag-paris","tag-rer-c","tag-sigma-28-70-mm-f28-dg-ex","tag-tu-es-legere"],"acf":[],"geo":{"latitude":48.8616943,"longitude":2.3139954,"description":null},"jetpack_publicize_connections":[],"jetpack_featured_media_url":"https:\/\/www.wallendorff.com\/belogue\/wp-content\/uploads\/2015\/04\/200509031.jpg","jetpack_shortlink":"https:\/\/wp.me\/p3b35P-1e","jetpack_sharing_enabled":true,"jetpack-related-posts":[{"id":855,"url":"https:\/\/www.wallendorff.com\/belogue\/2006\/12\/20\/elista-la-boule-noire-paris\/","url_meta":{"origin":76,"position":0},"title":"Elista @ la Boule Noire, Paris.","author":"dpc","date":"20 d\u00e9cembre 2006","format":false,"excerpt":"Finir dans les journaux r\u00e9veill\u00e9, La folie douce tendu, Mon ivresse (\u00c0 l'autoroute A3) survolt\u00e9... Si le c\u00f4t\u00e9 rock aiguis\u00e9 du deuxi\u00e8me album s\u00e9duisait sur disque, il arrache tout en live. Elista s'\u00e9nerve, enrage et \u00e9lectrise m\u00eame ses anciennes compos (La vie \u00e0 deux, D\u00e9\u00e7us du paradis). On passa par\u2026","rel":"","context":"Dans &quot;Alive&quot;","block_context":{"text":"Alive","link":"https:\/\/www.wallendorff.com\/belogue\/category\/alive\/"},"img":{"alt_text":"","src":"https:\/\/i0.wp.com\/www.wallendorff.com\/belogue\/wp-content\/uploads\/2015\/04\/200612201.jpg?resize=350%2C200&ssl=1","width":350,"height":200},"classes":[]},{"id":798,"url":"https:\/\/www.wallendorff.com\/belogue\/2006\/10\/02\/placebo-pop-bercy-paris\/","url_meta":{"origin":76,"position":1},"title":"Placebo @ Palais omnisports de Paris-Bercy.","author":"dpc","date":"2 octobre 2006","format":false,"excerpt":"Setlist\u00a0: Infra-Red Meds Because I Want You Drag Follow the S\u00e9cu Back Home Taste in Men (Hill Montant) Post Blues \u00a0Elista \u2013 (J'ai beau tout tester) Je d\u00e9teste tout","rel":"","context":"Dans &quot;Alive&quot;","block_context":{"text":"Alive","link":"https:\/\/www.wallendorff.com\/belogue\/category\/alive\/"},"img":{"alt_text":"","src":"https:\/\/i0.wp.com\/www.wallendorff.com\/belogue\/wp-content\/uploads\/2015\/04\/200610021.jpg?resize=350%2C200&ssl=1","width":350,"height":200},"classes":[]},{"id":899,"url":"https:\/\/www.wallendorff.com\/belogue\/2007\/02\/17\/elista-la-fleche-d-or-paris\/","url_meta":{"origin":76,"position":2},"title":"Elista @ la Fl\u00e8che d&rsquo;Or, Paris.","author":"dpc","date":"17 f\u00e9vrier 2007","format":false,"excerpt":"Le m\u00eame que la derni\u00e8re fois, mais avec un m\u00e9chant final de batterie sur Derri\u00e8re elle, des pogos un peu partout [c'est bien la premi\u00e8re fois que j'en vois pogoter sur Elista, tiens] et un featuring breton m\u00e9morable [et houblonn\u00e9] sur Debout. Le concert \u00e9tait enregistr\u00e9 par Radio N\u00e9o, en\u2026","rel":"","context":"Dans &quot;Alive&quot;","block_context":{"text":"Alive","link":"https:\/\/www.wallendorff.com\/belogue\/category\/alive\/"},"img":{"alt_text":"","src":"https:\/\/i0.wp.com\/www.wallendorff.com\/belogue\/wp-content\/uploads\/2015\/04\/200702171.jpg?resize=350%2C200&ssl=1","width":350,"height":200},"classes":[]},{"id":814,"url":"https:\/\/www.wallendorff.com\/belogue\/2006\/10\/26\/elista-le-bataclan-paris\/","url_meta":{"origin":76,"position":3},"title":"Elista @ Le Bataclan, Paris.","author":"dpc","date":"26 octobre 2006","format":false,"excerpt":"Ils ont s\u00e9duit en premi\u00e8re partie de The Servant hier soir, ils sont sympas, ils ont fait un chouette album y a trois ans et un encore plus chouette y a trois jours et je vous les conseille parce que pour une fois qu'un groupe fran\u00e7ais est bien, hein, profitons-en.\u2026","rel":"","context":"Dans &quot;Alive&quot;","block_context":{"text":"Alive","link":"https:\/\/www.wallendorff.com\/belogue\/category\/alive\/"},"img":{"alt_text":"","src":"https:\/\/i0.wp.com\/www.wallendorff.com\/belogue\/wp-content\/uploads\/2015\/04\/200610261.jpg?resize=350%2C200&ssl=1","width":350,"height":200},"classes":[]},{"id":12469,"url":"https:\/\/www.wallendorff.com\/belogue\/2011\/03\/23\/elista-salon-du-livre-paris-19-mars\/","url_meta":{"origin":76,"position":4},"title":"Elista @ Salon du Livre, Paris, 19 mars.","author":"dpc","date":"23 mars 2011","format":false,"excerpt":"On va \u00e9viter d'\u00e9voquer \u00e7a pour l'instant. J'y suis all\u00e9 sans pr\u00e9voir de faire de photo et finalement en voil\u00e0 quatre, prises de mon si\u00e8ge. Pas pu m'emp\u00eacher. C'\u00e9tait plus fort que moi. Pardon. Maps & Atlases \u2013 Living Decorations","rel":"","context":"Dans &quot;Alive&quot;","block_context":{"text":"Alive","link":"https:\/\/www.wallendorff.com\/belogue\/category\/alive\/"},"img":{"alt_text":"","src":"https:\/\/i0.wp.com\/www.wallendorff.com\/belogue\/wp-content\/uploads\/2015\/04\/201103231.jpg?resize=350%2C200&ssl=1","width":350,"height":200,"srcset":"https:\/\/i0.wp.com\/www.wallendorff.com\/belogue\/wp-content\/uploads\/2015\/04\/201103231.jpg?resize=350%2C200&ssl=1 1x, https:\/\/i0.wp.com\/www.wallendorff.com\/belogue\/wp-content\/uploads\/2015\/04\/201103231.jpg?resize=525%2C300&ssl=1 1.5x, https:\/\/i0.wp.com\/www.wallendorff.com\/belogue\/wp-content\/uploads\/2015\/04\/201103231.jpg?resize=700%2C400&ssl=1 2x"},"classes":[]},{"id":969,"url":"https:\/\/www.wallendorff.com\/belogue\/2007\/06\/05\/elista-la-maroquinerie-paris\/","url_meta":{"origin":76,"position":5},"title":"Elista @ la Maroquinerie, Paris.","author":"dpc","date":"5 juin 2007","format":false,"excerpt":"Et happy 200, yeah. \u00a0Black Rebel Motorcycle Club \u2013 The Hardest Button to Button (The White Stripes cover) (live Reading 2003)","rel":"","context":"Dans &quot;Alive&quot;","block_context":{"text":"Alive","link":"https:\/\/www.wallendorff.com\/belogue\/category\/alive\/"},"img":{"alt_text":"","src":"https:\/\/i0.wp.com\/www.wallendorff.com\/belogue\/wp-content\/uploads\/2015\/04\/200706051.jpg?resize=350%2C200&ssl=1","width":350,"height":200,"srcset":"https:\/\/i0.wp.com\/www.wallendorff.com\/belogue\/wp-content\/uploads\/2015\/04\/200706051.jpg?resize=350%2C200&ssl=1 1x, https:\/\/i0.wp.com\/www.wallendorff.com\/belogue\/wp-content\/uploads\/2015\/04\/200706051.jpg?resize=525%2C300&ssl=1 1.5x, https:\/\/i0.wp.com\/www.wallendorff.com\/belogue\/wp-content\/uploads\/2015\/04\/200706051.jpg?resize=700%2C400&ssl=1 2x"},"classes":[]}],"_links":{"self":[{"href":"https:\/\/www.wallendorff.com\/belogue\/wp-json\/wp\/v2\/posts\/76","targetHints":{"allow":["GET"]}}],"collection":[{"href":"https:\/\/www.wallendorff.com\/belogue\/wp-json\/wp\/v2\/posts"}],"about":[{"href":"https:\/\/www.wallendorff.com\/belogue\/wp-json\/wp\/v2\/types\/post"}],"author":[{"embeddable":true,"href":"https:\/\/www.wallendorff.com\/belogue\/wp-json\/wp\/v2\/users\/1"}],"replies":[{"embeddable":true,"href":"https:\/\/www.wallendorff.com\/belogue\/wp-json\/wp\/v2\/comments?post=76"}],"version-history":[{"count":1,"href":"https:\/\/www.wallendorff.com\/belogue\/wp-json\/wp\/v2\/posts\/76\/revisions"}],"predecessor-version":[{"id":18044,"href":"https:\/\/www.wallendorff.com\/belogue\/wp-json\/wp\/v2\/posts\/76\/revisions\/18044"}],"wp:featuredmedia":[{"embeddable":true,"href":"https:\/\/www.wallendorff.com\/belogue\/wp-json\/wp\/v2\/media\/24010"}],"wp:attachment":[{"href":"https:\/\/www.wallendorff.com\/belogue\/wp-json\/wp\/v2\/media?parent=76"}],"wp:term":[{"taxonomy":"category","embeddable":true,"href":"https:\/\/www.wallendorff.com\/belogue\/wp-json\/wp\/v2\/categories?post=76"},{"taxonomy":"post_tag","embeddable":true,"href":"https:\/\/www.wallendorff.com\/belogue\/wp-json\/wp\/v2\/tags?post=76"}],"curies":[{"name":"wp","href":"https:\/\/api.w.org\/{rel}","templated":true}]}}