{"id":758,"date":"2004-06-23T19:31:48","date_gmt":"2004-06-23T19:31:48","guid":{"rendered":"http:\/\/www.po-l.com\/wordpress\/?p=758"},"modified":"2012-06-19T09:33:15","modified_gmt":"2012-06-19T07:33:15","slug":"certes-certes","status":"publish","type":"post","link":"https:\/\/www.wallendorff.com\/belogue\/2004\/06\/23\/certes-certes\/","title":{"rendered":"Certes, certes."},"content":{"rendered":"<div id=\"photo\">\n<p><img decoding=\"async\" src=\"https:\/\/www.wallendorff.com\/belogue\/photo\/2004\/06\/19.jpg\"><\/p>\n<\/div>\n<p>L\u00e0, je suis d\u00e9go\u00fbt\u00e9 d&rsquo;avoir loup\u00e9 le sermon du dimanche. &Eacute;tait-ce un truc du genre &laquo;&nbsp;Gloire au Seigneur tout puissant pour avoir aid\u00e9 la famille Wallace et ses copains a p\u00e9t\u00e9ter la g&rsquo;le du gros Shaquille et ses gros nazes de potes californiens&nbsp;&raquo; ou plut\u00f4t &laquo;&nbsp;Et le ballon rejoigna la c\u00e9leste nasse telle la bonne nouvelle s&rsquo;\u00e9tendant \u00e0 la Masse, prenez exemples, mes bonnes ouailles, convertissez-moi cette bande d&rsquo;\u00e9r\u00e9tiques&nbsp;&raquo;&nbsp;??? Saurai jamais. &Ccedil;a craint. En tout cas ils prennent d\u00e9cid\u00e9ment le basket au s\u00e9rieux, ici, hein.<\/p>\n<div id=\"bandeson\">\n<p><strong>Bande-son<\/strong>&nbsp;: Rudy L\u00e9onet \/ Hugues Dayez &ndash; <em>C&rsquo;est un \u00e9v\u00e9nement<\/em><\/p>\n<\/div>\n","protected":false},"excerpt":{"rendered":"<p>L\u00e0, je suis d\u00e9go\u00fbt\u00e9 d&rsquo;avoir loup\u00e9 le sermon du dimanche. &Eacute;tait-ce un truc du genre &laquo;&nbsp;Gloire au Seigneur tout puissant pour avoir aid\u00e9 la famille Wallace et ses copains a p\u00e9t\u00e9ter la g&rsquo;le du gros Shaquille et ses gros nazes de potes californiens&nbsp;&raquo; ou plut\u00f4t &laquo;&nbsp;Et le ballon rejoigna la c\u00e9leste nasse telle la bonne&hellip;<\/p>\n","protected":false},"author":1,"featured_media":24700,"comment_status":"open","ping_status":"open","sticky":false,"template":"","format":"standard","meta":{"_acf_changed":false,"ngg_post_thumbnail":0,"jetpack_post_was_ever_published":false,"_jetpack_newsletter_access":"","_jetpack_dont_email_post_to_subs":false,"_jetpack_newsletter_tier_id":0,"_jetpack_memberships_contains_paywalled_content":false,"_jetpack_memberships_contains_paid_content":false,"footnotes":"","jetpack_publicize_message":"","jetpack_publicize_feature_enabled":true,"jetpack_social_post_already_shared":false,"jetpack_social_options":{"image_generator_settings":{"template":"highway","default_image_id":0,"font":"","enabled":false},"version":2}},"categories":[3],"tags":[148,97,103,10238,55,96,54,10104,93,98,95],"class_list":["post-758","post","type-post","status-publish","format-standard","has-post-thumbnail","hentry","category-dpc","tag-a80","tag-cest-un-evenement","tag-detroit-pistons","tag-eglise","tag-etats-unis","tag-hugues-dayez","tag-michigan","tag-panneau","tag-pontiac","tag-pure-fm","tag-rudy-leonet"],"acf":[],"geo":{"latitude":42.634922,"longitude":-83.2609711,"description":"800-818 Auburn Ave, Pontiac, MI 48341, USA"},"jetpack_publicize_connections":[],"jetpack_featured_media_url":"https:\/\/www.wallendorff.com\/belogue\/wp-content\/uploads\/2015\/04\/199.jpg","jetpack_shortlink":"https:\/\/wp.me\/p3b35P-ce","jetpack_sharing_enabled":true,"jetpack-related-posts":[{"id":502,"url":"https:\/\/www.wallendorff.com\/belogue\/2005\/01\/12\/message-personnel\/","url_meta":{"origin":758,"position":0},"title":"Message personnel.","author":"dpc","date":"12 janvier 2005","format":false,"excerpt":"Liberty St., Ann Arbor, 9 janvier. Il doit y avoir un vague rapport avec toi, mais je sais pas lequel. [\/Edit: je suis toujours impatient d'\u00eatre \u00e0 mercredi. Quand j'\u00e9tais petit, c'\u00e9tait pour R\u00e9cr\u00e9 A2, et maintenant, c'est pour C'est un \u00e9v\u00e9nement, avec Hugues Dayez et Rudy L\u00e9onet sur Pure\u2026","rel":"","context":"Dans &quot;DPC&quot;","block_context":{"text":"DPC","link":"https:\/\/www.wallendorff.com\/belogue\/category\/dpc\/"},"img":{"alt_text":"","src":"https:\/\/i0.wp.com\/www.wallendorff.com\/belogue\/wp-content\/uploads\/2015\/04\/20050112-exit1.jpg?resize=350%2C200&ssl=1","width":350,"height":200},"classes":[]},{"id":127845,"url":"https:\/\/www.wallendorff.com\/belogue\/2024\/04\/22\/muse-st-andrews-hall-detroit-22-avril-2004\/","url_meta":{"origin":758,"position":1},"title":"Muse @ St. Andrew&rsquo;s Hall, D\u00e9troit, 22 avril 2004.","author":"dpc","date":"22 avril 2024","format":false,"excerpt":"Hysteria | New Born | The Small Print | Sing for Absolution | Muscle Museum | Citizen Erased | Ruled by Secrecy | Sunburn | Butterflies & Hurricanes | Bliss | Time Is Running Out | Plug in Baby || Apocalypse Please | Stockholm SyndromeIl y a 20 ans, je\u2026","rel":"","context":"Dans &quot;Alive&quot;","block_context":{"text":"Alive","link":"https:\/\/www.wallendorff.com\/belogue\/category\/alive\/"},"img":{"alt_text":"","src":"https:\/\/i0.wp.com\/www.wallendorff.com\/belogue\/wp-content\/uploads\/2024\/04\/20240422-14.jpg?resize=350%2C200&ssl=1","width":350,"height":200,"srcset":"https:\/\/i0.wp.com\/www.wallendorff.com\/belogue\/wp-content\/uploads\/2024\/04\/20240422-14.jpg?resize=350%2C200&ssl=1 1x, https:\/\/i0.wp.com\/www.wallendorff.com\/belogue\/wp-content\/uploads\/2024\/04\/20240422-14.jpg?resize=525%2C300&ssl=1 1.5x, https:\/\/i0.wp.com\/www.wallendorff.com\/belogue\/wp-content\/uploads\/2024\/04\/20240422-14.jpg?resize=700%2C400&ssl=1 2x, https:\/\/i0.wp.com\/www.wallendorff.com\/belogue\/wp-content\/uploads\/2024\/04\/20240422-14.jpg?resize=1050%2C600&ssl=1 3x"},"classes":[]},{"id":158,"url":"https:\/\/www.wallendorff.com\/belogue\/2006\/05\/26\/slack-day-2\/","url_meta":{"origin":758,"position":2},"title":"Slack Day #2.","author":"dpc","date":"26 mai 2006","format":false,"excerpt":"Rue sous Saint-Arnould, Metz, 20 mai. Y a du Pearl Jam dans ma bande-son, du sucre dans ma verveine, pas de poil dans ma cuisine, de la lumi\u00e8re dans mon lit, de l'abricot dans mes tartines, pas de trou dans mes chaussettes et surtout Eddie Vedder a de nouveau des\u2026","rel":"","context":"Dans &quot;DPC&quot;","block_context":{"text":"DPC","link":"https:\/\/www.wallendorff.com\/belogue\/category\/dpc\/"},"img":{"alt_text":"","src":"https:\/\/i0.wp.com\/www.wallendorff.com\/belogue\/wp-content\/uploads\/2015\/04\/200605261.jpg?resize=350%2C200&ssl=1","width":350,"height":200},"classes":[]},{"id":22486,"url":"https:\/\/www.wallendorff.com\/belogue\/2004\/05\/21\/velvet-revolver-state-theater-detroit\/","url_meta":{"origin":758,"position":3},"title":"Velvet Revolver @ State Theater, D\u00e9troit.","author":"dpc","date":"21 mai 2004","format":false,"excerpt":"Le rock, dans un de ses clich\u00e9s, est d\u00e9crit comme une musique brutale, interpr\u00e9t\u00e9e par des hordes d'affreux bonshommes torses nus et poilus qui sentent la sueur. Arm\u00e9s de guitares \u00e0 longs manches, symboles phalliques pour effrayer les jeunes filles \u2014 \u00a0Cf. Spinal Tap \u00a0\u2014, ils jouent tr\u00e8s fort des\u2026","rel":"","context":"Dans &quot;Alive&quot;","block_context":{"text":"Alive","link":"https:\/\/www.wallendorff.com\/belogue\/category\/alive\/"},"img":{"alt_text":"","src":"","width":0,"height":0},"classes":[]},{"id":1050,"url":"https:\/\/www.wallendorff.com\/belogue\/2007\/10\/03\/space-mots-keys-13\/","url_meta":{"origin":758,"position":4},"title":"Space mots-keys #13.","author":"dpc","date":"3 octobre 2007","format":false,"excerpt":"ize proude tou pr\u00e9sente Top 5 18 17 13 \u00a0\u00a06 \u00a0\u00a05 Nos amis les champignons Grosse d\u00e9ception. Malgr\u00e9 tous les app\u00e2ts que j'avais l\u00e2ch\u00e9s le mois dernier, la p\u00e8che est maigre. Toujours autant d'axieuses attentes de voir das folgende gro\u00dfe Ding venir chez soi [, ], de fantasmes [, ],\u2026","rel":"","context":"Dans &quot;Space mots-keys&quot;","block_context":{"text":"Space mots-keys","link":"https:\/\/www.wallendorff.com\/belogue\/category\/space-mots-keys\/"},"img":{"alt_text":"","src":"","width":0,"height":0},"classes":[]},{"id":40,"url":"https:\/\/www.wallendorff.com\/belogue\/2005\/10\/26\/l-ivre-et-son-tas-d-os-missiles\/","url_meta":{"origin":758,"position":5},"title":"L&rsquo;ivre et son tas d&rsquo;os-missiles.","author":"dpc","date":"26 octobre 2005","format":false,"excerpt":"J'ai rien \u00e0 raconter. D'un c\u00f4t\u00e9 \u00e7a tombe bien, note, parce que ce bel\u00f6gue est quand m\u00eame un photo-bel\u00f6gue, \u00e0 la base. N'emp\u00eache que. J'ai m\u00eame pas de trucs de fran\u00e7ais sur lesquels d\u00e9blat\u00e9rer. Pourtant j\u2019aime bien d\u00e9blat\u00e9rer sur des trucs de fran\u00e7ais. Ce genre de truc qui n'int\u00e9resse que\u2026","rel":"","context":"Dans &quot;DPC&quot;","block_context":{"text":"DPC","link":"https:\/\/www.wallendorff.com\/belogue\/category\/dpc\/"},"img":{"alt_text":"","src":"https:\/\/i0.wp.com\/www.wallendorff.com\/belogue\/wp-content\/uploads\/2015\/04\/200510261.jpg?resize=350%2C200&ssl=1","width":350,"height":200},"classes":[]}],"_links":{"self":[{"href":"https:\/\/www.wallendorff.com\/belogue\/wp-json\/wp\/v2\/posts\/758","targetHints":{"allow":["GET"]}}],"collection":[{"href":"https:\/\/www.wallendorff.com\/belogue\/wp-json\/wp\/v2\/posts"}],"about":[{"href":"https:\/\/www.wallendorff.com\/belogue\/wp-json\/wp\/v2\/types\/post"}],"author":[{"embeddable":true,"href":"https:\/\/www.wallendorff.com\/belogue\/wp-json\/wp\/v2\/users\/1"}],"replies":[{"embeddable":true,"href":"https:\/\/www.wallendorff.com\/belogue\/wp-json\/wp\/v2\/comments?post=758"}],"version-history":[{"count":1,"href":"https:\/\/www.wallendorff.com\/belogue\/wp-json\/wp\/v2\/posts\/758\/revisions"}],"predecessor-version":[{"id":17810,"href":"https:\/\/www.wallendorff.com\/belogue\/wp-json\/wp\/v2\/posts\/758\/revisions\/17810"}],"wp:featuredmedia":[{"embeddable":true,"href":"https:\/\/www.wallendorff.com\/belogue\/wp-json\/wp\/v2\/media\/24700"}],"wp:attachment":[{"href":"https:\/\/www.wallendorff.com\/belogue\/wp-json\/wp\/v2\/media?parent=758"}],"wp:term":[{"taxonomy":"category","embeddable":true,"href":"https:\/\/www.wallendorff.com\/belogue\/wp-json\/wp\/v2\/categories?post=758"},{"taxonomy":"post_tag","embeddable":true,"href":"https:\/\/www.wallendorff.com\/belogue\/wp-json\/wp\/v2\/tags?post=758"}],"curies":[{"name":"wp","href":"https:\/\/api.w.org\/{rel}","templated":true}]}}