{"id":7577,"date":"2010-05-26T10:39:00","date_gmt":"2010-05-26T08:39:00","guid":{"rendered":"http:\/\/www.po-l.com\/belogue\/?p=7577"},"modified":"2012-04-10T10:04:53","modified_gmt":"2012-04-10T08:04:53","slug":"gossip-le-zenith-paris","status":"publish","type":"post","link":"https:\/\/www.wallendorff.com\/belogue\/2010\/05\/26\/gossip-le-zenith-paris\/","title":{"rendered":"Gossip @ le Z\u00e9nith, Paris."},"content":{"rendered":"\n<div id=\"photo\">\n<p><img decoding=\"async\" src=\"https:\/\/www.wallendorff.com\/belogue\/photo\/2010\/05\/20100526.jpg\" \/><\/p>\n<\/p><\/div>\n<p>J&rsquo;irais bien dire que &laquo;&nbsp;waw &eacute;norme j&rsquo;avais pas vu le Z&eacute;nith se faire retourner comme &ccedil;a depuis  <a href=\"https:\/\/www.wallendorff.com\/belogue\/2009\/11\/27\/franz-ferdinand-the-cribs-john-and-jehn-le-zenith-paris\/\">Franz Ferdinand en novembre<\/a>&nbsp;&raquo;, mais &ccedil;a serait un peu con dans la mesure o\u00f9 je n&rsquo;ai pas mis les pieds au Z&eacute;nith depuis Franz Ferdinand en novembre. Mais bon l&rsquo;id&eacute;e y est, &ccedil;a arrachait tout, et la Beth Ditto a m&ecirc;me travers&eacute; le public pour aller chanter sur les gradins, un peu comme  <a href=\"https:\/\/www.wallendorff.com\/belogue\/2006\/10\/29\/dionysos-wsg-synfonietta-de-belfort-le-zenith-paris\/\">le Malzieu en son temps<\/a>, mais sans slamer. Yeah.<\/p>\n<div id=\"bandeson\">\n<p><img decoding=\"async\" src=\"https:\/\/www.wallendorff.com\/belogue\/photo\/pochettes\/g\/gossip-music_for_men.jpg\" align=\"left\" \/>&nbsp;<a href=\"http:\/\/www.gossipyouth.com\/\">Gossip<\/a> &ndash; <em>Spare Me from the Mold<\/em><\/p>\n<\/p><\/div>ngg_shortcode_0_placeholder","protected":false},"excerpt":{"rendered":"<p>J&rsquo;irais bien dire que &laquo;&nbsp;waw &eacute;norme j&rsquo;avais pas vu le Z&eacute;nith se faire retourner comme &ccedil;a depuis Franz Ferdinand en novembre&nbsp;&raquo;, mais &ccedil;a serait un peu con dans la mesure o\u00f9 je n&rsquo;ai pas mis les pieds au Z&eacute;nith depuis Franz Ferdinand en novembre. Mais bon l&rsquo;id&eacute;e y est, &ccedil;a arrachait tout, et la Beth&hellip;<\/p>\n","protected":false},"author":1,"featured_media":25771,"comment_status":"open","ping_status":"open","sticky":false,"template":"","format":"standard","meta":{"_acf_changed":false,"ngg_post_thumbnail":0,"jetpack_post_was_ever_published":false,"_jetpack_newsletter_access":"","_jetpack_dont_email_post_to_subs":false,"_jetpack_newsletter_tier_id":0,"_jetpack_memberships_contains_paywalled_content":false,"_jetpack_memberships_contains_paid_content":false,"footnotes":"","jetpack_publicize_message":"","jetpack_publicize_feature_enabled":true,"jetpack_social_post_already_shared":false,"jetpack_social_options":{"image_generator_settings":{"template":"highway","default_image_id":0,"font":"","enabled":false},"version":2}},"categories":[7],"tags":[10654,10268,10084,196,181,2615,10120,10479,10121,10091,10098,3814],"class_list":["post-7577","post","type-post","status-publish","format-standard","has-post-thumbnail","hentry","category-alive","tag-10654","tag-10268","tag-alive","tag-ef-28-70-mm-f28l-usm","tag-ef-70-200-mm-f28l-usm","tag-eos-5d-mark-ii","tag-france","tag-gossip","tag-ile-de-france","tag-le-zenith","tag-paris","tag-spare-me-from-the-mold"],"acf":[],"geo":{"latitude":48.8943062,"longitude":2.3931313,"description":"All\u00e9e du Z\u00e9nith, 75019 Paris, France"},"jetpack_publicize_connections":[],"jetpack_featured_media_url":"https:\/\/www.wallendorff.com\/belogue\/wp-content\/uploads\/2015\/04\/201005261.jpg","jetpack_shortlink":"https:\/\/wp.me\/p3b35P-1Yd","jetpack_sharing_enabled":true,"jetpack-related-posts":[{"id":38063,"url":"https:\/\/www.wallendorff.com\/belogue\/2018\/05\/03\/franz-ferdinand-le-zenith-paris-27-fevrier-2018\/","url_meta":{"origin":7577,"position":0},"title":"Franz Ferdinand @ le Z\u00e9nith, Paris, 27 f\u00e9vrier 2018.","author":"dpc","date":"3 mai 2018","format":false,"excerpt":"Always Ascending Franz Ferdinand","rel":"","context":"Dans &quot;Alive&quot;","block_context":{"text":"Alive","link":"https:\/\/www.wallendorff.com\/belogue\/category\/alive\/"},"img":{"alt_text":"","src":"https:\/\/i0.wp.com\/www.wallendorff.com\/belogue\/wp-content\/uploads\/2018\/05\/20180503-20.jpg?resize=350%2C200&ssl=1","width":350,"height":200,"srcset":"https:\/\/i0.wp.com\/www.wallendorff.com\/belogue\/wp-content\/uploads\/2018\/05\/20180503-20.jpg?resize=350%2C200&ssl=1 1x, https:\/\/i0.wp.com\/www.wallendorff.com\/belogue\/wp-content\/uploads\/2018\/05\/20180503-20.jpg?resize=525%2C300&ssl=1 1.5x, https:\/\/i0.wp.com\/www.wallendorff.com\/belogue\/wp-content\/uploads\/2018\/05\/20180503-20.jpg?resize=700%2C400&ssl=1 2x, https:\/\/i0.wp.com\/www.wallendorff.com\/belogue\/wp-content\/uploads\/2018\/05\/20180503-20.jpg?resize=1050%2C600&ssl=1 3x"},"classes":[]},{"id":5177,"url":"https:\/\/www.wallendorff.com\/belogue\/2009\/11\/27\/franz-ferdinand-the-cribs-john-and-jehn-le-zenith-paris\/","url_meta":{"origin":7577,"position":1},"title":"Franz Ferdinand + The Cribs + John and Jehn @ le Z\u00e9nith, Paris.","author":"dpc","date":"27 novembre 2009","format":false,"excerpt":"\u00a0Franz Ferdinand \u2013 Take Me Out (live Pal\u00e9o 2009) (pour rester dans l'ambiance) J'aurai donc vu Franz Ferdinand six fois. Trois fois au \u00c9tats-Unis, trois fois en France, quatre fois au complet, une fois avec un bassiste alimentairement intoxiqu\u00e9, une fois avec un guitariste \u00e9clop\u00e9, une fois avec un batteur\u2026","rel":"","context":"Dans &quot;Alive&quot;","block_context":{"text":"Alive","link":"https:\/\/www.wallendorff.com\/belogue\/category\/alive\/"},"img":{"alt_text":"","src":"https:\/\/i0.wp.com\/www.wallendorff.com\/belogue\/wp-content\/uploads\/2015\/04\/200911271.jpg?resize=350%2C200&ssl=1","width":350,"height":200,"srcset":"https:\/\/i0.wp.com\/www.wallendorff.com\/belogue\/wp-content\/uploads\/2015\/04\/200911271.jpg?resize=350%2C200&ssl=1 1x, https:\/\/i0.wp.com\/www.wallendorff.com\/belogue\/wp-content\/uploads\/2015\/04\/200911271.jpg?resize=525%2C300&ssl=1 1.5x, https:\/\/i0.wp.com\/www.wallendorff.com\/belogue\/wp-content\/uploads\/2015\/04\/200911271.jpg?resize=700%2C400&ssl=1 2x"},"classes":[]},{"id":19534,"url":"https:\/\/www.wallendorff.com\/belogue\/2012\/11\/07\/gossip-austra-le-zenith-paris\/","url_meta":{"origin":7577,"position":2},"title":"Gossip + Austra @ le Z\u00e9nith, Paris.","author":"dpc","date":"7 novembre 2012","format":false,"excerpt":"\u00a0The Jon Spencer Blues Explosion \u2013 Black Mold Austra \u00a0 Gossip \u00a0","rel":"","context":"Dans &quot;Alive&quot;","block_context":{"text":"Alive","link":"https:\/\/www.wallendorff.com\/belogue\/category\/alive\/"},"img":{"alt_text":"","src":"https:\/\/i0.wp.com\/www.wallendorff.com\/belogue\/wp-content\/uploads\/2015\/04\/201211071.jpg?resize=350%2C200&ssl=1","width":350,"height":200,"srcset":"https:\/\/i0.wp.com\/www.wallendorff.com\/belogue\/wp-content\/uploads\/2015\/04\/201211071.jpg?resize=350%2C200&ssl=1 1x, https:\/\/i0.wp.com\/www.wallendorff.com\/belogue\/wp-content\/uploads\/2015\/04\/201211071.jpg?resize=525%2C300&ssl=1 1.5x, https:\/\/i0.wp.com\/www.wallendorff.com\/belogue\/wp-content\/uploads\/2015\/04\/201211071.jpg?resize=700%2C400&ssl=1 2x"},"classes":[]},{"id":44367,"url":"https:\/\/www.wallendorff.com\/belogue\/2019\/11\/29\/parov-stelar-le-zenith-paris-28-novembre-2019\/","url_meta":{"origin":7577,"position":3},"title":"Parov Stelar @ le Z\u00e9nith, Paris, 28 novembre 2019.","author":"dpc","date":"29 novembre 2019","format":false,"excerpt":"","rel":"","context":"Dans &quot;Alive&quot;","block_context":{"text":"Alive","link":"https:\/\/www.wallendorff.com\/belogue\/category\/alive\/"},"img":{"alt_text":"","src":"https:\/\/i0.wp.com\/www.wallendorff.com\/belogue\/wp-content\/uploads\/2019\/11\/20191129-09.jpg?resize=350%2C200&ssl=1","width":350,"height":200,"srcset":"https:\/\/i0.wp.com\/www.wallendorff.com\/belogue\/wp-content\/uploads\/2019\/11\/20191129-09.jpg?resize=350%2C200&ssl=1 1x, https:\/\/i0.wp.com\/www.wallendorff.com\/belogue\/wp-content\/uploads\/2019\/11\/20191129-09.jpg?resize=525%2C300&ssl=1 1.5x, https:\/\/i0.wp.com\/www.wallendorff.com\/belogue\/wp-content\/uploads\/2019\/11\/20191129-09.jpg?resize=700%2C400&ssl=1 2x, https:\/\/i0.wp.com\/www.wallendorff.com\/belogue\/wp-content\/uploads\/2019\/11\/20191129-09.jpg?resize=1050%2C600&ssl=1 3x"},"classes":[]},{"id":22024,"url":"https:\/\/www.wallendorff.com\/belogue\/2013\/11\/17\/foals-breton-festival-des-inrocks-le-zenith-paris-12-novembre\/","url_meta":{"origin":7577,"position":4},"title":"Foals + Breton @ Festival des Inrocks, le Z\u00e9nith, Paris, 12 novembre.","author":"dpc","date":"17 novembre 2013","format":false,"excerpt":"Breton \u00a0 Foals \u00a0","rel":"","context":"Dans &quot;Alive&quot;","block_context":{"text":"Alive","link":"https:\/\/www.wallendorff.com\/belogue\/category\/alive\/"},"img":{"alt_text":"","src":"https:\/\/i0.wp.com\/www.wallendorff.com\/belogue\/wp-content\/uploads\/2015\/04\/201311171.jpg?resize=350%2C200&ssl=1","width":350,"height":200,"srcset":"https:\/\/i0.wp.com\/www.wallendorff.com\/belogue\/wp-content\/uploads\/2015\/04\/201311171.jpg?resize=350%2C200&ssl=1 1x, https:\/\/i0.wp.com\/www.wallendorff.com\/belogue\/wp-content\/uploads\/2015\/04\/201311171.jpg?resize=525%2C300&ssl=1 1.5x, https:\/\/i0.wp.com\/www.wallendorff.com\/belogue\/wp-content\/uploads\/2015\/04\/201311171.jpg?resize=700%2C400&ssl=1 2x"},"classes":[]},{"id":130660,"url":"https:\/\/www.wallendorff.com\/belogue\/2024\/09\/19\/heilung-le-zenith-paris-17-septembre-2024\/","url_meta":{"origin":7577,"position":5},"title":"Heilung @ le Z\u00e9nith, Paris, 17 septembre 2024.","author":"dpc","date":"19 septembre 2024","format":false,"excerpt":"Heilung @ le Z\u00e9nith, Paris, 17\/09\/2024 Heilung @ le Z\u00e9nith, Paris, 17\/09\/2024 Heilung @ le Z\u00e9nith, Paris, 17\/09\/2024 Heilung @ le Z\u00e9nith, Paris, 17\/09\/2024 Heilung @ le Z\u00e9nith, Paris, 17\/09\/2024 Heilung @ le Z\u00e9nith, Paris, 17\/09\/2024 Heilung @ le Z\u00e9nith, Paris, 17\/09\/2024 Heilung @ le Z\u00e9nith, Paris, 17\/09\/2024 Heilung @\u2026","rel":"","context":"Dans &quot;Alive&quot;","block_context":{"text":"Alive","link":"https:\/\/www.wallendorff.com\/belogue\/category\/alive\/"},"img":{"alt_text":"","src":"https:\/\/i0.wp.com\/www.wallendorff.com\/belogue\/wp-content\/uploads\/2024\/09\/20240919-34.jpg?resize=350%2C200&ssl=1","width":350,"height":200,"srcset":"https:\/\/i0.wp.com\/www.wallendorff.com\/belogue\/wp-content\/uploads\/2024\/09\/20240919-34.jpg?resize=350%2C200&ssl=1 1x, https:\/\/i0.wp.com\/www.wallendorff.com\/belogue\/wp-content\/uploads\/2024\/09\/20240919-34.jpg?resize=525%2C300&ssl=1 1.5x, https:\/\/i0.wp.com\/www.wallendorff.com\/belogue\/wp-content\/uploads\/2024\/09\/20240919-34.jpg?resize=700%2C400&ssl=1 2x, https:\/\/i0.wp.com\/www.wallendorff.com\/belogue\/wp-content\/uploads\/2024\/09\/20240919-34.jpg?resize=1050%2C600&ssl=1 3x"},"classes":[]}],"_links":{"self":[{"href":"https:\/\/www.wallendorff.com\/belogue\/wp-json\/wp\/v2\/posts\/7577","targetHints":{"allow":["GET"]}}],"collection":[{"href":"https:\/\/www.wallendorff.com\/belogue\/wp-json\/wp\/v2\/posts"}],"about":[{"href":"https:\/\/www.wallendorff.com\/belogue\/wp-json\/wp\/v2\/types\/post"}],"author":[{"embeddable":true,"href":"https:\/\/www.wallendorff.com\/belogue\/wp-json\/wp\/v2\/users\/1"}],"replies":[{"embeddable":true,"href":"https:\/\/www.wallendorff.com\/belogue\/wp-json\/wp\/v2\/comments?post=7577"}],"version-history":[{"count":3,"href":"https:\/\/www.wallendorff.com\/belogue\/wp-json\/wp\/v2\/posts\/7577\/revisions"}],"predecessor-version":[{"id":16794,"href":"https:\/\/www.wallendorff.com\/belogue\/wp-json\/wp\/v2\/posts\/7577\/revisions\/16794"}],"wp:featuredmedia":[{"embeddable":true,"href":"https:\/\/www.wallendorff.com\/belogue\/wp-json\/wp\/v2\/media\/25771"}],"wp:attachment":[{"href":"https:\/\/www.wallendorff.com\/belogue\/wp-json\/wp\/v2\/media?parent=7577"}],"wp:term":[{"taxonomy":"category","embeddable":true,"href":"https:\/\/www.wallendorff.com\/belogue\/wp-json\/wp\/v2\/categories?post=7577"},{"taxonomy":"post_tag","embeddable":true,"href":"https:\/\/www.wallendorff.com\/belogue\/wp-json\/wp\/v2\/tags?post=7577"}],"curies":[{"name":"wp","href":"https:\/\/api.w.org\/{rel}","templated":true}]}}