{"id":7568,"date":"2010-05-21T09:41:40","date_gmt":"2010-05-21T07:41:40","guid":{"rendered":"http:\/\/www.po-l.com\/belogue\/?p=7568"},"modified":"2011-12-19T12:09:02","modified_gmt":"2011-12-19T10:09:02","slug":"m","status":"publish","type":"post","link":"https:\/\/www.wallendorff.com\/belogue\/2010\/05\/21\/m\/","title":{"rendered":"|M|"},"content":{"rendered":"\n<div id=\"photo\">\n<p><img decoding=\"async\" src=\"https:\/\/www.wallendorff.com\/belogue\/photo\/2010\/05\/20100521.jpg\" \/><br \/>\nM&eacute;morial des Martyrs de la D&eacute;portation, Paris, 17 avril.<\/p>\n<\/p><\/div>\n<div id=\"bandeson\">\n<p><img decoding=\"async\" src=\"https:\/\/www.wallendorff.com\/belogue\/photo\/pochettes\/w\/woodpigeon-die_stadt_muzikanten.jpg\" align=\"left\" \/>&nbsp;<a href=\"http:\/\/www.woodpigeon-songbook.com\/\">Woodpigeon<\/a> &ndash; <em>Empty-Hall Sing-Along<\/em>        <\/p>\n<\/p><\/div>\n","protected":false},"excerpt":{"rendered":"<p>M&eacute;morial des Martyrs de la D&eacute;portation, Paris, 17 avril. &nbsp;Woodpigeon &ndash; Empty-Hall Sing-Along<\/p>\n","protected":false},"author":1,"featured_media":25768,"comment_status":"open","ping_status":"open","sticky":false,"template":"","format":"standard","meta":{"_acf_changed":false,"ngg_post_thumbnail":0,"jetpack_post_was_ever_published":false,"_jetpack_newsletter_access":"","_jetpack_dont_email_post_to_subs":false,"_jetpack_newsletter_tier_id":0,"_jetpack_memberships_contains_paywalled_content":false,"_jetpack_memberships_contains_paid_content":false,"footnotes":"","jetpack_publicize_message":"","jetpack_publicize_feature_enabled":true,"jetpack_social_post_already_shared":false,"jetpack_social_options":{"image_generator_settings":{"template":"highway","default_image_id":0,"font":"","enabled":false},"version":2}},"categories":[3],"tags":[10277,737,2571,2615,10144,4552,3804,10120,10279,10121,10732,3798,10499,10098,10305,10524],"class_list":["post-7568","post","type-post","status-publish","format-standard","has-post-thumbnail","hentry","category-dpc","tag-10277","tag-bleu","tag-ef-16-35-mm-f28l-ii-usm","tag-eos-5d-mark-ii","tag-ciel","tag-die-stadt-muzikanten","tag-empty-hall-sing-along","tag-france","tag-ile-de-la-cite","tag-ile-de-france","tag-memorial","tag-memorial-des-martyrs-de-la-deportation","tag-ombre","tag-paris","tag-porte","tag-woodpigeon"],"acf":[],"geo":{"latitude":48.8517723,"longitude":2.352386,"description":"1-7 Square de l'Ile-de-France, 75004 Paris, France"},"jetpack_publicize_connections":[],"jetpack_featured_media_url":"https:\/\/www.wallendorff.com\/belogue\/wp-content\/uploads\/2015\/04\/201005211.jpg","jetpack_shortlink":"https:\/\/wp.me\/s3b35P-m","jetpack_sharing_enabled":true,"jetpack-related-posts":[{"id":7563,"url":"https:\/\/www.wallendorff.com\/belogue\/2010\/05\/20\/touffe-la-te-revit-iode-pentes-esseulent-lui-qui-lait-goute\/","url_meta":{"origin":7568,"position":0},"title":"Touffe l\u00e0 te revit iod\u00e9. Pentes esseulent lui, qui lait go\u00fbte.","author":"dpc","date":"20 mai 2010","format":false,"excerpt":"M\u00e9morial des Martyrs de la D\u00e9portation, Paris, 16 avril. Vieillir, c'est aussi se r\u00e9veiller le matin en se disant qu'\u00ab\u00a0il faut absolument qu'on se lise L'Histoire des Franks par Gr\u00e9goire de Tours.\u00a0\u00bb \u00a0Meursault \u2013 New Ruin1 _____ 1 Je sais mais bon, vu la gueule de la photo, j'allais pas\u2026","rel":"","context":"Dans &quot;DPC&quot;","block_context":{"text":"DPC","link":"https:\/\/www.wallendorff.com\/belogue\/category\/dpc\/"},"img":{"alt_text":"","src":"https:\/\/i0.wp.com\/www.wallendorff.com\/belogue\/wp-content\/uploads\/2015\/04\/201005201.jpg?resize=350%2C200&ssl=1","width":350,"height":200},"classes":[]},{"id":32030,"url":"https:\/\/www.wallendorff.com\/belogue\/2016\/08\/01\/pepe-dans-les-sorties\/","url_meta":{"origin":7568,"position":1},"title":"P\u00e9p\u00e9 dans les sorties.","author":"dpc","date":"1 ao\u00fbt 2016","format":false,"excerpt":"M\u00e9morial des Martyrs de la D\u00e9portation, Paris, 14 mai. On My One Jake Bugg","rel":"","context":"Dans &quot;DPC&quot;","block_context":{"text":"DPC","link":"https:\/\/www.wallendorff.com\/belogue\/category\/dpc\/"},"img":{"alt_text":"","src":"https:\/\/i0.wp.com\/www.wallendorff.com\/belogue\/wp-content\/uploads\/2016\/08\/20160801.jpg?resize=350%2C200&ssl=1","width":350,"height":200,"srcset":"https:\/\/i0.wp.com\/www.wallendorff.com\/belogue\/wp-content\/uploads\/2016\/08\/20160801.jpg?resize=350%2C200&ssl=1 1x, https:\/\/i0.wp.com\/www.wallendorff.com\/belogue\/wp-content\/uploads\/2016\/08\/20160801.jpg?resize=525%2C300&ssl=1 1.5x"},"classes":[]},{"id":4067,"url":"https:\/\/www.wallendorff.com\/belogue\/2009\/03\/26\/lamy-stait-rieuse-si-tes-dehors\/","url_meta":{"origin":7568,"position":2},"title":"L&rsquo;Amy s&rsquo;tait rieuse si t&rsquo;es dehors.","author":"dpc","date":"26 mars 2009","format":false,"excerpt":"Villa des Platanes, Paris, 14 f\u00e9vrier. \u00a0Woodpigeon \u2013 Oberkampf","rel":"","context":"Dans &quot;DPC&quot;","block_context":{"text":"DPC","link":"https:\/\/www.wallendorff.com\/belogue\/category\/dpc\/"},"img":{"alt_text":"","src":"https:\/\/i0.wp.com\/www.wallendorff.com\/belogue\/wp-content\/uploads\/2015\/04\/200903261.jpg?resize=350%2C200&ssl=1","width":350,"height":200},"classes":[]},{"id":5026,"url":"https:\/\/www.wallendorff.com\/belogue\/2009\/11\/12\/theres-nowhere-left-in-here-to-go\/","url_meta":{"origin":7568,"position":3},"title":"There&rsquo;s nowhere left in here to go.","author":"dpc","date":"12 novembre 2009","format":false,"excerpt":"Cit\u00e9 du Labyrinthe, Paris, 29 juin. \u00a0Woodpigeon \u2013 Songbook \/ The Sound of Us Playing Together","rel":"","context":"Dans &quot;DPC&quot;","block_context":{"text":"DPC","link":"https:\/\/www.wallendorff.com\/belogue\/category\/dpc\/"},"img":{"alt_text":"","src":"https:\/\/i0.wp.com\/www.wallendorff.com\/belogue\/wp-content\/uploads\/2015\/04\/200911121.jpg?resize=350%2C200&ssl=1","width":350,"height":200},"classes":[]},{"id":9599,"url":"https:\/\/www.wallendorff.com\/belogue\/2010\/10\/04\/interlude-7\/","url_meta":{"origin":7568,"position":4},"title":"Interlude.","author":"dpc","date":"4 octobre 2010","format":false,"excerpt":"Rue Berton, Paris, 30 juillet. \u00a0Woodpigeon \u2013 My Denial in Argyle","rel":"","context":"Dans &quot;DPC&quot;","block_context":{"text":"DPC","link":"https:\/\/www.wallendorff.com\/belogue\/category\/dpc\/"},"img":{"alt_text":"","src":"https:\/\/i0.wp.com\/www.wallendorff.com\/belogue\/wp-content\/uploads\/2015\/04\/201010041.jpg?resize=350%2C200&ssl=1","width":350,"height":200},"classes":[]},{"id":9281,"url":"https:\/\/www.wallendorff.com\/belogue\/2010\/09\/19\/woodpigeon-la-fleche-dor-paris\/","url_meta":{"origin":7568,"position":5},"title":"Woodpigeon @ la Fl\u00e8che d&rsquo;Or, Paris.","author":"dpc","date":"19 septembre 2010","format":false,"excerpt":"Lonely Kiss | The Allison Yip School for Girls | Oberkampf | Knock Knock | The Saddest Music in the World | I Know a Lot of Places | ... And as the Ship Went Down, You'd Never Looked Finer Un rapide set de 40 minutes par le Mark Hamilton\u2026","rel":"","context":"Dans &quot;Alive&quot;","block_context":{"text":"Alive","link":"https:\/\/www.wallendorff.com\/belogue\/category\/alive\/"},"img":{"alt_text":"","src":"https:\/\/i0.wp.com\/www.wallendorff.com\/belogue\/wp-content\/uploads\/2015\/04\/201009191.jpg?resize=350%2C200&ssl=1","width":350,"height":200,"srcset":"https:\/\/i0.wp.com\/www.wallendorff.com\/belogue\/wp-content\/uploads\/2015\/04\/201009191.jpg?resize=350%2C200&ssl=1 1x, https:\/\/i0.wp.com\/www.wallendorff.com\/belogue\/wp-content\/uploads\/2015\/04\/201009191.jpg?resize=525%2C300&ssl=1 1.5x, https:\/\/i0.wp.com\/www.wallendorff.com\/belogue\/wp-content\/uploads\/2015\/04\/201009191.jpg?resize=700%2C400&ssl=1 2x"},"classes":[]}],"_links":{"self":[{"href":"https:\/\/www.wallendorff.com\/belogue\/wp-json\/wp\/v2\/posts\/7568","targetHints":{"allow":["GET"]}}],"collection":[{"href":"https:\/\/www.wallendorff.com\/belogue\/wp-json\/wp\/v2\/posts"}],"about":[{"href":"https:\/\/www.wallendorff.com\/belogue\/wp-json\/wp\/v2\/types\/post"}],"author":[{"embeddable":true,"href":"https:\/\/www.wallendorff.com\/belogue\/wp-json\/wp\/v2\/users\/1"}],"replies":[{"embeddable":true,"href":"https:\/\/www.wallendorff.com\/belogue\/wp-json\/wp\/v2\/comments?post=7568"}],"version-history":[{"count":1,"href":"https:\/\/www.wallendorff.com\/belogue\/wp-json\/wp\/v2\/posts\/7568\/revisions"}],"predecessor-version":[{"id":14834,"href":"https:\/\/www.wallendorff.com\/belogue\/wp-json\/wp\/v2\/posts\/7568\/revisions\/14834"}],"wp:featuredmedia":[{"embeddable":true,"href":"https:\/\/www.wallendorff.com\/belogue\/wp-json\/wp\/v2\/media\/25768"}],"wp:attachment":[{"href":"https:\/\/www.wallendorff.com\/belogue\/wp-json\/wp\/v2\/media?parent=7568"}],"wp:term":[{"taxonomy":"category","embeddable":true,"href":"https:\/\/www.wallendorff.com\/belogue\/wp-json\/wp\/v2\/categories?post=7568"},{"taxonomy":"post_tag","embeddable":true,"href":"https:\/\/www.wallendorff.com\/belogue\/wp-json\/wp\/v2\/tags?post=7568"}],"curies":[{"name":"wp","href":"https:\/\/api.w.org\/{rel}","templated":true}]}}