{"id":756,"date":"2004-06-24T22:48:53","date_gmt":"2004-06-24T22:48:53","guid":{"rendered":"http:\/\/www.po-l.com\/wordpress\/?p=756"},"modified":"2012-06-21T10:03:40","modified_gmt":"2012-06-21T08:03:40","slug":"une-belle-statue","status":"publish","type":"post","link":"https:\/\/www.wallendorff.com\/belogue\/2004\/06\/24\/une-belle-statue\/","title":{"rendered":"Une belle statue."},"content":{"rendered":"<div id=\"photo\">\n<p><img decoding=\"async\" src=\"https:\/\/www.wallendorff.com\/belogue\/photo\/2004\/06\/21.jpg\"><\/p>\n<\/div>\n<p>Et apr\u00e8s celle-l\u00e0 j&rsquo;arr\u00eate de parler de basket. Parce que je sais pas si je vous ai dit, mais en fait j&rsquo;en ai rien \u00e0 taper, du basket.<\/p>\n<div id=\"bandeson\">\n<p><img decoding=\"async\" src=\"https:\/\/www.wallendorff.com\/belogue\/photo\/pochettes\/d\/dionysos-whatever_the_weather_electrique.jpg\" align=\"left\" \/>&nbsp;<a href=\"http:\/\/www.dionyweb.com\/\">Dionysos<\/a> &ndash; <em>Surfin&rsquo; Frog<\/em> (live)<\/p>\n<\/p><\/div>\n","protected":false},"excerpt":{"rendered":"<p>Et apr\u00e8s celle-l\u00e0 j&rsquo;arr\u00eate de parler de basket. Parce que je sais pas si je vous ai dit, mais en fait j&rsquo;en ai rien \u00e0 taper, du basket. &nbsp;Dionysos &ndash; Surfin&rsquo; Frog (live)<\/p>\n","protected":false},"author":1,"featured_media":24698,"comment_status":"open","ping_status":"open","sticky":false,"template":"","format":"standard","meta":{"_acf_changed":false,"ngg_post_thumbnail":0,"jetpack_post_was_ever_published":false,"_jetpack_newsletter_access":"","_jetpack_dont_email_post_to_subs":false,"_jetpack_newsletter_tier_id":0,"_jetpack_memberships_contains_paywalled_content":false,"_jetpack_memberships_contains_paid_content":false,"footnotes":"","jetpack_publicize_message":"","jetpack_publicize_feature_enabled":true,"jetpack_social_post_already_shared":false,"jetpack_social_options":{"image_generator_settings":{"template":"highway","default_image_id":0,"font":"","enabled":false},"version":2}},"categories":[3],"tags":[148,10099,103,10113,55,54,10227,105,3515],"class_list":["post-756","post","type-post","status-publish","format-standard","has-post-thumbnail","hentry","category-dpc","tag-a80","tag-detroit","tag-detroit-pistons","tag-dionysos","tag-etats-unis","tag-michigan","tag-statue","tag-surfin-frog","tag-the-spirit-of-detroit"],"acf":[],"geo":{"latitude":42.3292809,"longitude":-83.0445786,"description":null},"jetpack_publicize_connections":[],"jetpack_featured_media_url":"https:\/\/www.wallendorff.com\/belogue\/wp-content\/uploads\/2015\/04\/217.jpg","jetpack_shortlink":"https:\/\/wp.me\/p3b35P-cc","jetpack_sharing_enabled":true,"jetpack-related-posts":[{"id":4984,"url":"https:\/\/www.wallendorff.com\/belogue\/2009\/11\/04\/les-digues-a-gars\/","url_meta":{"origin":756,"position":0},"title":"Les digues \u00e0 gars.","author":"dpc","date":"4 novembre 2009","format":false,"excerpt":"Rue de Nantes, Paris, 31 mai. Bien s\u00fbr pour voir un rapport entre la photo et le titre il faut penser \u00e0 des gars qui aiment entrer chez toi par les fen\u00eatres comme Dawson-de-dans-Dawson, Rom\u00e9o Montaigu de dans Rom\u00e9o et Juyette1 ou les m\u00e9chants de dans Le 11 Septembre. Sinon\u2026","rel":"","context":"Dans &quot;DPC&quot;","block_context":{"text":"DPC","link":"https:\/\/www.wallendorff.com\/belogue\/category\/dpc\/"},"img":{"alt_text":"","src":"https:\/\/i0.wp.com\/www.wallendorff.com\/belogue\/wp-content\/uploads\/2015\/04\/200911041.jpg?resize=350%2C200&ssl=1","width":350,"height":200},"classes":[]},{"id":6137,"url":"https:\/\/www.wallendorff.com\/belogue\/2010\/01\/19\/la-vint-juste-yves-il-aimoie-rien1\/","url_meta":{"origin":756,"position":1},"title":"L\u00e0 vint juste Yves. Il aimoit rien1.","author":"dpc","date":"19 janvier 2010","format":false,"excerpt":"Cath\u00e9drale Notre-Dame, Strasbourg, 26 d\u00e9cembre 2009. \u00a0The Greenhornes \u2013 No More Je sais, je sais, elle rappelle beaucoup celle-l\u00e0 mais c'est pas moi m'dame c'est la faute des Greenhornes. [Des Greenhornes qui, soit dit en passant, seraient bien avis\u00e9s de nous refaire un disque avant qu'on use celui-l\u00e0 jusqu'\u00e0 la\u2026","rel":"","context":"Dans &quot;DPC&quot;","block_context":{"text":"DPC","link":"https:\/\/www.wallendorff.com\/belogue\/category\/dpc\/"},"img":{"alt_text":"","src":"https:\/\/i0.wp.com\/www.wallendorff.com\/belogue\/wp-content\/uploads\/2015\/04\/201001191.jpg?resize=350%2C200&ssl=1","width":350,"height":200},"classes":[]},{"id":49302,"url":"https:\/\/www.wallendorff.com\/belogue\/2021\/08\/28\/festival-face-b-charleville-mezieres-27-aout-2021\/","url_meta":{"origin":756,"position":2},"title":"Festival Face B, Charleville-M\u00e9zi\u00e8res, 27 ao\u00fbt 2021.","author":"dpc","date":"28 ao\u00fbt 2021","format":false,"excerpt":"Avec Dionysos, Benjamin Biolay et l'Imp\u00e9ratrice. Festival Face B, Charleville-M\u00e9zi\u00e8res, 27\/08\/2021 Festival Face B, Charleville-M\u00e9zi\u00e8res, 27\/08\/2021 Festival Face B, Charleville-M\u00e9zi\u00e8res, 27\/08\/2021 Festival Face B, Charleville-M\u00e9zi\u00e8res, 27\/08\/2021 Dionysos @ Festival Face B, Charleville-M\u00e9zi\u00e8res, 27\/08\/2021 Festival Face B, Charleville-M\u00e9zi\u00e8res, 27\/08\/2021 Dionysos @ Festival Face B, Charleville-M\u00e9zi\u00e8res, 27\/08\/2021 Festival Face B, Charleville-M\u00e9zi\u00e8res, 27\/08\/2021\u2026","rel":"","context":"Dans &quot;Alive&quot;","block_context":{"text":"Alive","link":"https:\/\/www.wallendorff.com\/belogue\/category\/alive\/"},"img":{"alt_text":"","src":"https:\/\/i0.wp.com\/www.wallendorff.com\/belogue\/wp-content\/uploads\/2021\/08\/20210828-25.jpg?resize=350%2C200&ssl=1","width":350,"height":200,"srcset":"https:\/\/i0.wp.com\/www.wallendorff.com\/belogue\/wp-content\/uploads\/2021\/08\/20210828-25.jpg?resize=350%2C200&ssl=1 1x, https:\/\/i0.wp.com\/www.wallendorff.com\/belogue\/wp-content\/uploads\/2021\/08\/20210828-25.jpg?resize=525%2C300&ssl=1 1.5x, https:\/\/i0.wp.com\/www.wallendorff.com\/belogue\/wp-content\/uploads\/2021\/08\/20210828-25.jpg?resize=700%2C400&ssl=1 2x, https:\/\/i0.wp.com\/www.wallendorff.com\/belogue\/wp-content\/uploads\/2021\/08\/20210828-25.jpg?resize=1050%2C600&ssl=1 3x"},"classes":[]},{"id":19266,"url":"https:\/\/www.wallendorff.com\/belogue\/2012\/10\/12\/dionysos-lolympia-paris-11-octobre\/","url_meta":{"origin":756,"position":3},"title":"Dionysos @ l&rsquo;Olympia, Paris, 11 octobre.","author":"dpc","date":"12 octobre 2012","format":false,"excerpt":"Bird 'n' Roll | June Carter en slim | Tais-toi mon c\u0153ur | Dreamoscope | Le Grand cheval aux yeux gris | Coccinelle | Le Jour le plus froid du monde | Miss Acacia | Mc Enroe's Poetry | Cloudman | Song for Jedi | Can I | Spidergirl ||\u2026","rel":"","context":"Dans &quot;Alive&quot;","block_context":{"text":"Alive","link":"https:\/\/www.wallendorff.com\/belogue\/category\/alive\/"},"img":{"alt_text":"","src":"https:\/\/i0.wp.com\/www.wallendorff.com\/belogue\/wp-content\/uploads\/2015\/04\/201210131.jpg?resize=350%2C200&ssl=1","width":350,"height":200,"srcset":"https:\/\/i0.wp.com\/www.wallendorff.com\/belogue\/wp-content\/uploads\/2015\/04\/201210131.jpg?resize=350%2C200&ssl=1 1x, https:\/\/i0.wp.com\/www.wallendorff.com\/belogue\/wp-content\/uploads\/2015\/04\/201210131.jpg?resize=525%2C300&ssl=1 1.5x, https:\/\/i0.wp.com\/www.wallendorff.com\/belogue\/wp-content\/uploads\/2015\/04\/201210131.jpg?resize=700%2C400&ssl=1 2x"},"classes":[]},{"id":23008,"url":"https:\/\/www.wallendorff.com\/belogue\/2014\/06\/21\/dix-ans-de-concerts-22\/","url_meta":{"origin":756,"position":4},"title":"Dix ans de concerts [2\/2].","author":"dpc","date":"21 juin 2014","format":false,"excerpt":"Dix ans de chroniques de concerts qui parlent pas vraiment du concert Parce qu'il arrive, dans la vie, qu'on d\u00e9cide de parler un petit peu du concert de l'artiste, oui, mais surtout\u00a0: Du collier de guitares de l'artiste (Mclusky, Magic Stick, D\u00e9troit, 12 octobre 2004). Des draps de la chambre\u2026","rel":"","context":"Dans &quot;DPC&quot;","block_context":{"text":"DPC","link":"https:\/\/www.wallendorff.com\/belogue\/category\/dpc\/"},"img":{"alt_text":"","src":"https:\/\/i0.wp.com\/www.wallendorff.com\/belogue\/wp-content\/uploads\/2015\/04\/20110624-161.jpg?resize=350%2C200&ssl=1","width":350,"height":200,"srcset":"https:\/\/i0.wp.com\/www.wallendorff.com\/belogue\/wp-content\/uploads\/2015\/04\/20110624-161.jpg?resize=350%2C200&ssl=1 1x, https:\/\/i0.wp.com\/www.wallendorff.com\/belogue\/wp-content\/uploads\/2015\/04\/20110624-161.jpg?resize=525%2C300&ssl=1 1.5x, https:\/\/i0.wp.com\/www.wallendorff.com\/belogue\/wp-content\/uploads\/2015\/04\/20110624-161.jpg?resize=700%2C400&ssl=1 2x"},"classes":[]},{"id":18794,"url":"https:\/\/www.wallendorff.com\/belogue\/2012\/08\/27\/rock-en-seine-2012-jour-1\/","url_meta":{"origin":756,"position":5},"title":"Rock en Seine 2012, jour 1.","author":"dpc","date":"27 ao\u00fbt 2012","format":false,"excerpt":"Ou \u00ab\u00a0comment je me suis pris un chanteur de Dionysos sur le nez\u00a0\u00bb. La suite par l\u00e0. Sleigh Bells \u2013 Crush \u00a0","rel":"","context":"Dans &quot;Alive&quot;","block_context":{"text":"Alive","link":"https:\/\/www.wallendorff.com\/belogue\/category\/alive\/"},"img":{"alt_text":"","src":"https:\/\/i0.wp.com\/www.wallendorff.com\/belogue\/wp-content\/uploads\/2015\/04\/20120827-011.jpg?resize=350%2C200&ssl=1","width":350,"height":200,"srcset":"https:\/\/i0.wp.com\/www.wallendorff.com\/belogue\/wp-content\/uploads\/2015\/04\/20120827-011.jpg?resize=350%2C200&ssl=1 1x, https:\/\/i0.wp.com\/www.wallendorff.com\/belogue\/wp-content\/uploads\/2015\/04\/20120827-011.jpg?resize=525%2C300&ssl=1 1.5x, https:\/\/i0.wp.com\/www.wallendorff.com\/belogue\/wp-content\/uploads\/2015\/04\/20120827-011.jpg?resize=700%2C400&ssl=1 2x"},"classes":[]}],"_links":{"self":[{"href":"https:\/\/www.wallendorff.com\/belogue\/wp-json\/wp\/v2\/posts\/756","targetHints":{"allow":["GET"]}}],"collection":[{"href":"https:\/\/www.wallendorff.com\/belogue\/wp-json\/wp\/v2\/posts"}],"about":[{"href":"https:\/\/www.wallendorff.com\/belogue\/wp-json\/wp\/v2\/types\/post"}],"author":[{"embeddable":true,"href":"https:\/\/www.wallendorff.com\/belogue\/wp-json\/wp\/v2\/users\/1"}],"replies":[{"embeddable":true,"href":"https:\/\/www.wallendorff.com\/belogue\/wp-json\/wp\/v2\/comments?post=756"}],"version-history":[{"count":1,"href":"https:\/\/www.wallendorff.com\/belogue\/wp-json\/wp\/v2\/posts\/756\/revisions"}],"predecessor-version":[{"id":17841,"href":"https:\/\/www.wallendorff.com\/belogue\/wp-json\/wp\/v2\/posts\/756\/revisions\/17841"}],"wp:featuredmedia":[{"embeddable":true,"href":"https:\/\/www.wallendorff.com\/belogue\/wp-json\/wp\/v2\/media\/24698"}],"wp:attachment":[{"href":"https:\/\/www.wallendorff.com\/belogue\/wp-json\/wp\/v2\/media?parent=756"}],"wp:term":[{"taxonomy":"category","embeddable":true,"href":"https:\/\/www.wallendorff.com\/belogue\/wp-json\/wp\/v2\/categories?post=756"},{"taxonomy":"post_tag","embeddable":true,"href":"https:\/\/www.wallendorff.com\/belogue\/wp-json\/wp\/v2\/tags?post=756"}],"curies":[{"name":"wp","href":"https:\/\/api.w.org\/{rel}","templated":true}]}}