{"id":7544,"date":"2010-05-17T09:47:23","date_gmt":"2010-05-17T07:47:23","guid":{"rendered":"http:\/\/www.po-l.com\/belogue\/?p=7544"},"modified":"2012-02-21T12:30:20","modified_gmt":"2012-02-21T10:30:20","slug":"guess-i-died-a-while-ago","status":"publish","type":"post","link":"https:\/\/www.wallendorff.com\/belogue\/2010\/05\/17\/guess-i-died-a-while-ago\/","title":{"rendered":"Guess I died a while ago."},"content":{"rendered":"\n<div id=\"photo\">\n<p><img decoding=\"async\" src=\"https:\/\/www.wallendorff.com\/belogue\/photo\/2010\/05\/20100517.jpg\" \/><br \/>\nRue Mahler, Paris, 10 avril.<\/p>\n<\/p><\/div>\n<div id=\"bandeson\">\n<p><img decoding=\"async\" src=\"https:\/\/www.wallendorff.com\/belogue\/photo\/pochettes\/v\/veils_the-nux_vomica.jpg\" align=\"left\" \/>&nbsp;<a href=\"http:\/\/www.theveils.com\/\">The Veils<\/a> &ndash; <em>Nux Vomica<\/em><\/p>\n<\/p><\/div>\n","protected":false},"excerpt":{"rendered":"<p>Rue Mahler, Paris, 10 avril. &nbsp;The Veils &ndash; Nux Vomica<\/p>\n","protected":false},"author":1,"featured_media":25763,"comment_status":"open","ping_status":"open","sticky":false,"template":"","format":"standard","meta":{"_acf_changed":false,"ngg_post_thumbnail":0,"jetpack_post_was_ever_published":false,"_jetpack_newsletter_access":"","_jetpack_dont_email_post_to_subs":false,"_jetpack_newsletter_tier_id":0,"_jetpack_memberships_contains_paywalled_content":false,"_jetpack_memberships_contains_paid_content":false,"footnotes":"","jetpack_publicize_message":"","jetpack_publicize_feature_enabled":true,"jetpack_social_post_already_shared":false,"jetpack_social_options":{"image_generator_settings":{"template":"highway","default_image_id":0,"font":"","enabled":false},"version":2}},"categories":[3],"tags":[10277,737,2571,2615,10144,10500,10120,10121,10646,1793,10098,3777,811],"class_list":["post-7544","post","type-post","status-publish","format-standard","has-post-thumbnail","hentry","category-dpc","tag-10277","tag-bleu","tag-ef-16-35-mm-f28l-ii-usm","tag-eos-5d-mark-ii","tag-ciel","tag-contre-plongee","tag-france","tag-ile-de-france","tag-immeuble","tag-nux-vomica","tag-paris","tag-rue-mahler","tag-the-veils"],"acf":[],"geo":{"latitude":48.8564453,"longitude":2.3612671,"description":"13 Rue Malher, 75004 Paris, France"},"jetpack_publicize_connections":[],"jetpack_featured_media_url":"https:\/\/www.wallendorff.com\/belogue\/wp-content\/uploads\/2015\/04\/201005171.jpg","jetpack_shortlink":"https:\/\/wp.me\/p3b35P-1XG","jetpack_sharing_enabled":true,"jetpack-related-posts":[{"id":809,"url":"https:\/\/www.wallendorff.com\/belogue\/2006\/10\/20\/tiens-voila-tu-boudes-hein\/","url_meta":{"origin":7544,"position":0},"title":"Tiens, voil\u00e0 tu boudes, hein ?","author":"dpc","date":"20 octobre 2006","format":false,"excerpt":"Dolf \u00ab\u00a0Rage against les limiteurs de d\u00e9cibels qui emp\u00eachent de jouer MF From Hell \u00e0 462\u00a0dB en rond\u00a0\u00bb Datsun, La Boule Noire, Paris, 17 octobre. J'aurais pu en faire un Shooting people, \u00e0 bien y r\u00e9fl\u00e9chir, mais\u00a0: \u00c0 force, c'est prise de t\u00eate les trucs en s\u00e9rie. Un bon vieux\u2026","rel":"","context":"Dans &quot;DPC&quot;","block_context":{"text":"DPC","link":"https:\/\/www.wallendorff.com\/belogue\/category\/dpc\/"},"img":{"alt_text":"","src":"https:\/\/i0.wp.com\/www.wallendorff.com\/belogue\/wp-content\/uploads\/2015\/04\/200610201.jpg?resize=350%2C200&ssl=1","width":350,"height":200},"classes":[]},{"id":994,"url":"https:\/\/www.wallendorff.com\/belogue\/2007\/07\/16\/shooting-people-12\/","url_meta":{"origin":7544,"position":1},"title":"Shooting people #12.","author":"dpc","date":"16 juillet 2007","format":false,"excerpt":"POP Bercy, Paris, 30 mai. Alors que la France enti\u00e8re se remet doucement de la c\u00e9l\u00e9bration du 10e anniversaire des White Stripes de samedi \u2015\u00a0une c\u00e9l\u00e9bration par ailleurs \u00e9tonnante d'ampleur et dont les nombreux et spontan\u00e9s feux d'artifices de joie firent grand plaisir \u00e0 voir, m\u00eame si je me demande\u2026","rel":"","context":"Dans &quot;Portraits&quot;","block_context":{"text":"Portraits","link":"https:\/\/www.wallendorff.com\/belogue\/category\/portraits\/"},"img":{"alt_text":"","src":"https:\/\/i0.wp.com\/www.wallendorff.com\/belogue\/wp-content\/uploads\/2015\/04\/200707161.jpg?resize=350%2C200&ssl=1","width":350,"height":200},"classes":[]},{"id":20290,"url":"https:\/\/www.wallendorff.com\/belogue\/2006\/09\/18\/nux-vomica\/","url_meta":{"origin":7544,"position":2},"title":"Nux Vomica","author":"dpc","date":"18 septembre 2006","format":false,"excerpt":"Rough Trade_43\u201922\u201d_18\/09 Nux Vomica, ou noix vomique en fran\u00e7ais. Un arbre dont on tire la strychnine, un alcalo\u00efde stimulant \u00e0 faibles doses mais mortel lorsque ing\u00e9r\u00e9 en quantit\u00e9s moyennes. C\u00f4t\u00e9 rock n\u2019roll, Nux Vomica est le second album du groupe d\u2019un prodige de 22 ans, Finn Andrews \u2014\u00a0fils d\u2019un membre\u2026","rel":"","context":"Dans &quot;Chroniques&quot;","block_context":{"text":"Chroniques","link":"https:\/\/www.wallendorff.com\/belogue\/category\/chroniques\/"},"img":{"alt_text":"","src":"","width":0,"height":0},"classes":[]},{"id":20693,"url":"https:\/\/www.wallendorff.com\/belogue\/2013\/03\/26\/navion-ii\/","url_meta":{"origin":7544,"position":3},"title":"Navion [II].","author":"dpc","date":"26 mars 2013","format":false,"excerpt":"A\u00e9roport Paris-Charles-de-Gaulle, 8 f\u00e9vrier. [Joyeux anniversaire.] Through the Deep, Dark WoodsThe Veils","rel":"","context":"Dans &quot;DPC&quot;","block_context":{"text":"DPC","link":"https:\/\/www.wallendorff.com\/belogue\/category\/dpc\/"},"img":{"alt_text":"","src":"https:\/\/i0.wp.com\/www.wallendorff.com\/belogue\/wp-content\/uploads\/2015\/04\/20130326.jpg?resize=350%2C200&ssl=1","width":350,"height":200,"srcset":"https:\/\/i0.wp.com\/www.wallendorff.com\/belogue\/wp-content\/uploads\/2015\/04\/20130326.jpg?resize=350%2C200&ssl=1 1x, https:\/\/i0.wp.com\/www.wallendorff.com\/belogue\/wp-content\/uploads\/2015\/04\/20130326.jpg?resize=525%2C300&ssl=1 1.5x"},"classes":[]},{"id":32175,"url":"https:\/\/www.wallendorff.com\/belogue\/2016\/08\/23\/shooting-people-122\/","url_meta":{"origin":7544,"position":4},"title":"Shooting people #122.","author":"dpc","date":"23 ao\u00fbt 2016","format":false,"excerpt":"Rue Laferri\u00e8re, Paris, 5 juillet. S\u00e9rie ex\u00e9cut\u00e9e dans le cadre de cette interview-ci, par notre Louis Teyssedou national. On m'a convoqu\u00e9 au m\u00eame endroit que ce jour-l\u00e0. Je tombe sur lui d\u00e8s ma sortie du m\u00e9tro, en pleine session avec elle. Deux bises, une poign\u00e9e de main. Je les laisse\u2026","rel":"","context":"Dans &quot;Portraits&quot;","block_context":{"text":"Portraits","link":"https:\/\/www.wallendorff.com\/belogue\/category\/portraits\/"},"img":{"alt_text":"","src":"https:\/\/i0.wp.com\/www.wallendorff.com\/belogue\/wp-content\/uploads\/2016\/08\/20160823-05-1.jpg?resize=350%2C200&ssl=1","width":350,"height":200,"srcset":"https:\/\/i0.wp.com\/www.wallendorff.com\/belogue\/wp-content\/uploads\/2016\/08\/20160823-05-1.jpg?resize=350%2C200&ssl=1 1x, https:\/\/i0.wp.com\/www.wallendorff.com\/belogue\/wp-content\/uploads\/2016\/08\/20160823-05-1.jpg?resize=525%2C300&ssl=1 1.5x, https:\/\/i0.wp.com\/www.wallendorff.com\/belogue\/wp-content\/uploads\/2016\/08\/20160823-05-1.jpg?resize=700%2C400&ssl=1 2x"},"classes":[]},{"id":4019,"url":"https:\/\/www.wallendorff.com\/belogue\/2009\/03\/14\/drou-the-candy-kid-le-vieux-leon-paris\/","url_meta":{"origin":7544,"position":5},"title":"Drou &#038; the Candy Kid @ le Vieux L\u00e9on, Paris.","author":"dpc","date":"14 mars 2009","format":false,"excerpt":"\u00a0 The Veils \u2013 Three Sisters [Je sais, \u00e7a manque de Candy Kid. Mais je me rattraperai.]","rel":"","context":"Dans &quot;Alive&quot;","block_context":{"text":"Alive","link":"https:\/\/www.wallendorff.com\/belogue\/category\/alive\/"},"img":{"alt_text":"","src":"https:\/\/i0.wp.com\/www.wallendorff.com\/belogue\/wp-content\/uploads\/2015\/04\/200903141.jpg?resize=350%2C200&ssl=1","width":350,"height":200,"srcset":"https:\/\/i0.wp.com\/www.wallendorff.com\/belogue\/wp-content\/uploads\/2015\/04\/200903141.jpg?resize=350%2C200&ssl=1 1x, https:\/\/i0.wp.com\/www.wallendorff.com\/belogue\/wp-content\/uploads\/2015\/04\/200903141.jpg?resize=525%2C300&ssl=1 1.5x, https:\/\/i0.wp.com\/www.wallendorff.com\/belogue\/wp-content\/uploads\/2015\/04\/200903141.jpg?resize=700%2C400&ssl=1 2x"},"classes":[]}],"_links":{"self":[{"href":"https:\/\/www.wallendorff.com\/belogue\/wp-json\/wp\/v2\/posts\/7544","targetHints":{"allow":["GET"]}}],"collection":[{"href":"https:\/\/www.wallendorff.com\/belogue\/wp-json\/wp\/v2\/posts"}],"about":[{"href":"https:\/\/www.wallendorff.com\/belogue\/wp-json\/wp\/v2\/types\/post"}],"author":[{"embeddable":true,"href":"https:\/\/www.wallendorff.com\/belogue\/wp-json\/wp\/v2\/users\/1"}],"replies":[{"embeddable":true,"href":"https:\/\/www.wallendorff.com\/belogue\/wp-json\/wp\/v2\/comments?post=7544"}],"version-history":[{"count":1,"href":"https:\/\/www.wallendorff.com\/belogue\/wp-json\/wp\/v2\/posts\/7544\/revisions"}],"predecessor-version":[{"id":16007,"href":"https:\/\/www.wallendorff.com\/belogue\/wp-json\/wp\/v2\/posts\/7544\/revisions\/16007"}],"wp:featuredmedia":[{"embeddable":true,"href":"https:\/\/www.wallendorff.com\/belogue\/wp-json\/wp\/v2\/media\/25763"}],"wp:attachment":[{"href":"https:\/\/www.wallendorff.com\/belogue\/wp-json\/wp\/v2\/media?parent=7544"}],"wp:term":[{"taxonomy":"category","embeddable":true,"href":"https:\/\/www.wallendorff.com\/belogue\/wp-json\/wp\/v2\/categories?post=7544"},{"taxonomy":"post_tag","embeddable":true,"href":"https:\/\/www.wallendorff.com\/belogue\/wp-json\/wp\/v2\/tags?post=7544"}],"curies":[{"name":"wp","href":"https:\/\/api.w.org\/{rel}","templated":true}]}}