{"id":7538,"date":"2010-05-14T12:16:36","date_gmt":"2010-05-14T10:16:36","guid":{"rendered":"http:\/\/www.po-l.com\/belogue\/?p=7538"},"modified":"2012-03-13T12:51:11","modified_gmt":"2012-03-13T10:51:11","slug":"just-dont-have-the-proper-tools","status":"publish","type":"post","link":"https:\/\/www.wallendorff.com\/belogue\/2010\/05\/14\/just-dont-have-the-proper-tools\/","title":{"rendered":"Just don&rsquo;t have the proper tools."},"content":{"rendered":"\n<div id=\"photo\">\n<p><img decoding=\"async\" src=\"https:\/\/www.wallendorff.com\/belogue\/photo\/2010\/05\/20100514.jpg\" \/><br \/>\nRue de Turenne, Paris, 10 avril.<\/p>\n<\/p><\/div>\n<div id=\"bandeson\">\n<p><img decoding=\"async\" src=\"https:\/\/www.wallendorff.com\/belogue\/photo\/pochettes\/f\/frightened_rabbit-the_midnight_organ_fight.jpg\" align=\"left\" \/>&nbsp;<a href=\"http:\/\/www.frightenedrabbit.com\/\">Frightened Rabbit<\/a> &ndash; <em>My Backwards Walk<\/em><\/p>\n<\/p><\/div>\n","protected":false},"excerpt":{"rendered":"<p>Rue de Turenne, Paris, 10 avril. &nbsp;Frightened Rabbit &ndash; My Backwards Walk<\/p>\n","protected":false},"author":1,"featured_media":25761,"comment_status":"open","ping_status":"open","sticky":false,"template":"","format":"standard","meta":{"_acf_changed":false,"ngg_post_thumbnail":0,"jetpack_post_was_ever_published":false,"_jetpack_newsletter_access":"","_jetpack_dont_email_post_to_subs":false,"_jetpack_newsletter_tier_id":0,"_jetpack_memberships_contains_paywalled_content":false,"_jetpack_memberships_contains_paid_content":false,"footnotes":"","jetpack_publicize_message":"","jetpack_publicize_feature_enabled":true,"jetpack_social_post_already_shared":false,"jetpack_social_options":{"image_generator_settings":{"template":"highway","default_image_id":0,"font":"","enabled":false},"version":2}},"categories":[3],"tags":[10336,2571,2615,10620,10210,10307,10120,10709,10121,3772,143,10098,10638,3771],"class_list":["post-7538","post","type-post","status-publish","format-standard","has-post-thumbnail","hentry","category-dpc","tag-10336","tag-ef-16-35-mm-f28l-ii-usm","tag-eos-5d-mark-ii","tag-cour","tag-escalier","tag-fenetre","tag-france","tag-frightened-rabbit","tag-ile-de-france","tag-my-backwards-walk","tag-noir-et-blanc","tag-paris","tag-rampe","tag-rue-de-turenne"],"acf":[],"geo":{"latitude":48.8605461,"longitude":2.365236,"description":"7 Impasse Saint-Claude, 75003 Paris, France"},"jetpack_publicize_connections":[],"jetpack_featured_media_url":"https:\/\/www.wallendorff.com\/belogue\/wp-content\/uploads\/2015\/04\/201005141.jpg","jetpack_shortlink":"https:\/\/wp.me\/p3b35P-1XA","jetpack_sharing_enabled":true,"jetpack-related-posts":[{"id":20501,"url":"https:\/\/www.wallendorff.com\/belogue\/2013\/02\/22\/chiot-devant\/","url_meta":{"origin":7538,"position":0},"title":"Chiot devant.","author":"dpc","date":"22 f\u00e9vrier 2013","format":false,"excerpt":"Place des Abbesses, Paris, 13 janvier. The WoodpileFrightened Rabbit","rel":"","context":"Dans &quot;Shooting doggies&quot;","block_context":{"text":"Shooting doggies","link":"https:\/\/www.wallendorff.com\/belogue\/category\/shooting-doggies\/"},"img":{"alt_text":"","src":"https:\/\/i0.wp.com\/www.wallendorff.com\/belogue\/wp-content\/uploads\/2015\/04\/20130222.jpg?resize=350%2C200&ssl=1","width":350,"height":200,"srcset":"https:\/\/i0.wp.com\/www.wallendorff.com\/belogue\/wp-content\/uploads\/2015\/04\/20130222.jpg?resize=350%2C200&ssl=1 1x, https:\/\/i0.wp.com\/www.wallendorff.com\/belogue\/wp-content\/uploads\/2015\/04\/20130222.jpg?resize=525%2C300&ssl=1 1.5x"},"classes":[]},{"id":7312,"url":"https:\/\/www.wallendorff.com\/belogue\/2010\/03\/26\/kant-aux-nems-on-ne-conte-pas\/","url_meta":{"origin":7538,"position":1},"title":"Kant aux nems on ne conte pas.","author":"dpc","date":"26 mars 2010","format":false,"excerpt":"Rue du Docteur Potain, Paris, 6 mars. C'est effectivement un gros plan sur la porte de l'immeuble d'hier. Vous pouvez hurler au scandale. \u00a0Frightened Rabbit \u2013 Swim Until You Can't See Land","rel":"","context":"Dans &quot;DPC&quot;","block_context":{"text":"DPC","link":"https:\/\/www.wallendorff.com\/belogue\/category\/dpc\/"},"img":{"alt_text":"","src":"https:\/\/i0.wp.com\/www.wallendorff.com\/belogue\/wp-content\/uploads\/2015\/04\/201003261.jpg?resize=350%2C200&ssl=1","width":350,"height":200},"classes":[]},{"id":10157,"url":"https:\/\/www.wallendorff.com\/belogue\/2010\/12\/01\/tomes-egeries\/","url_meta":{"origin":7538,"position":2},"title":"Tomes-\u00e9g\u00e9ries.","author":"dpc","date":"1 d\u00e9cembre 2010","format":false,"excerpt":"Biblioth\u00e8que des Amis de l'Instruction, Paris, 18 septembre. La biblioth\u00e8que des Amis de l'Instruction, \u00e9quivalent francophone de Shakespeare & Co., \u00e0 part qu'on n'y vend rien et qu'on ne peut y entrer tous les jours, mais vaut tout autant le d\u00e9tour. Si vous le pouvez, allez-y. The Head and the\u2026","rel":"","context":"Dans &quot;DPC&quot;","block_context":{"text":"DPC","link":"https:\/\/www.wallendorff.com\/belogue\/category\/dpc\/"},"img":{"alt_text":"","src":"https:\/\/i0.wp.com\/www.wallendorff.com\/belogue\/wp-content\/uploads\/2015\/04\/201012011.jpg?resize=350%2C200&ssl=1","width":350,"height":200},"classes":[]},{"id":7381,"url":"https:\/\/www.wallendorff.com\/belogue\/2010\/04\/14\/frightened-rabbit-candy-clash-la-fleche-dor-paris\/","url_meta":{"origin":7538,"position":3},"title":"Frightened Rabbit + Candy Clash @ la Fl\u00e8che d&rsquo;Or, Paris.","author":"dpc","date":"14 avril 2010","format":false,"excerpt":"[Va falloir que je pense s\u00e9rieusement \u00e0 arr\u00eater la Fl\u00e8che d'Or et ses lumi\u00e8res moisies.] Candy Clash n'\u00e9volue pas vraiment dans ma ligue, mais plut\u00f4t dans ce genre musical o\u00f9 le chanteur finit invariablement pendu dans sa cuisine avec une corde \u00e0 linge1 la veille de son d\u00e9part en tourn\u00e9e\u2026","rel":"","context":"Dans &quot;Alive&quot;","block_context":{"text":"Alive","link":"https:\/\/www.wallendorff.com\/belogue\/category\/alive\/"},"img":{"alt_text":"","src":"https:\/\/i0.wp.com\/www.wallendorff.com\/belogue\/wp-content\/uploads\/2015\/04\/201004141.jpg?resize=350%2C200&ssl=1","width":350,"height":200,"srcset":"https:\/\/i0.wp.com\/www.wallendorff.com\/belogue\/wp-content\/uploads\/2015\/04\/201004141.jpg?resize=350%2C200&ssl=1 1x, https:\/\/i0.wp.com\/www.wallendorff.com\/belogue\/wp-content\/uploads\/2015\/04\/201004141.jpg?resize=525%2C300&ssl=1 1.5x, https:\/\/i0.wp.com\/www.wallendorff.com\/belogue\/wp-content\/uploads\/2015\/04\/201004141.jpg?resize=700%2C400&ssl=1 2x"},"classes":[]},{"id":18663,"url":"https:\/\/www.wallendorff.com\/belogue\/2012\/08\/16\/dans-la-bibliotheque-avec-le-chandelier\/","url_meta":{"origin":7538,"position":4},"title":"Dans la biblioth\u00e8que [avec le chandelier].","author":"dpc","date":"16 ao\u00fbt 2012","format":false,"excerpt":"Shakespeare & Co., Paris, 7 juin. Frightened Rabbit \u2013 Not Miserable","rel":"","context":"Dans &quot;DPC&quot;","block_context":{"text":"DPC","link":"https:\/\/www.wallendorff.com\/belogue\/category\/dpc\/"},"img":{"alt_text":"","src":"https:\/\/i0.wp.com\/www.wallendorff.com\/belogue\/wp-content\/uploads\/2015\/04\/201208161.jpg?resize=350%2C200&ssl=1","width":350,"height":200,"srcset":"https:\/\/i0.wp.com\/www.wallendorff.com\/belogue\/wp-content\/uploads\/2015\/04\/201208161.jpg?resize=350%2C200&ssl=1 1x, https:\/\/i0.wp.com\/www.wallendorff.com\/belogue\/wp-content\/uploads\/2015\/04\/201208161.jpg?resize=525%2C300&ssl=1 1.5x, https:\/\/i0.wp.com\/www.wallendorff.com\/belogue\/wp-content\/uploads\/2015\/04\/201208161.jpg?resize=700%2C400&ssl=1 2x"},"classes":[]},{"id":7852,"url":"https:\/\/www.wallendorff.com\/belogue\/2010\/07\/15\/sunny-and-chair\/","url_meta":{"origin":7538,"position":5},"title":"Sunny and chair.","author":"dpc","date":"15 juillet 2010","format":false,"excerpt":"Le D\u00e9nicheur, Paris, 20 juin. Oui un peu facile, oui. \u00a0Frightened Rabbit \u2013 The Loneliness and the Scream","rel":"","context":"Dans &quot;DPC&quot;","block_context":{"text":"DPC","link":"https:\/\/www.wallendorff.com\/belogue\/category\/dpc\/"},"img":{"alt_text":"","src":"https:\/\/i0.wp.com\/www.wallendorff.com\/belogue\/wp-content\/uploads\/2015\/04\/201007151.jpg?resize=350%2C200&ssl=1","width":350,"height":200},"classes":[]}],"_links":{"self":[{"href":"https:\/\/www.wallendorff.com\/belogue\/wp-json\/wp\/v2\/posts\/7538","targetHints":{"allow":["GET"]}}],"collection":[{"href":"https:\/\/www.wallendorff.com\/belogue\/wp-json\/wp\/v2\/posts"}],"about":[{"href":"https:\/\/www.wallendorff.com\/belogue\/wp-json\/wp\/v2\/types\/post"}],"author":[{"embeddable":true,"href":"https:\/\/www.wallendorff.com\/belogue\/wp-json\/wp\/v2\/users\/1"}],"replies":[{"embeddable":true,"href":"https:\/\/www.wallendorff.com\/belogue\/wp-json\/wp\/v2\/comments?post=7538"}],"version-history":[{"count":2,"href":"https:\/\/www.wallendorff.com\/belogue\/wp-json\/wp\/v2\/posts\/7538\/revisions"}],"predecessor-version":[{"id":16366,"href":"https:\/\/www.wallendorff.com\/belogue\/wp-json\/wp\/v2\/posts\/7538\/revisions\/16366"}],"wp:featuredmedia":[{"embeddable":true,"href":"https:\/\/www.wallendorff.com\/belogue\/wp-json\/wp\/v2\/media\/25761"}],"wp:attachment":[{"href":"https:\/\/www.wallendorff.com\/belogue\/wp-json\/wp\/v2\/media?parent=7538"}],"wp:term":[{"taxonomy":"category","embeddable":true,"href":"https:\/\/www.wallendorff.com\/belogue\/wp-json\/wp\/v2\/categories?post=7538"},{"taxonomy":"post_tag","embeddable":true,"href":"https:\/\/www.wallendorff.com\/belogue\/wp-json\/wp\/v2\/tags?post=7538"}],"curies":[{"name":"wp","href":"https:\/\/api.w.org\/{rel}","templated":true}]}}