{"id":750,"date":"2004-07-02T05:44:51","date_gmt":"2004-07-02T05:44:51","guid":{"rendered":"http:\/\/www.po-l.com\/wordpress\/?p=750"},"modified":"2014-01-06T17:08:54","modified_gmt":"2014-01-06T15:08:54","slug":"comerica-tastefest-day-1","status":"publish","type":"post","link":"https:\/\/www.wallendorff.com\/belogue\/2004\/07\/02\/comerica-tastefest-day-1\/","title":{"rendered":"Comerica Tastefest, Day #1."},"content":{"rendered":"<div id=\"photo\">\n<p><img decoding=\"async\" src=\"https:\/\/www.wallendorff.com\/belogue\/photo\/2004\/07\/02.jpg\" \/><\/p>\n<\/div>\n<p>Une soiree  sympa avec Cake, en forme. Ils ont paum\u00e9 leurs bagages&nbsp;\u00e0 l&rsquo;a\u00e9roport, ils sont arriv&eacute;s&nbsp;\u00e0 l&rsquo;arrache, et ils ont pas eu le temps de faire les  balances. R&eacute;sultat&nbsp;: le son est un peu pourri pendant 2-3 chansons.<\/p>\n<p>Pour le  reste c&rsquo;est bien, c&rsquo;est du Cake. Faut dire qu&rsquo;\u00e0 la difference du Rock City Fest de l&rsquo;autre jour, Le Comerica Tastefest, c&rsquo;est plutot une ambiance  familiale, avec les hot-dogs, les ballons et les mecs d\u00e9guis\u00e9s en gobelets  de coca. Les trois quarts du public sont assis, &ccedil;a bouge assez  peu.<\/p>\n<p>Musicalement j&rsquo;ai l&rsquo;impression que Cake s&rsquo;enlise. Ils donnent  l&rsquo;impression de se reposer sur leurs lauriers. On a eu deux nouvelles  chansons, tir\u00e9es d&rsquo;un album&nbsp;\u00e0 para\u00eetre le 5 octobre prochain, qui  sonne comme du Cake, mais en plus pop, donc moins original.<\/p>\n<p>Pour  r\u00e9sumer c&rsquo;\u00e9tait la deuxi\u00e8me fois que je les voyais et j&rsquo;en suis pas  ressorti enchant\u00e9 comme la premi\u00e8re fois.<\/p>\n<p>Ah ouais,  quand m\u00eame&nbsp;: Y a eu le speech anti-Bush. Et \u00e7a c&rsquo;\u00e9tait marrant. Parce que  d&rsquo;habitude, quand le mec sur sc\u00e8ne y va de son speech anti-Bush, toute la  foule suit. Mais l\u00e0, comme je l&rsquo;ai dit, on est au milieu d&rsquo;une sortie  familiale, et la r\u00e9action est tout de suite beaucoup plus mitig\u00e9e, d&rsquo;un  coup.<\/p>\n<p>Pis tiens, tant qu&rsquo;on (re)parle de Bush&nbsp;:<\/p>\n<p>En repartant, on croise un mec qui nous demande si on veut s&rsquo;inscrire sur les  listes \u00e9lectorales. &laquo;&nbsp;Oui mais non, gros, on est des \u00e9trangers&nbsp;&raquo;, qu&rsquo;on lui  dit. Et j&rsquo;en profite pour pr\u00e9ciser que c&rsquo;est une bonne chose qu&rsquo;il veuille  faire voter les gens parce que changer de pr\u00e9sident serait une bonne idee,  je lui dis. Et l\u00e0 il me r\u00e9pond&nbsp;: &laquo;&nbsp;Certes, mon bon monsieur. Je ne puis  toutefois pas m&rsquo;engager dans un tel d\u00e9bat, ma fonction ci-pr\u00e9sente me l&rsquo;interdisant. Mais je peux peut-\u00eatre vous donner mon avis en fran\u00e7ais&nbsp;&raquo;, qu&rsquo;il ajoute.<\/p>\n<p style=\"text-align:center\">&laquo;&nbsp;Le Bush  est un petit putain de merde.&nbsp;&raquo;<\/p>\n<p>Je le garde  comme phrase du jour.<\/p>\n<div id=\"bandeson\">\n<p><img decoding=\"async\" src=\"https:\/\/www.wallendorff.com\/belogue\/photo\/pochettes\/c\/cake-three_songs_sampler.jpg\" align=\"left\" \/>&nbsp;<a href=\"http:\/\/www.cakemusic.com\/\">Cake<\/a> &ndash; <em>Shut the Fuck Up<\/em><\/p>\n<\/div>\n","protected":false},"excerpt":{"rendered":"<p>Une soiree sympa avec Cake, en forme. Ils ont paum\u00e9 leurs bagages&nbsp;\u00e0 l&rsquo;a\u00e9roport, ils sont arriv&eacute;s&nbsp;\u00e0 l&rsquo;arrache, et ils ont pas eu le temps de faire les balances. R&eacute;sultat&nbsp;: le son est un peu pourri pendant 2-3 chansons. Pour le reste c&rsquo;est bien, c&rsquo;est du Cake. Faut dire qu&rsquo;\u00e0 la difference du Rock City Fest&hellip;<\/p>\n","protected":false},"author":1,"featured_media":24692,"comment_status":"open","ping_status":"open","sticky":false,"template":"","format":"standard","meta":{"_acf_changed":false,"ngg_post_thumbnail":0,"jetpack_post_was_ever_published":false,"_jetpack_newsletter_access":"","_jetpack_dont_email_post_to_subs":false,"_jetpack_newsletter_tier_id":0,"_jetpack_memberships_contains_paywalled_content":false,"_jetpack_memberships_contains_paid_content":false,"footnotes":"","jetpack_publicize_message":"","jetpack_publicize_feature_enabled":true,"jetpack_social_post_already_shared":false,"jetpack_social_options":{"image_generator_settings":{"template":"highway","default_image_id":0,"font":"","enabled":false},"version":2}},"categories":[7],"tags":[42,148,10084,256,255,10099,55,10136,112,54,257,258],"class_list":["post-750","post","type-post","status-publish","format-standard","has-post-thumbnail","hentry","category-alive","tag-42","tag-a80","tag-alive","tag-cake","tag-comerica-tastefest","tag-detroit","tag-etats-unis","tag-festival","tag-george-bush","tag-michigan","tag-new-center","tag-shut-the-fuck-up"],"acf":[],"geo":{"latitude":42.3703537,"longitude":-83.0755692,"description":"3031 W Grand Blvd, Detroit, MI 48202, USA"},"jetpack_publicize_connections":[],"jetpack_featured_media_url":"https:\/\/www.wallendorff.com\/belogue\/wp-content\/uploads\/2015\/04\/026.jpg","jetpack_shortlink":"https:\/\/wp.me\/p3b35P-c6","jetpack_sharing_enabled":true,"jetpack-related-posts":[{"id":748,"url":"https:\/\/www.wallendorff.com\/belogue\/2004\/07\/03\/the-sights-comerica-tastefest-day-2\/","url_meta":{"origin":750,"position":0},"title":"The Sights, Comerica Tastefest, Day #2.","author":"dpc","date":"3 juillet 2004","format":false,"excerpt":"Y a deux semaines, j'ai dit que The Sights m'avaient pas laiss\u00e9 un souvenir m\u00e9morable. Celui de ce soir restera bien pr\u00e9sent, par contre. Ils ont remplac\u00e9 au pied lev\u00e9 Electric Six, qui a d\u00fb annuler pour \u00ab\u00a0une urgence m\u00e9dicale\u00a0\u00bb. Audra Kubat est invit\u00e9e sur la premi\u00e8re chanson, une ballade\u2026","rel":"","context":"Dans &quot;Alive&quot;","block_context":{"text":"Alive","link":"https:\/\/www.wallendorff.com\/belogue\/category\/alive\/"},"img":{"alt_text":"","src":"https:\/\/i0.wp.com\/www.wallendorff.com\/belogue\/wp-content\/uploads\/2015\/04\/058.jpg?resize=350%2C200&ssl=1","width":350,"height":200},"classes":[]},{"id":747,"url":"https:\/\/www.wallendorff.com\/belogue\/2004\/07\/04\/jet-comerica-tastefest-day-3\/","url_meta":{"origin":750,"position":1},"title":"Jet, Comerica Tastefest, Day #3.","author":"dpc","date":"4 juillet 2004","format":false,"excerpt":"J'adore Jet. Ils font des concerts \u00e0 l'ancienne, avec le public comme 6e homme. Ce soir le public en question \u00e9tait certes pas terrible, mais c'\u00e9tait bon quand m\u00eame.\u00a0 \u00a0Jet \u2013 Cold Hard Bitch","rel":"","context":"Dans &quot;Alive&quot;","block_context":{"text":"Alive","link":"https:\/\/www.wallendorff.com\/belogue\/category\/alive\/"},"img":{"alt_text":"","src":"https:\/\/i0.wp.com\/www.wallendorff.com\/belogue\/wp-content\/uploads\/2015\/04\/099.jpg?resize=350%2C200&ssl=1","width":350,"height":200},"classes":[]},{"id":745,"url":"https:\/\/www.wallendorff.com\/belogue\/2004\/07\/05\/comerica-tastefest-day-4\/","url_meta":{"origin":750,"position":2},"title":"Comerica Tastefest, Day #4.","author":"dpc","date":"5 juillet 2004","format":false,"excerpt":"Et revoil\u00e0 Blanche. Madame Miller portait une robe bordeaux fort seyante, ma foi. J'ai fini par acheter l'album (If We Can't Trust the Doctors, on doit le trouver en Europe je pense, si vous avez aim\u00e9 l'ambiance de la BO d'O'Brother courez l'acheter). \u00a0Blanche \u2013 Someday...","rel":"","context":"Dans &quot;Alive&quot;","block_context":{"text":"Alive","link":"https:\/\/www.wallendorff.com\/belogue\/category\/alive\/"},"img":{"alt_text":"","src":"https:\/\/i0.wp.com\/www.wallendorff.com\/belogue\/wp-content\/uploads\/2015\/04\/118.jpg?resize=350%2C200&ssl=1","width":350,"height":200},"classes":[]},{"id":740,"url":"https:\/\/www.wallendorff.com\/belogue\/2004\/07\/09\/p-tain-p-tain-p-tain\/","url_meta":{"origin":750,"position":3},"title":"P&rsquo;tain p&rsquo;tain p&rsquo;tain.","author":"dpc","date":"9 juillet 2004","format":false,"excerpt":"Dimanche au concert de Blanche c'\u00e9tait bien lui. Et il a m\u00eame fait gouzi gouzi avec le b\u00e9b\u00e9 d'\u00e0 c\u00f4t\u00e9. \u00a0The White Stripes \u2013 Fell in Love with a Girl","rel":"","context":"Dans &quot;DPC&quot;","block_context":{"text":"DPC","link":"https:\/\/www.wallendorff.com\/belogue\/category\/dpc\/"},"img":{"alt_text":"","src":"https:\/\/i0.wp.com\/www.wallendorff.com\/belogue\/wp-content\/uploads\/2015\/04\/168.jpg?resize=350%2C200&ssl=1","width":350,"height":200},"classes":[]},{"id":1151,"url":"https:\/\/www.wallendorff.com\/belogue\/2008\/01\/30\/wiki-way-wiki-wiki-way\/","url_meta":{"origin":750,"position":4},"title":"Wiki way Wiki Wiki way\u00b9.","author":"dpc","date":"30 janvier 2008","format":false,"excerpt":"Ce qui est bien, dans Kikip\u00e9dia, c'est l'historique des pages. Surtout sur une page r\u00e9guli\u00e8rement vandalis\u00e9e. Surtout quand elle tra\u00eete de groupes suscitant passion, amour, d\u00e9dain et haine chez les jeunes. Voyons par exemple ce que l'on peut trouver comme suggestions encyclop\u00e9diques sur la page de Tokio Hotel. [Les noms\u2026","rel":"","context":"Dans &quot;Pictureless thoughts&quot;","block_context":{"text":"Pictureless thoughts","link":"https:\/\/www.wallendorff.com\/belogue\/category\/pictureless-thoughts\/"},"img":{"alt_text":"","src":"","width":0,"height":0},"classes":[]},{"id":20193,"url":"https:\/\/www.wallendorff.com\/belogue\/2004\/05\/02\/coachella-music-and-art-festival-indio-1er-2-mai\/","url_meta":{"origin":750,"position":5},"title":"Coachella Music and Art Festival, Indio, 1er-2 mai.","author":"dpc","date":"2 mai 2004","format":false,"excerpt":"2 jours, 5 sc\u00e8nes, 80 artistes et surtout 40\u00a0\u00b0C \u00e0 l\u2019ombre. Le Coachella Valley Music Festival 2004, au milieu du d\u00e9sert californien, fut torride. Et la pr\u00e9sence de groupe chaud bouillants n\u2019a rien arrang\u00e9. Retour sur un week-end o\u00f9 The Cure, Radiohead, The Pixies et Muse, entre autres, ont aggrav\u00e9\u2026","rel":"","context":"Dans &quot;Alive&quot;","block_context":{"text":"Alive","link":"https:\/\/www.wallendorff.com\/belogue\/category\/alive\/"},"img":{"alt_text":"","src":"https:\/\/i0.wp.com\/www.wallendorff.com\/belogue\/wp-content\/uploads\/2015\/04\/200405021.jpg?resize=350%2C200&ssl=1","width":350,"height":200,"srcset":"https:\/\/i0.wp.com\/www.wallendorff.com\/belogue\/wp-content\/uploads\/2015\/04\/200405021.jpg?resize=350%2C200&ssl=1 1x, https:\/\/i0.wp.com\/www.wallendorff.com\/belogue\/wp-content\/uploads\/2015\/04\/200405021.jpg?resize=525%2C300&ssl=1 1.5x, https:\/\/i0.wp.com\/www.wallendorff.com\/belogue\/wp-content\/uploads\/2015\/04\/200405021.jpg?resize=700%2C400&ssl=1 2x"},"classes":[]}],"_links":{"self":[{"href":"https:\/\/www.wallendorff.com\/belogue\/wp-json\/wp\/v2\/posts\/750","targetHints":{"allow":["GET"]}}],"collection":[{"href":"https:\/\/www.wallendorff.com\/belogue\/wp-json\/wp\/v2\/posts"}],"about":[{"href":"https:\/\/www.wallendorff.com\/belogue\/wp-json\/wp\/v2\/types\/post"}],"author":[{"embeddable":true,"href":"https:\/\/www.wallendorff.com\/belogue\/wp-json\/wp\/v2\/users\/1"}],"replies":[{"embeddable":true,"href":"https:\/\/www.wallendorff.com\/belogue\/wp-json\/wp\/v2\/comments?post=750"}],"version-history":[{"count":4,"href":"https:\/\/www.wallendorff.com\/belogue\/wp-json\/wp\/v2\/posts\/750\/revisions"}],"predecessor-version":[{"id":22364,"href":"https:\/\/www.wallendorff.com\/belogue\/wp-json\/wp\/v2\/posts\/750\/revisions\/22364"}],"wp:featuredmedia":[{"embeddable":true,"href":"https:\/\/www.wallendorff.com\/belogue\/wp-json\/wp\/v2\/media\/24692"}],"wp:attachment":[{"href":"https:\/\/www.wallendorff.com\/belogue\/wp-json\/wp\/v2\/media?parent=750"}],"wp:term":[{"taxonomy":"category","embeddable":true,"href":"https:\/\/www.wallendorff.com\/belogue\/wp-json\/wp\/v2\/categories?post=750"},{"taxonomy":"post_tag","embeddable":true,"href":"https:\/\/www.wallendorff.com\/belogue\/wp-json\/wp\/v2\/tags?post=750"}],"curies":[{"name":"wp","href":"https:\/\/api.w.org\/{rel}","templated":true}]}}