{"id":7490,"date":"2010-05-03T10:42:10","date_gmt":"2010-05-03T08:42:10","guid":{"rendered":"http:\/\/www.po-l.com\/belogue\/?p=7490"},"modified":"2012-03-27T09:45:01","modified_gmt":"2012-03-27T07:45:01","slug":"w19602010","status":"publish","type":"post","link":"https:\/\/www.wallendorff.com\/belogue\/2010\/05\/03\/w19602010\/","title":{"rendered":"1960-2010"},"content":{"rendered":"\n<div id=\"photo\">\n<p><img decoding=\"async\" src=\"https:\/\/www.wallendorff.com\/belogue\/photo\/2010\/05\/20100503.jpg\" \/><br \/>\n1<sup>er<\/sup> mai.<\/p>\n<\/p><\/div>\n<div id=\"bandeson\">\n<p><img decoding=\"async\" src=\"https:\/\/www.wallendorff.com\/belogue\/photo\/pochettes\/h\/harvey_pj-uh_huh_her.jpg\" align=\"left\" \/>&nbsp;<a href=\"http:\/\/www.pjharvey.net\">PJ Harvey<\/a> &ndash; <em>The End<\/em><\/p>\n<\/p><\/div>\n","protected":false},"excerpt":{"rendered":"<p>1er mai. &nbsp;PJ Harvey &ndash; The End<\/p>\n","protected":false},"author":1,"featured_media":25751,"comment_status":"open","ping_status":"open","sticky":false,"template":"","format":"standard","meta":{"_acf_changed":false,"ngg_post_thumbnail":0,"jetpack_post_was_ever_published":false,"_jetpack_newsletter_access":"","_jetpack_dont_email_post_to_subs":false,"_jetpack_newsletter_tier_id":0,"_jetpack_memberships_contains_paywalled_content":false,"_jetpack_memberships_contains_paid_content":false,"footnotes":"","jetpack_publicize_message":"","jetpack_publicize_feature_enabled":true,"jetpack_social_post_already_shared":false,"jetpack_social_options":{"image_generator_settings":{"template":"highway","default_image_id":0,"font":"","enabled":false},"version":2}},"categories":[3],"tags":[2571,3735,10144,10120,10619,10485,143,10599,10180,3001],"class_list":["post-7490","post","type-post","status-publish","format-standard","has-post-thumbnail","hentry","category-dpc","tag-ef-16-35-mm-f28l-ii-usm","tag-eos-1d-mark-iii","tag-ciel","tag-france","tag-jardin","tag-maison","tag-noir-et-blanc","tag-nuage","tag-pj-harvey","tag-the-end"],"acf":[],"geo":null,"jetpack_publicize_connections":[],"jetpack_featured_media_url":"https:\/\/www.wallendorff.com\/belogue\/wp-content\/uploads\/2015\/04\/201005031.jpg","jetpack_shortlink":"https:\/\/wp.me\/p3b35P-1WO","jetpack_sharing_enabled":true,"jetpack-related-posts":[{"id":130040,"url":"https:\/\/www.wallendorff.com\/belogue\/2024\/08\/16\/le-cabaret-vert-2024-charleville-mezieres-jour-1\/","url_meta":{"origin":7490,"position":0},"title":"Le Cabaret Vert 2024, Charleville-M\u00e9zi\u00e8res, jour 1.","author":"dpc","date":"16 ao\u00fbt 2024","format":false,"excerpt":"Le Cabaret Vert, Charleville-M\u00e9zi\u00e8res, 15\/08\/2024 Le Cabaret Vert, Charleville-M\u00e9zi\u00e8res, 15\/08\/2024 Flogging Molly @ le Cabaret Vert, Charleville-M\u00e9zi\u00e8res, 15\/08\/2024 Le Cabaret Vert, Charleville-M\u00e9zi\u00e8res, 15\/08\/2024 Flogging Molly @ le Cabaret Vert, Charleville-M\u00e9zi\u00e8res, 15\/08\/2024 Flogging Molly @ le Cabaret Vert, Charleville-M\u00e9zi\u00e8res, 15\/08\/2024 Le Cabaret Vert, Charleville-M\u00e9zi\u00e8res, 15\/08\/2024 Flogging Molly @ le Cabaret Vert,\u2026","rel":"","context":"Dans &quot;Alive&quot;","block_context":{"text":"Alive","link":"https:\/\/www.wallendorff.com\/belogue\/category\/alive\/"},"img":{"alt_text":"","src":"https:\/\/i0.wp.com\/www.wallendorff.com\/belogue\/wp-content\/uploads\/2024\/08\/20240816-31.jpg?resize=350%2C200&ssl=1","width":350,"height":200,"srcset":"https:\/\/i0.wp.com\/www.wallendorff.com\/belogue\/wp-content\/uploads\/2024\/08\/20240816-31.jpg?resize=350%2C200&ssl=1 1x, https:\/\/i0.wp.com\/www.wallendorff.com\/belogue\/wp-content\/uploads\/2024\/08\/20240816-31.jpg?resize=525%2C300&ssl=1 1.5x, https:\/\/i0.wp.com\/www.wallendorff.com\/belogue\/wp-content\/uploads\/2024\/08\/20240816-31.jpg?resize=700%2C400&ssl=1 2x, https:\/\/i0.wp.com\/www.wallendorff.com\/belogue\/wp-content\/uploads\/2024\/08\/20240816-31.jpg?resize=1050%2C600&ssl=1 3x"},"classes":[]},{"id":30322,"url":"https:\/\/www.wallendorff.com\/belogue\/2016\/03\/01\/into-the-wide-62\/","url_meta":{"origin":7490,"position":1},"title":"Into the wide #62.","author":"dpc","date":"1 mars 2016","format":false,"excerpt":"Porte des Allemands, Metz, 27 d\u00e9cembre 2015. The Wheel PJ Harvey","rel":"","context":"Dans &quot;Into the wide&quot;","block_context":{"text":"Into the wide","link":"https:\/\/www.wallendorff.com\/belogue\/category\/into-the-wide\/"},"img":{"alt_text":"","src":"https:\/\/i0.wp.com\/www.wallendorff.com\/belogue\/wp-content\/uploads\/2016\/03\/20160301.jpg?resize=350%2C200&ssl=1","width":350,"height":200,"srcset":"https:\/\/i0.wp.com\/www.wallendorff.com\/belogue\/wp-content\/uploads\/2016\/03\/20160301.jpg?resize=350%2C200&ssl=1 1x, https:\/\/i0.wp.com\/www.wallendorff.com\/belogue\/wp-content\/uploads\/2016\/03\/20160301.jpg?resize=525%2C300&ssl=1 1.5x, https:\/\/i0.wp.com\/www.wallendorff.com\/belogue\/wp-content\/uploads\/2016\/03\/20160301.jpg?resize=700%2C400&ssl=1 2x"},"classes":[]},{"id":21481,"url":"https:\/\/www.wallendorff.com\/belogue\/2013\/08\/22\/unbekannt\/","url_meta":{"origin":7490,"position":2},"title":"Unbekannt.","author":"dpc","date":"22 ao\u00fbt 2013","format":false,"excerpt":"Amanvillers, 23 juin. On Battleship HillPJ Harvey \u00a0","rel":"","context":"Dans &quot;DPC&quot;","block_context":{"text":"DPC","link":"https:\/\/www.wallendorff.com\/belogue\/category\/dpc\/"},"img":{"alt_text":"","src":"https:\/\/i0.wp.com\/www.wallendorff.com\/belogue\/wp-content\/uploads\/2015\/04\/201308221.jpg?resize=350%2C200&ssl=1","width":350,"height":200,"srcset":"https:\/\/i0.wp.com\/www.wallendorff.com\/belogue\/wp-content\/uploads\/2015\/04\/201308221.jpg?resize=350%2C200&ssl=1 1x, https:\/\/i0.wp.com\/www.wallendorff.com\/belogue\/wp-content\/uploads\/2015\/04\/201308221.jpg?resize=525%2C300&ssl=1 1.5x, https:\/\/i0.wp.com\/www.wallendorff.com\/belogue\/wp-content\/uploads\/2015\/04\/201308221.jpg?resize=700%2C400&ssl=1 2x"},"classes":[]},{"id":30789,"url":"https:\/\/www.wallendorff.com\/belogue\/2016\/04\/25\/shooting-people-118\/","url_meta":{"origin":7490,"position":3},"title":"Shooting people #118.","author":"dpc","date":"25 avril 2016","format":false,"excerpt":"Parvis du parlement, Vienne, 13 f\u00e9vrier. The Community of Hope PJ Harvey","rel":"","context":"Dans &quot;Portraits&quot;","block_context":{"text":"Portraits","link":"https:\/\/www.wallendorff.com\/belogue\/category\/portraits\/"},"img":{"alt_text":"","src":"https:\/\/i0.wp.com\/www.wallendorff.com\/belogue\/wp-content\/uploads\/2016\/04\/20160425.jpg?resize=350%2C200&ssl=1","width":350,"height":200,"srcset":"https:\/\/i0.wp.com\/www.wallendorff.com\/belogue\/wp-content\/uploads\/2016\/04\/20160425.jpg?resize=350%2C200&ssl=1 1x, https:\/\/i0.wp.com\/www.wallendorff.com\/belogue\/wp-content\/uploads\/2016\/04\/20160425.jpg?resize=525%2C300&ssl=1 1.5x, https:\/\/i0.wp.com\/www.wallendorff.com\/belogue\/wp-content\/uploads\/2016\/04\/20160425.jpg?resize=700%2C400&ssl=1 2x"},"classes":[]},{"id":12490,"url":"https:\/\/www.wallendorff.com\/belogue\/2011\/03\/25\/fond-de-tiroir-17\/","url_meta":{"origin":7490,"position":4},"title":"Fond de tiroir #17.","author":"dpc","date":"25 mars 2011","format":false,"excerpt":"Belfort, avant. PJ Harvey \u2013 Kick It to the Ground","rel":"","context":"Dans &quot;DPC&quot;","block_context":{"text":"DPC","link":"https:\/\/www.wallendorff.com\/belogue\/category\/dpc\/"},"img":{"alt_text":"","src":"https:\/\/i0.wp.com\/www.wallendorff.com\/belogue\/wp-content\/uploads\/2015\/04\/201103251.jpg?resize=350%2C200&ssl=1","width":350,"height":200},"classes":[]},{"id":808,"url":"https:\/\/www.wallendorff.com\/belogue\/2006\/10\/19\/shooting-people-6\/","url_meta":{"origin":7490,"position":5},"title":"Shooting people #6.","author":"dpc","date":"19 octobre 2006","format":false,"excerpt":"\u00c7a faisait longtemps que j'avais pas post\u00e9 un PJ Harvey, tiens. \u00c7a tombe bien \u00e7a, parce que justement elle nous sort The Peel Sessions 1991-2004 lundi, un album regroupant 12 titres tir\u00e9 de ses passages chez John Peel entre 1991 et 20041, \u00e0 d\u00e9couvrir d'urgence. \u00c0 part \u00e7a, il pleut.\u2026","rel":"","context":"Dans &quot;Portraits&quot;","block_context":{"text":"Portraits","link":"https:\/\/www.wallendorff.com\/belogue\/category\/portraits\/"},"img":{"alt_text":"","src":"https:\/\/i0.wp.com\/www.wallendorff.com\/belogue\/wp-content\/uploads\/2015\/04\/200610191.jpg?resize=350%2C200&ssl=1","width":350,"height":200},"classes":[]}],"_links":{"self":[{"href":"https:\/\/www.wallendorff.com\/belogue\/wp-json\/wp\/v2\/posts\/7490","targetHints":{"allow":["GET"]}}],"collection":[{"href":"https:\/\/www.wallendorff.com\/belogue\/wp-json\/wp\/v2\/posts"}],"about":[{"href":"https:\/\/www.wallendorff.com\/belogue\/wp-json\/wp\/v2\/types\/post"}],"author":[{"embeddable":true,"href":"https:\/\/www.wallendorff.com\/belogue\/wp-json\/wp\/v2\/users\/1"}],"replies":[{"embeddable":true,"href":"https:\/\/www.wallendorff.com\/belogue\/wp-json\/wp\/v2\/comments?post=7490"}],"version-history":[{"count":1,"href":"https:\/\/www.wallendorff.com\/belogue\/wp-json\/wp\/v2\/posts\/7490\/revisions"}],"predecessor-version":[{"id":16553,"href":"https:\/\/www.wallendorff.com\/belogue\/wp-json\/wp\/v2\/posts\/7490\/revisions\/16553"}],"wp:featuredmedia":[{"embeddable":true,"href":"https:\/\/www.wallendorff.com\/belogue\/wp-json\/wp\/v2\/media\/25751"}],"wp:attachment":[{"href":"https:\/\/www.wallendorff.com\/belogue\/wp-json\/wp\/v2\/media?parent=7490"}],"wp:term":[{"taxonomy":"category","embeddable":true,"href":"https:\/\/www.wallendorff.com\/belogue\/wp-json\/wp\/v2\/categories?post=7490"},{"taxonomy":"post_tag","embeddable":true,"href":"https:\/\/www.wallendorff.com\/belogue\/wp-json\/wp\/v2\/tags?post=7490"}],"curies":[{"name":"wp","href":"https:\/\/api.w.org\/{rel}","templated":true}]}}