{"id":749,"date":"2004-07-02T05:46:26","date_gmt":"2004-07-02T05:46:26","guid":{"rendered":"http:\/\/www.po-l.com\/wordpress\/?p=749"},"modified":"2023-08-22T16:23:22","modified_gmt":"2023-08-22T14:23:22","slug":"rentrage","status":"publish","type":"post","link":"https:\/\/www.wallendorff.com\/belogue\/2004\/07\/02\/rentrage\/","title":{"rendered":"Rentrage."},"content":{"rendered":"<div id=\"photo\">\n<p><img decoding=\"async\" src=\"https:\/\/www.wallendorff.com\/belogue\/photo\/2004\/07\/03.jpg\"><\/p>\n<\/div>\n<p>La pleine lune \u00e9tait gigantesque ce soir, mais le temps qu&rsquo;on arrive l\u00e0 pour prendre la photo, elle avait d\u00e9j\u00e0 diminu\u00e9 de moiti\u00e9. Dommage.<\/p>\n<p>Voil\u00e0 donc la lune, plus petite que ce qu&rsquo;elle \u00e9tait 10 minutes avant mais grosse quand m\u00eame, au-dessus de Windsor de juste-en-face, Canada.<\/p>\n<div id=\"bandeson\">\n<p><img decoding=\"async\" src=\"https:\/\/www.wallendorff.com\/belogue\/photo\/pochettes\/c\/cake-three_songs_sampler.jpg\" align=\"left\">&nbsp;<a href=\"http:\/\/www.cakemusic.com\/\">Cake<\/a> \u2013 <em>Shut the Fuck Up<\/em><\/p>\n<\/div>\n","protected":false},"excerpt":{"rendered":"<p>La pleine lune \u00e9tait gigantesque ce soir, mais le temps qu&rsquo;on arrive l\u00e0 pour prendre la photo, elle avait d\u00e9j\u00e0 diminu\u00e9 de moiti\u00e9. Dommage. Voil\u00e0 donc la lune, plus petite que ce qu&rsquo;elle \u00e9tait 10 minutes avant mais grosse quand m\u00eame, au-dessus de Windsor de juste-en-face, Canada. &nbsp;Cake \u2013 Shut the Fuck Up<\/p>\n","protected":false},"author":1,"featured_media":24691,"comment_status":"open","ping_status":"open","sticky":false,"template":"","format":"standard","meta":{"_acf_changed":false,"ngg_post_thumbnail":0,"jetpack_post_was_ever_published":false,"_jetpack_newsletter_access":"","_jetpack_dont_email_post_to_subs":false,"_jetpack_newsletter_tier_id":0,"_jetpack_memberships_contains_paywalled_content":false,"_jetpack_memberships_contains_paid_content":false,"footnotes":"","jetpack_publicize_message":"","jetpack_publicize_feature_enabled":true,"jetpack_social_post_already_shared":false,"jetpack_social_options":{"image_generator_settings":{"template":"highway","default_image_id":0,"font":"","enabled":false},"version":2}},"categories":[3],"tags":[148,256,10099,55,10538,10151,54,10147,258,102],"class_list":["post-749","post","type-post","status-publish","format-standard","has-post-thumbnail","hentry","category-dpc","tag-a80","tag-cake","tag-detroit","tag-etats-unis","tag-gratte-ciel","tag-lune","tag-michigan","tag-nuit","tag-shut-the-fuck-up","tag-windsor"],"acf":[],"geo":{"latitude":42.3256989,"longitude":-83.048645,"description":"Atwater St, Detroit, MI 48226, USA"},"jetpack_publicize_connections":[],"jetpack_featured_media_url":"https:\/\/www.wallendorff.com\/belogue\/wp-content\/uploads\/2015\/04\/038.jpg","jetpack_shortlink":"https:\/\/wp.me\/s3b35P-rentrage","jetpack_sharing_enabled":true,"jetpack-related-posts":[{"id":127185,"url":"https:\/\/www.wallendorff.com\/belogue\/2024\/01\/23\/ni-lune-ni-deux\/","url_meta":{"origin":749,"position":0},"title":"Ni lune, ni deux.","author":"dpc","date":"23 janvier 2024","format":false,"excerpt":"Avenue du Pr\u00e9sident-Kennedy, Paris, 27 novembre 2023. J'\u00e9tais parti pour aller voir au Trocad\u00e9ro si j'y \u00e9tais, en choisissant un soir bien froid, bien humide pour \u00e9ventuellement y trouver quelques touristes esseul\u00e9s et, peut-\u00eatre, une flaque adapt\u00e9e \u00e0 la photographie de reflet nocturne de tour m\u00e9tallique de grande envergure.Passant sur\u2026","rel":"","context":"Dans &quot;DPC&quot;","block_context":{"text":"DPC","link":"https:\/\/www.wallendorff.com\/belogue\/category\/dpc\/"},"img":{"alt_text":"","src":"https:\/\/i0.wp.com\/www.wallendorff.com\/belogue\/wp-content\/uploads\/2024\/01\/20240123.jpg?resize=350%2C200&ssl=1","width":350,"height":200,"srcset":"https:\/\/i0.wp.com\/www.wallendorff.com\/belogue\/wp-content\/uploads\/2024\/01\/20240123.jpg?resize=350%2C200&ssl=1 1x, https:\/\/i0.wp.com\/www.wallendorff.com\/belogue\/wp-content\/uploads\/2024\/01\/20240123.jpg?resize=525%2C300&ssl=1 1.5x, https:\/\/i0.wp.com\/www.wallendorff.com\/belogue\/wp-content\/uploads\/2024\/01\/20240123.jpg?resize=700%2C400&ssl=1 2x, https:\/\/i0.wp.com\/www.wallendorff.com\/belogue\/wp-content\/uploads\/2024\/01\/20240123.jpg?resize=1050%2C600&ssl=1 3x"},"classes":[]},{"id":53537,"url":"https:\/\/www.wallendorff.com\/belogue\/2022\/11\/16\/croissant-au-beurre\/","url_meta":{"origin":749,"position":1},"title":"Croissant au beurre.","author":"dpc","date":"16 novembre 2022","format":false,"excerpt":"D'accord, en l'occurrence c'est pas un croissant, mais une pleine lune.Mais bon.J'allais pas photoshoper la photo non plus rien que pour que son titre cadre, hein.","rel":"","context":"Dans &quot;DPC&quot;","block_context":{"text":"DPC","link":"https:\/\/www.wallendorff.com\/belogue\/category\/dpc-en\/"},"img":{"alt_text":"","src":"https:\/\/i0.wp.com\/www.wallendorff.com\/belogue\/wp-content\/uploads\/2022\/11\/20221116.jpg?resize=350%2C200&ssl=1","width":350,"height":200,"srcset":"https:\/\/i0.wp.com\/www.wallendorff.com\/belogue\/wp-content\/uploads\/2022\/11\/20221116.jpg?resize=350%2C200&ssl=1 1x, https:\/\/i0.wp.com\/www.wallendorff.com\/belogue\/wp-content\/uploads\/2022\/11\/20221116.jpg?resize=525%2C300&ssl=1 1.5x, https:\/\/i0.wp.com\/www.wallendorff.com\/belogue\/wp-content\/uploads\/2022\/11\/20221116.jpg?resize=700%2C400&ssl=1 2x"},"classes":[]},{"id":127285,"url":"https:\/\/www.wallendorff.com\/belogue\/2024\/02\/05\/ceinte-colonne-a-la-lune\/","url_meta":{"origin":749,"position":2},"title":"Ceinte colonne \u00e0 la lune.","author":"dpc","date":"5 f\u00e9vrier 2024","format":false,"excerpt":"Place Vend\u00f4me, Paris, 16 d\u00e9cembre 2023.","rel":"","context":"Dans &quot;DPC&quot;","block_context":{"text":"DPC","link":"https:\/\/www.wallendorff.com\/belogue\/category\/dpc\/"},"img":{"alt_text":"","src":"https:\/\/i0.wp.com\/www.wallendorff.com\/belogue\/wp-content\/uploads\/2024\/02\/20240205-01.jpg?resize=350%2C200&ssl=1","width":350,"height":200,"srcset":"https:\/\/i0.wp.com\/www.wallendorff.com\/belogue\/wp-content\/uploads\/2024\/02\/20240205-01.jpg?resize=350%2C200&ssl=1 1x, https:\/\/i0.wp.com\/www.wallendorff.com\/belogue\/wp-content\/uploads\/2024\/02\/20240205-01.jpg?resize=525%2C300&ssl=1 1.5x, https:\/\/i0.wp.com\/www.wallendorff.com\/belogue\/wp-content\/uploads\/2024\/02\/20240205-01.jpg?resize=700%2C400&ssl=1 2x"},"classes":[]},{"id":677,"url":"https:\/\/www.wallendorff.com\/belogue\/2004\/09\/02\/pleine-lune\/","url_meta":{"origin":749,"position":3},"title":"Pleine Lune.","author":"dpc","date":"2 septembre 2004","format":false,"excerpt":"Bande-son\u00a0: La rue.","rel":"","context":"Dans &quot;DPC&quot;","block_context":{"text":"DPC","link":"https:\/\/www.wallendorff.com\/belogue\/category\/dpc\/"},"img":{"alt_text":"","src":"https:\/\/i0.wp.com\/www.wallendorff.com\/belogue\/wp-content\/uploads\/2015\/04\/025.jpg?resize=350%2C200&ssl=1","width":350,"height":200},"classes":[]},{"id":29323,"url":"https:\/\/www.wallendorff.com\/belogue\/2015\/09\/28\/4h-58\/","url_meta":{"origin":749,"position":4},"title":"4&nbsp;h 58.","author":"dpc","date":"28 septembre 2015","format":false,"excerpt":"Champ de Mars, Paris, 28 septembre. Ce qui m'a frapp\u00e9, en traversant la ville, c'est le nombre de gens sur les trottoirs, plant\u00e9s \u00e7\u00e0 et l\u00e0 \u00e0 scruter le ciel. Je ne pensais pas qu'une grosse lune orange pourrait tirer autant de personnes de leurs lits \u00e0 4\u00a0h du matin,\u2026","rel":"","context":"Dans &quot;DPC&quot;","block_context":{"text":"DPC","link":"https:\/\/www.wallendorff.com\/belogue\/category\/dpc\/"},"img":{"alt_text":"","src":"https:\/\/i0.wp.com\/www.wallendorff.com\/belogue\/wp-content\/uploads\/2015\/09\/20150928.jpg?resize=350%2C200&ssl=1","width":350,"height":200,"srcset":"https:\/\/i0.wp.com\/www.wallendorff.com\/belogue\/wp-content\/uploads\/2015\/09\/20150928.jpg?resize=350%2C200&ssl=1 1x, https:\/\/i0.wp.com\/www.wallendorff.com\/belogue\/wp-content\/uploads\/2015\/09\/20150928.jpg?resize=525%2C300&ssl=1 1.5x, https:\/\/i0.wp.com\/www.wallendorff.com\/belogue\/wp-content\/uploads\/2015\/09\/20150928.jpg?resize=700%2C400&ssl=1 2x"},"classes":[]},{"id":46118,"url":"https:\/\/www.wallendorff.com\/belogue\/2020\/07\/17\/pigeonnier-by-night-ii\/","url_meta":{"origin":749,"position":5},"title":"Pigeonnier by night II.","author":"dpc","date":"17 juillet 2020","format":false,"excerpt":"Arnay-sous-Vitteaux, 23 mai 2020. Encore une photo qui ne se passe pas comme pr\u00e9vu. Je profite de la nouvelle lune pour descendre et faire une nouvelle version du panoramique de l'ann\u00e9e derni\u00e8re. Avant de monter la t\u00eate pano, je fais un test avec mon nouveau jouet, par m\u00e9garde je passe\u2026","rel":"","context":"Dans &quot;DPC&quot;","block_context":{"text":"DPC","link":"https:\/\/www.wallendorff.com\/belogue\/category\/dpc\/"},"img":{"alt_text":"","src":"https:\/\/i0.wp.com\/www.wallendorff.com\/belogue\/wp-content\/uploads\/2020\/07\/20200717.jpg?resize=350%2C200&ssl=1","width":350,"height":200,"srcset":"https:\/\/i0.wp.com\/www.wallendorff.com\/belogue\/wp-content\/uploads\/2020\/07\/20200717.jpg?resize=350%2C200&ssl=1 1x, https:\/\/i0.wp.com\/www.wallendorff.com\/belogue\/wp-content\/uploads\/2020\/07\/20200717.jpg?resize=525%2C300&ssl=1 1.5x, https:\/\/i0.wp.com\/www.wallendorff.com\/belogue\/wp-content\/uploads\/2020\/07\/20200717.jpg?resize=700%2C400&ssl=1 2x, https:\/\/i0.wp.com\/www.wallendorff.com\/belogue\/wp-content\/uploads\/2020\/07\/20200717.jpg?resize=1050%2C600&ssl=1 3x"},"classes":[]}],"_links":{"self":[{"href":"https:\/\/www.wallendorff.com\/belogue\/wp-json\/wp\/v2\/posts\/749","targetHints":{"allow":["GET"]}}],"collection":[{"href":"https:\/\/www.wallendorff.com\/belogue\/wp-json\/wp\/v2\/posts"}],"about":[{"href":"https:\/\/www.wallendorff.com\/belogue\/wp-json\/wp\/v2\/types\/post"}],"author":[{"embeddable":true,"href":"https:\/\/www.wallendorff.com\/belogue\/wp-json\/wp\/v2\/users\/1"}],"replies":[{"embeddable":true,"href":"https:\/\/www.wallendorff.com\/belogue\/wp-json\/wp\/v2\/comments?post=749"}],"version-history":[{"count":2,"href":"https:\/\/www.wallendorff.com\/belogue\/wp-json\/wp\/v2\/posts\/749\/revisions"}],"predecessor-version":[{"id":125865,"href":"https:\/\/www.wallendorff.com\/belogue\/wp-json\/wp\/v2\/posts\/749\/revisions\/125865"}],"wp:featuredmedia":[{"embeddable":true,"href":"https:\/\/www.wallendorff.com\/belogue\/wp-json\/wp\/v2\/media\/24691"}],"wp:attachment":[{"href":"https:\/\/www.wallendorff.com\/belogue\/wp-json\/wp\/v2\/media?parent=749"}],"wp:term":[{"taxonomy":"category","embeddable":true,"href":"https:\/\/www.wallendorff.com\/belogue\/wp-json\/wp\/v2\/categories?post=749"},{"taxonomy":"post_tag","embeddable":true,"href":"https:\/\/www.wallendorff.com\/belogue\/wp-json\/wp\/v2\/tags?post=749"}],"curies":[{"name":"wp","href":"https:\/\/api.w.org\/{rel}","templated":true}]}}