{"id":748,"date":"2004-07-03T05:23:13","date_gmt":"2004-07-03T05:23:13","guid":{"rendered":"http:\/\/www.po-l.com\/wordpress\/?p=748"},"modified":"2012-06-27T09:38:44","modified_gmt":"2012-06-27T07:38:44","slug":"the-sights-comerica-tastefest-day-2","status":"publish","type":"post","link":"https:\/\/www.wallendorff.com\/belogue\/2004\/07\/03\/the-sights-comerica-tastefest-day-2\/","title":{"rendered":"The Sights, Comerica Tastefest, Day #2."},"content":{"rendered":"<div id=\"photo\">\n<p><img decoding=\"async\" src=\"https:\/\/www.wallendorff.com\/belogue\/photo\/2004\/07\/05.jpg\"><\/p>\n<\/div>\n<p>Y a deux semaines, j&rsquo;ai dit que The Sights m&rsquo;avaient pas laiss&eacute; un souvenir m&eacute;morable. Celui de ce soir restera bien pr&eacute;sent, par contre.<\/P> <P>Ils ont remplac&eacute; au pied lev&eacute; Electric Six, qui a d&ucirc; annuler pour &laquo;&nbsp;une urgence m&eacute;dicale&nbsp;&raquo;. Audra Kubat est invit&eacute;e sur la premi&egrave;re chanson, une ballade acoustique. Elle a une voix fabuleuse, ses pieds frottent le sol en rythme pendant qu&rsquo;elle chante, serr&eacute;e contre Eddie Baranek.<\/p>\n<div id=\"photo2\">\n<p><img decoding=\"async\" src=\"https:\/\/www.wallendorff.com\/belogue\/photo\/2004\/07\/06.jpg\"><\/p>\n<\/div>\n<p>La suite est beaucoup plus rock. Le groupe &eacute;tant un trio guitare\/chant, orgue et batterie, Baranek est le seul debout sur sc&egrave;ne, et toute l&rsquo;attention est sur lui. Il me fait vaguement penser &agrave; Kurt Cobain, avec ses postures et sa coupe de cheveux. Sa gestuelle rappelle celle de Joe Cocker &agrave; Woodstock, et il hurle comme un Jim Morrisson poss&eacute;d&eacute;.<\/p>\n<p>On retrouve dans la musique de The Sights les m&ecirc;mes influences que dans l&rsquo;attitude de son frontman. C&rsquo;est du rock inspir&eacute; fin des ann&eacute;es 60, avec des tendances bluesy et soul, mais toujours survolt&eacute;. Les gens pr&eacute;sents sont dans le trip, y a m&ecirc;me quatre groupies au premier rang qui chantent toutes les paroles. Rien &agrave; voir avec ce que j&rsquo;ai vu y a deux semaines. Comme quoi&#8230;<\/p>\n<div id=\"photo2\">\n<p><img decoding=\"async\" src=\"https:\/\/www.wallendorff.com\/belogue\/photo\/2004\/07\/07.jpg\"><\/p>\n<\/div>\n<p>Ah oui, au passage&nbsp;: question&nbsp;:<\/p>\n<div id=\"photo2\">\n<p><img decoding=\"async\" src=\"https:\/\/www.wallendorff.com\/belogue\/photo\/2004\/07\/08.jpg\"><\/p>\n<\/div>\n<p>Dois-je passer voir demain le mec qui tient ce stand-l&agrave; et lui dire que c&rsquo;est sympa d&rsquo;avoir mis du fran&ccedil;ais sur sa banni&egrave;re pour faire joli, mais que y a un peu une faute grosse &eacute;norme en plein milieu&nbsp;???<\/p>\n<div id=\"bandeson\">\n<p><img decoding=\"async\" src=\"https:\/\/www.wallendorff.com\/belogue\/photo\/pochettes\/v\/vines_the-winning_days.jpg\" align=\"left\" \/>&nbsp;<a href=\"http:\/\/thevines.com\/\">The Vines<\/a> &ndash; <em>FTW<\/em><\/p>\n<\/p><\/div>\n","protected":false},"excerpt":{"rendered":"<p>Y a deux semaines, j&rsquo;ai dit que The Sights m&rsquo;avaient pas laiss&eacute; un souvenir m&eacute;morable. Celui de ce soir restera bien pr&eacute;sent, par contre. Ils ont remplac&eacute; au pied lev&eacute; Electric Six, qui a d&ucirc; annuler pour &laquo;&nbsp;une urgence m&eacute;dicale&nbsp;&raquo;. Audra Kubat est invit&eacute;e sur la premi&egrave;re chanson, une ballade acoustique. Elle a une voix&hellip;<\/p>\n","protected":false},"author":1,"featured_media":24690,"comment_status":"open","ping_status":"open","sticky":false,"template":"","format":"standard","meta":{"_acf_changed":false,"ngg_post_thumbnail":0,"jetpack_post_was_ever_published":false,"_jetpack_newsletter_access":"","_jetpack_dont_email_post_to_subs":false,"_jetpack_newsletter_tier_id":0,"_jetpack_memberships_contains_paywalled_content":false,"_jetpack_memberships_contains_paid_content":false,"footnotes":"","jetpack_publicize_message":"","jetpack_publicize_feature_enabled":true,"jetpack_social_post_already_shared":false,"jetpack_social_options":{"image_generator_settings":{"template":"highway","default_image_id":0,"font":"","enabled":false},"version":2}},"categories":[7],"tags":[42,148,10084,261,255,10099,10152,55,10136,264,54,143,260,263],"class_list":["post-748","post","type-post","status-publish","format-standard","has-post-thumbnail","hentry","category-alive","tag-42","tag-a80","tag-alive","tag-audra-kubat","tag-comerica-tastefest","tag-detroit","tag-electric-six","tag-etats-unis","tag-festival","tag-ftw","tag-michigan","tag-noir-et-blanc","tag-the-sights","tag-the-vines"],"acf":[],"geo":{"latitude":42.3703537,"longitude":-83.0755692,"description":"3031 W Grand Blvd, Detroit, MI 48202, USA"},"jetpack_publicize_connections":[],"jetpack_featured_media_url":"https:\/\/www.wallendorff.com\/belogue\/wp-content\/uploads\/2015\/04\/058.jpg","jetpack_shortlink":"https:\/\/wp.me\/p3b35P-c4","jetpack_sharing_enabled":true,"jetpack-related-posts":[{"id":750,"url":"https:\/\/www.wallendorff.com\/belogue\/2004\/07\/02\/comerica-tastefest-day-1\/","url_meta":{"origin":748,"position":0},"title":"Comerica Tastefest, Day #1.","author":"dpc","date":"2 juillet 2004","format":false,"excerpt":"Une soiree sympa avec Cake, en forme. Ils ont paum\u00e9 leurs bagages\u00a0\u00e0 l'a\u00e9roport, ils sont arriv\u00e9s\u00a0\u00e0 l'arrache, et ils ont pas eu le temps de faire les balances. R\u00e9sultat\u00a0: le son est un peu pourri pendant 2-3 chansons. Pour le reste c'est bien, c'est du Cake. Faut dire qu'\u00e0 la\u2026","rel":"","context":"Dans &quot;Alive&quot;","block_context":{"text":"Alive","link":"https:\/\/www.wallendorff.com\/belogue\/category\/alive\/"},"img":{"alt_text":"","src":"https:\/\/i0.wp.com\/www.wallendorff.com\/belogue\/wp-content\/uploads\/2015\/04\/026.jpg?resize=350%2C200&ssl=1","width":350,"height":200},"classes":[]},{"id":745,"url":"https:\/\/www.wallendorff.com\/belogue\/2004\/07\/05\/comerica-tastefest-day-4\/","url_meta":{"origin":748,"position":1},"title":"Comerica Tastefest, Day #4.","author":"dpc","date":"5 juillet 2004","format":false,"excerpt":"Et revoil\u00e0 Blanche. Madame Miller portait une robe bordeaux fort seyante, ma foi. J'ai fini par acheter l'album (If We Can't Trust the Doctors, on doit le trouver en Europe je pense, si vous avez aim\u00e9 l'ambiance de la BO d'O'Brother courez l'acheter). \u00a0Blanche \u2013 Someday...","rel":"","context":"Dans &quot;Alive&quot;","block_context":{"text":"Alive","link":"https:\/\/www.wallendorff.com\/belogue\/category\/alive\/"},"img":{"alt_text":"","src":"https:\/\/i0.wp.com\/www.wallendorff.com\/belogue\/wp-content\/uploads\/2015\/04\/118.jpg?resize=350%2C200&ssl=1","width":350,"height":200},"classes":[]},{"id":747,"url":"https:\/\/www.wallendorff.com\/belogue\/2004\/07\/04\/jet-comerica-tastefest-day-3\/","url_meta":{"origin":748,"position":2},"title":"Jet, Comerica Tastefest, Day #3.","author":"dpc","date":"4 juillet 2004","format":false,"excerpt":"J'adore Jet. Ils font des concerts \u00e0 l'ancienne, avec le public comme 6e homme. Ce soir le public en question \u00e9tait certes pas terrible, mais c'\u00e9tait bon quand m\u00eame.\u00a0 \u00a0Jet \u2013 Cold Hard Bitch","rel":"","context":"Dans &quot;Alive&quot;","block_context":{"text":"Alive","link":"https:\/\/www.wallendorff.com\/belogue\/category\/alive\/"},"img":{"alt_text":"","src":"https:\/\/i0.wp.com\/www.wallendorff.com\/belogue\/wp-content\/uploads\/2015\/04\/099.jpg?resize=350%2C200&ssl=1","width":350,"height":200},"classes":[]},{"id":740,"url":"https:\/\/www.wallendorff.com\/belogue\/2004\/07\/09\/p-tain-p-tain-p-tain\/","url_meta":{"origin":748,"position":3},"title":"P&rsquo;tain p&rsquo;tain p&rsquo;tain.","author":"dpc","date":"9 juillet 2004","format":false,"excerpt":"Dimanche au concert de Blanche c'\u00e9tait bien lui. Et il a m\u00eame fait gouzi gouzi avec le b\u00e9b\u00e9 d'\u00e0 c\u00f4t\u00e9. \u00a0The White Stripes \u2013 Fell in Love with a Girl","rel":"","context":"Dans &quot;DPC&quot;","block_context":{"text":"DPC","link":"https:\/\/www.wallendorff.com\/belogue\/category\/dpc\/"},"img":{"alt_text":"","src":"https:\/\/i0.wp.com\/www.wallendorff.com\/belogue\/wp-content\/uploads\/2015\/04\/168.jpg?resize=350%2C200&ssl=1","width":350,"height":200},"classes":[]},{"id":573,"url":"https:\/\/www.wallendorff.com\/belogue\/2004\/11\/18\/breves-nocturnes\/","url_meta":{"origin":748,"position":4},"title":"(B)r&ecirc;ves nocturnes.","author":"dpc","date":"18 novembre 2004","format":false,"excerpt":"Pine Lake, 5 avril 2004. Comme tous les soirs, je viens d'\u00eatre aveugl\u00e9 par un allumeur de lumi\u00e8re sournois aux desseins aussi\u00a0noirs que les t\u00e9n\u00e8bres desquelles il m'a arrach\u00e9. J'ai envie de voir Ghinzu sur sc\u00e8ne, tout de suite. Ce soir je me suis entendu\u00a0parler anglais, j'ai rien compris \u00e0\u2026","rel":"","context":"Dans &quot;DPC&quot;","block_context":{"text":"DPC","link":"https:\/\/www.wallendorff.com\/belogue\/category\/dpc\/"},"img":{"alt_text":"","src":"https:\/\/i0.wp.com\/www.wallendorff.com\/belogue\/wp-content\/uploads\/2015\/04\/494.jpg?resize=350%2C200&ssl=1","width":350,"height":200,"srcset":"https:\/\/i0.wp.com\/www.wallendorff.com\/belogue\/wp-content\/uploads\/2015\/04\/494.jpg?resize=350%2C200&ssl=1 1x, https:\/\/i0.wp.com\/www.wallendorff.com\/belogue\/wp-content\/uploads\/2015\/04\/494.jpg?resize=525%2C300&ssl=1 1.5x, https:\/\/i0.wp.com\/www.wallendorff.com\/belogue\/wp-content\/uploads\/2015\/04\/494.jpg?resize=700%2C400&ssl=1 2x"},"classes":[]},{"id":330,"url":"https:\/\/www.wallendorff.com\/belogue\/2005\/06\/30\/un-dieu-croit-mikado-n-a-d-l-emoi\/","url_meta":{"origin":748,"position":5},"title":"Un, dieu, croit [mikado n&rsquo;a d&rsquo;l&rsquo;&eacute;moi].","author":"dpc","date":"30 juin 2005","format":false,"excerpt":"\u00c9glise St-\u00c9tienne1, St-\u00c9tienne2, 25 juin. Pure FM\u00a0sera\u00a0\u00e0 Werchter3 \u00e0 partir d'aujourd'hui et pour les 4 jours du festival. Au programme, concerts en direct, interviouves et surtout, surtout, beaucoup de rigolade joviale4. \u00a0Un truc inratable que je vais rater parce que dans ma bo\u00eete, on a pas de lecteur vindoz multim\u00e9dia\u2026","rel":"","context":"Dans &quot;DPC&quot;","block_context":{"text":"DPC","link":"https:\/\/www.wallendorff.com\/belogue\/category\/dpc\/"},"img":{"alt_text":"","src":"https:\/\/i0.wp.com\/www.wallendorff.com\/belogue\/wp-content\/uploads\/2015\/04\/200506301.jpg?resize=350%2C200&ssl=1","width":350,"height":200},"classes":[]}],"_links":{"self":[{"href":"https:\/\/www.wallendorff.com\/belogue\/wp-json\/wp\/v2\/posts\/748","targetHints":{"allow":["GET"]}}],"collection":[{"href":"https:\/\/www.wallendorff.com\/belogue\/wp-json\/wp\/v2\/posts"}],"about":[{"href":"https:\/\/www.wallendorff.com\/belogue\/wp-json\/wp\/v2\/types\/post"}],"author":[{"embeddable":true,"href":"https:\/\/www.wallendorff.com\/belogue\/wp-json\/wp\/v2\/users\/1"}],"replies":[{"embeddable":true,"href":"https:\/\/www.wallendorff.com\/belogue\/wp-json\/wp\/v2\/comments?post=748"}],"version-history":[{"count":3,"href":"https:\/\/www.wallendorff.com\/belogue\/wp-json\/wp\/v2\/posts\/748\/revisions"}],"predecessor-version":[{"id":17935,"href":"https:\/\/www.wallendorff.com\/belogue\/wp-json\/wp\/v2\/posts\/748\/revisions\/17935"}],"wp:featuredmedia":[{"embeddable":true,"href":"https:\/\/www.wallendorff.com\/belogue\/wp-json\/wp\/v2\/media\/24690"}],"wp:attachment":[{"href":"https:\/\/www.wallendorff.com\/belogue\/wp-json\/wp\/v2\/media?parent=748"}],"wp:term":[{"taxonomy":"category","embeddable":true,"href":"https:\/\/www.wallendorff.com\/belogue\/wp-json\/wp\/v2\/categories?post=748"},{"taxonomy":"post_tag","embeddable":true,"href":"https:\/\/www.wallendorff.com\/belogue\/wp-json\/wp\/v2\/tags?post=748"}],"curies":[{"name":"wp","href":"https:\/\/api.w.org\/{rel}","templated":true}]}}