{"id":747,"date":"2004-07-04T17:32:14","date_gmt":"2004-07-04T17:32:14","guid":{"rendered":"http:\/\/www.po-l.com\/wordpress\/?p=747"},"modified":"2012-06-28T10:06:30","modified_gmt":"2012-06-28T08:06:30","slug":"jet-comerica-tastefest-day-3","status":"publish","type":"post","link":"https:\/\/www.wallendorff.com\/belogue\/2004\/07\/04\/jet-comerica-tastefest-day-3\/","title":{"rendered":"Jet, Comerica Tastefest, Day #3."},"content":{"rendered":"<div id=\"photo\">\n<p><img decoding=\"async\" src=\"https:\/\/www.wallendorff.com\/belogue\/photo\/2004\/07\/09.jpg\" \/><\/p>\n<\/div>\n<p>J&rsquo;adore Jet. Ils font des concerts &agrave; l&rsquo;ancienne, avec le public comme 6<sup>e<\/sup> homme. Ce soir le public en question &eacute;tait certes pas terrible, mais c&rsquo;&eacute;tait bon quand m&ecirc;me.&nbsp;<\/p>\n<div id=\"bandeson\">\n<p><img decoding=\"async\" src=\"https:\/\/www.wallendorff.com\/belogue\/photo\/pochettes\/j\/jet-get_born.jpg\" align=\"left\" \/>&nbsp;<a href=\"http:\/\/www.jettheband.com\/\">Jet<\/a> &ndash; <em>Cold Hard Bitch<\/em><\/p>\n<\/p><\/div>\n","protected":false},"excerpt":{"rendered":"<p>J&rsquo;adore Jet. Ils font des concerts &agrave; l&rsquo;ancienne, avec le public comme 6e homme. Ce soir le public en question &eacute;tait certes pas terrible, mais c&rsquo;&eacute;tait bon quand m&ecirc;me.&nbsp; &nbsp;Jet &ndash; Cold Hard Bitch<\/p>\n","protected":false},"author":1,"featured_media":24689,"comment_status":"open","ping_status":"open","sticky":false,"template":"","format":"standard","meta":{"_acf_changed":false,"ngg_post_thumbnail":0,"jetpack_post_was_ever_published":false,"_jetpack_newsletter_access":"","_jetpack_dont_email_post_to_subs":false,"_jetpack_newsletter_tier_id":0,"_jetpack_memberships_contains_paywalled_content":false,"_jetpack_memberships_contains_paid_content":false,"footnotes":"","jetpack_publicize_message":"","jetpack_publicize_feature_enabled":true,"jetpack_social_post_already_shared":false,"jetpack_social_options":{"image_generator_settings":{"template":"highway","default_image_id":0,"font":"","enabled":false},"version":2}},"categories":[7],"tags":[42,148,10084,266,255,10099,55,10136,265,54,143],"class_list":["post-747","post","type-post","status-publish","format-standard","has-post-thumbnail","hentry","category-alive","tag-42","tag-a80","tag-alive","tag-cold-hard-bitch","tag-comerica-tastefest","tag-detroit","tag-etats-unis","tag-festival","tag-jet","tag-michigan","tag-noir-et-blanc"],"acf":[],"geo":{"latitude":42.3703537,"longitude":-83.0755692,"description":"3031 W Grand Blvd, Detroit, MI 48202, USA"},"jetpack_publicize_connections":[],"jetpack_featured_media_url":"https:\/\/www.wallendorff.com\/belogue\/wp-content\/uploads\/2015\/04\/099.jpg","jetpack_shortlink":"https:\/\/wp.me\/p3b35P-c3","jetpack_sharing_enabled":true,"jetpack-related-posts":[{"id":745,"url":"https:\/\/www.wallendorff.com\/belogue\/2004\/07\/05\/comerica-tastefest-day-4\/","url_meta":{"origin":747,"position":0},"title":"Comerica Tastefest, Day #4.","author":"dpc","date":"5 juillet 2004","format":false,"excerpt":"Et revoil\u00e0 Blanche. Madame Miller portait une robe bordeaux fort seyante, ma foi. J'ai fini par acheter l'album (If We Can't Trust the Doctors, on doit le trouver en Europe je pense, si vous avez aim\u00e9 l'ambiance de la BO d'O'Brother courez l'acheter). \u00a0Blanche \u2013 Someday...","rel":"","context":"Dans &quot;Alive&quot;","block_context":{"text":"Alive","link":"https:\/\/www.wallendorff.com\/belogue\/category\/alive\/"},"img":{"alt_text":"","src":"https:\/\/i0.wp.com\/www.wallendorff.com\/belogue\/wp-content\/uploads\/2015\/04\/118.jpg?resize=350%2C200&ssl=1","width":350,"height":200},"classes":[]},{"id":750,"url":"https:\/\/www.wallendorff.com\/belogue\/2004\/07\/02\/comerica-tastefest-day-1\/","url_meta":{"origin":747,"position":1},"title":"Comerica Tastefest, Day #1.","author":"dpc","date":"2 juillet 2004","format":false,"excerpt":"Une soiree sympa avec Cake, en forme. Ils ont paum\u00e9 leurs bagages\u00a0\u00e0 l'a\u00e9roport, ils sont arriv\u00e9s\u00a0\u00e0 l'arrache, et ils ont pas eu le temps de faire les balances. R\u00e9sultat\u00a0: le son est un peu pourri pendant 2-3 chansons. Pour le reste c'est bien, c'est du Cake. Faut dire qu'\u00e0 la\u2026","rel":"","context":"Dans &quot;Alive&quot;","block_context":{"text":"Alive","link":"https:\/\/www.wallendorff.com\/belogue\/category\/alive\/"},"img":{"alt_text":"","src":"https:\/\/i0.wp.com\/www.wallendorff.com\/belogue\/wp-content\/uploads\/2015\/04\/026.jpg?resize=350%2C200&ssl=1","width":350,"height":200},"classes":[]},{"id":748,"url":"https:\/\/www.wallendorff.com\/belogue\/2004\/07\/03\/the-sights-comerica-tastefest-day-2\/","url_meta":{"origin":747,"position":2},"title":"The Sights, Comerica Tastefest, Day #2.","author":"dpc","date":"3 juillet 2004","format":false,"excerpt":"Y a deux semaines, j'ai dit que The Sights m'avaient pas laiss\u00e9 un souvenir m\u00e9morable. Celui de ce soir restera bien pr\u00e9sent, par contre. Ils ont remplac\u00e9 au pied lev\u00e9 Electric Six, qui a d\u00fb annuler pour \u00ab\u00a0une urgence m\u00e9dicale\u00a0\u00bb. Audra Kubat est invit\u00e9e sur la premi\u00e8re chanson, une ballade\u2026","rel":"","context":"Dans &quot;Alive&quot;","block_context":{"text":"Alive","link":"https:\/\/www.wallendorff.com\/belogue\/category\/alive\/"},"img":{"alt_text":"","src":"https:\/\/i0.wp.com\/www.wallendorff.com\/belogue\/wp-content\/uploads\/2015\/04\/058.jpg?resize=350%2C200&ssl=1","width":350,"height":200},"classes":[]},{"id":740,"url":"https:\/\/www.wallendorff.com\/belogue\/2004\/07\/09\/p-tain-p-tain-p-tain\/","url_meta":{"origin":747,"position":3},"title":"P&rsquo;tain p&rsquo;tain p&rsquo;tain.","author":"dpc","date":"9 juillet 2004","format":false,"excerpt":"Dimanche au concert de Blanche c'\u00e9tait bien lui. Et il a m\u00eame fait gouzi gouzi avec le b\u00e9b\u00e9 d'\u00e0 c\u00f4t\u00e9. \u00a0The White Stripes \u2013 Fell in Love with a Girl","rel":"","context":"Dans &quot;DPC&quot;","block_context":{"text":"DPC","link":"https:\/\/www.wallendorff.com\/belogue\/category\/dpc\/"},"img":{"alt_text":"","src":"https:\/\/i0.wp.com\/www.wallendorff.com\/belogue\/wp-content\/uploads\/2015\/04\/168.jpg?resize=350%2C200&ssl=1","width":350,"height":200},"classes":[]},{"id":816,"url":"https:\/\/www.wallendorff.com\/belogue\/2006\/10\/28\/jet-le-bataclan-paris\/","url_meta":{"origin":747,"position":4},"title":"Jet @ le Bataclan, Paris.","author":"dpc","date":"28 octobre 2006","format":false,"excerpt":"Jet fait de l'AC\/DC et le fait bien. Ouais. Jet fait du Rolling Stones et le fait bien. Ouais. Jet fait du Who et le fait bien. Ouais. Jet fait du Lynyrd Skynyrd et le fait bien. Ouais. Jet fait de l'Oasis du Beatles et on s'endort. Ouais. \u00a0Kings of\u2026","rel":"","context":"Dans &quot;Alive&quot;","block_context":{"text":"Alive","link":"https:\/\/www.wallendorff.com\/belogue\/category\/alive\/"},"img":{"alt_text":"","src":"https:\/\/i0.wp.com\/www.wallendorff.com\/belogue\/wp-content\/uploads\/2015\/04\/200610281.jpg?resize=350%2C200&ssl=1","width":350,"height":200},"classes":[]},{"id":49,"url":"https:\/\/www.wallendorff.com\/belogue\/2005\/10\/21\/brendan-benson-la-boule-noire-paris\/","url_meta":{"origin":747,"position":5},"title":"Brendan Benson @ La Boule Noire, Paris.","author":"dpc","date":"21 octobre 2005","format":false,"excerpt":"What | Good to Me | Feel Like Myself | Folk Singer | Get It Together | Crosseyed | I'm Easy | Metarie | What I'm Looking for | The Alternative to Love | Cold Hands (Warm Heart) | Insects Rules | Gold into Straw | Spit It Out |\u2026","rel":"","context":"Dans &quot;Alive&quot;","block_context":{"text":"Alive","link":"https:\/\/www.wallendorff.com\/belogue\/category\/alive\/"},"img":{"alt_text":"","src":"https:\/\/i0.wp.com\/www.wallendorff.com\/belogue\/wp-content\/uploads\/2015\/04\/200510211.jpg?resize=350%2C200&ssl=1","width":350,"height":200},"classes":[]}],"_links":{"self":[{"href":"https:\/\/www.wallendorff.com\/belogue\/wp-json\/wp\/v2\/posts\/747","targetHints":{"allow":["GET"]}}],"collection":[{"href":"https:\/\/www.wallendorff.com\/belogue\/wp-json\/wp\/v2\/posts"}],"about":[{"href":"https:\/\/www.wallendorff.com\/belogue\/wp-json\/wp\/v2\/types\/post"}],"author":[{"embeddable":true,"href":"https:\/\/www.wallendorff.com\/belogue\/wp-json\/wp\/v2\/users\/1"}],"replies":[{"embeddable":true,"href":"https:\/\/www.wallendorff.com\/belogue\/wp-json\/wp\/v2\/comments?post=747"}],"version-history":[{"count":1,"href":"https:\/\/www.wallendorff.com\/belogue\/wp-json\/wp\/v2\/posts\/747\/revisions"}],"predecessor-version":[{"id":17948,"href":"https:\/\/www.wallendorff.com\/belogue\/wp-json\/wp\/v2\/posts\/747\/revisions\/17948"}],"wp:featuredmedia":[{"embeddable":true,"href":"https:\/\/www.wallendorff.com\/belogue\/wp-json\/wp\/v2\/media\/24689"}],"wp:attachment":[{"href":"https:\/\/www.wallendorff.com\/belogue\/wp-json\/wp\/v2\/media?parent=747"}],"wp:term":[{"taxonomy":"category","embeddable":true,"href":"https:\/\/www.wallendorff.com\/belogue\/wp-json\/wp\/v2\/categories?post=747"},{"taxonomy":"post_tag","embeddable":true,"href":"https:\/\/www.wallendorff.com\/belogue\/wp-json\/wp\/v2\/tags?post=747"}],"curies":[{"name":"wp","href":"https:\/\/api.w.org\/{rel}","templated":true}]}}