{"id":745,"date":"2004-07-05T18:27:15","date_gmt":"2004-07-05T18:27:15","guid":{"rendered":"http:\/\/www.po-l.com\/wordpress\/?p=745"},"modified":"2012-06-29T09:46:07","modified_gmt":"2012-06-29T07:46:07","slug":"comerica-tastefest-day-4","status":"publish","type":"post","link":"https:\/\/www.wallendorff.com\/belogue\/2004\/07\/05\/comerica-tastefest-day-4\/","title":{"rendered":"Comerica Tastefest, Day #4."},"content":{"rendered":"<div id=\"photo\">\n<p><img decoding=\"async\" src=\"https:\/\/www.wallendorff.com\/belogue\/photo\/2004\/07\/11.jpg\" \/><\/p>\n<\/div>\n<p>Et revoil\u00e0 Blanche. Madame Miller portait une robe bordeaux fort seyante, ma foi. J&rsquo;ai fini par acheter l&rsquo;album (<em>If We Can&rsquo;t Trust the Doctors<\/em>, on doit le  trouver en Europe je pense, si vous avez aim\u00e9 l&rsquo;ambiance de la BO  d&rsquo;<em>O&rsquo;Brother<\/em> courez l&rsquo;acheter).<\/p>\n<div id=\"bandeson\">\n<p><img decoding=\"async\" src=\"https:\/\/www.wallendorff.com\/belogue\/photo\/pochettes\/b\/blanche-if_we_cant_trust_the_doctors.jpg\" align=\"left\" \/>&nbsp;<a href=\"http:\/\/www.blanchemusic.com\/\">Blanche<\/a> &ndash; <em>Someday&#8230;<\/em><\/p>\n<\/div>\n","protected":false},"excerpt":{"rendered":"<p>Et revoil\u00e0 Blanche. Madame Miller portait une robe bordeaux fort seyante, ma foi. J&rsquo;ai fini par acheter l&rsquo;album (If We Can&rsquo;t Trust the Doctors, on doit le trouver en Europe je pense, si vous avez aim\u00e9 l&rsquo;ambiance de la BO d&rsquo;O&rsquo;Brother courez l&rsquo;acheter). &nbsp;Blanche &ndash; Someday&#8230;<\/p>\n","protected":false},"author":1,"featured_media":24687,"comment_status":"open","ping_status":"open","sticky":false,"template":"","format":"standard","meta":{"_acf_changed":false,"ngg_post_thumbnail":0,"jetpack_post_was_ever_published":false,"_jetpack_newsletter_access":"","_jetpack_dont_email_post_to_subs":false,"_jetpack_newsletter_tier_id":0,"_jetpack_memberships_contains_paywalled_content":false,"_jetpack_memberships_contains_paid_content":false,"footnotes":"","jetpack_publicize_message":"","jetpack_publicize_feature_enabled":true,"jetpack_social_post_already_shared":false,"jetpack_social_options":{"image_generator_settings":{"template":"highway","default_image_id":0,"font":"","enabled":false},"version":2}},"categories":[7],"tags":[42,148,10084,77,255,10099,55,10136,269,54,270,79],"class_list":["post-745","post","type-post","status-publish","format-standard","has-post-thumbnail","hentry","category-alive","tag-42","tag-a80","tag-alive","tag-blanche","tag-comerica-tastefest","tag-detroit","tag-etats-unis","tag-festival","tag-if-we-cant-trust-the-doctors","tag-michigan","tag-someday","tag-tracee-miller"],"acf":[],"geo":{"latitude":42.3703537,"longitude":-83.0755692,"description":"3031 W Grand Blvd, Detroit, MI 48202, USA"},"jetpack_publicize_connections":[],"jetpack_featured_media_url":"https:\/\/www.wallendorff.com\/belogue\/wp-content\/uploads\/2015\/04\/118.jpg","jetpack_shortlink":"https:\/\/wp.me\/p3b35P-c1","jetpack_sharing_enabled":true,"jetpack-related-posts":[{"id":747,"url":"https:\/\/www.wallendorff.com\/belogue\/2004\/07\/04\/jet-comerica-tastefest-day-3\/","url_meta":{"origin":745,"position":0},"title":"Jet, Comerica Tastefest, Day #3.","author":"dpc","date":"4 juillet 2004","format":false,"excerpt":"J'adore Jet. Ils font des concerts \u00e0 l'ancienne, avec le public comme 6e homme. Ce soir le public en question \u00e9tait certes pas terrible, mais c'\u00e9tait bon quand m\u00eame.\u00a0 \u00a0Jet \u2013 Cold Hard Bitch","rel":"","context":"Dans &quot;Alive&quot;","block_context":{"text":"Alive","link":"https:\/\/www.wallendorff.com\/belogue\/category\/alive\/"},"img":{"alt_text":"","src":"https:\/\/i0.wp.com\/www.wallendorff.com\/belogue\/wp-content\/uploads\/2015\/04\/099.jpg?resize=350%2C200&ssl=1","width":350,"height":200},"classes":[]},{"id":740,"url":"https:\/\/www.wallendorff.com\/belogue\/2004\/07\/09\/p-tain-p-tain-p-tain\/","url_meta":{"origin":745,"position":1},"title":"P&rsquo;tain p&rsquo;tain p&rsquo;tain.","author":"dpc","date":"9 juillet 2004","format":false,"excerpt":"Dimanche au concert de Blanche c'\u00e9tait bien lui. Et il a m\u00eame fait gouzi gouzi avec le b\u00e9b\u00e9 d'\u00e0 c\u00f4t\u00e9. \u00a0The White Stripes \u2013 Fell in Love with a Girl","rel":"","context":"Dans &quot;DPC&quot;","block_context":{"text":"DPC","link":"https:\/\/www.wallendorff.com\/belogue\/category\/dpc\/"},"img":{"alt_text":"","src":"https:\/\/i0.wp.com\/www.wallendorff.com\/belogue\/wp-content\/uploads\/2015\/04\/168.jpg?resize=350%2C200&ssl=1","width":350,"height":200},"classes":[]},{"id":750,"url":"https:\/\/www.wallendorff.com\/belogue\/2004\/07\/02\/comerica-tastefest-day-1\/","url_meta":{"origin":745,"position":2},"title":"Comerica Tastefest, Day #1.","author":"dpc","date":"2 juillet 2004","format":false,"excerpt":"Une soiree sympa avec Cake, en forme. Ils ont paum\u00e9 leurs bagages\u00a0\u00e0 l'a\u00e9roport, ils sont arriv\u00e9s\u00a0\u00e0 l'arrache, et ils ont pas eu le temps de faire les balances. R\u00e9sultat\u00a0: le son est un peu pourri pendant 2-3 chansons. Pour le reste c'est bien, c'est du Cake. Faut dire qu'\u00e0 la\u2026","rel":"","context":"Dans &quot;Alive&quot;","block_context":{"text":"Alive","link":"https:\/\/www.wallendorff.com\/belogue\/category\/alive\/"},"img":{"alt_text":"","src":"https:\/\/i0.wp.com\/www.wallendorff.com\/belogue\/wp-content\/uploads\/2015\/04\/026.jpg?resize=350%2C200&ssl=1","width":350,"height":200},"classes":[]},{"id":748,"url":"https:\/\/www.wallendorff.com\/belogue\/2004\/07\/03\/the-sights-comerica-tastefest-day-2\/","url_meta":{"origin":745,"position":3},"title":"The Sights, Comerica Tastefest, Day #2.","author":"dpc","date":"3 juillet 2004","format":false,"excerpt":"Y a deux semaines, j'ai dit que The Sights m'avaient pas laiss\u00e9 un souvenir m\u00e9morable. Celui de ce soir restera bien pr\u00e9sent, par contre. Ils ont remplac\u00e9 au pied lev\u00e9 Electric Six, qui a d\u00fb annuler pour \u00ab\u00a0une urgence m\u00e9dicale\u00a0\u00bb. Audra Kubat est invit\u00e9e sur la premi\u00e8re chanson, une ballade\u2026","rel":"","context":"Dans &quot;Alive&quot;","block_context":{"text":"Alive","link":"https:\/\/www.wallendorff.com\/belogue\/category\/alive\/"},"img":{"alt_text":"","src":"https:\/\/i0.wp.com\/www.wallendorff.com\/belogue\/wp-content\/uploads\/2015\/04\/058.jpg?resize=350%2C200&ssl=1","width":350,"height":200},"classes":[]},{"id":844,"url":"https:\/\/www.wallendorff.com\/belogue\/2006\/12\/05\/troy-van-balthazar-la-maroquinerie-paris\/","url_meta":{"origin":745,"position":4},"title":"Troy Von Balthazar @ la Maroquinerie, Paris, 4 d\u00e9cembre.","author":"dpc","date":"5 d\u00e9cembre 2006","format":false,"excerpt":"N'en d\u00e9plaise au Troy, c\u00e9l\u00e9brons plut\u00f4t aujourd'hui la sortie du nouvel EP de Blanche, What This Town Needs, en s'\u00e9coutant sa chouette face E1, un live de Someday... au Feeny prolixe fort bienvenu pour se consoler de n'avoir \u00e9t\u00e9 au concert de Londres hier soir. Et apr\u00e8s \u00e7a, hop, caf\u00e9.\u2026","rel":"","context":"Dans &quot;Alive&quot;","block_context":{"text":"Alive","link":"https:\/\/www.wallendorff.com\/belogue\/category\/alive\/"},"img":{"alt_text":"","src":"https:\/\/i0.wp.com\/www.wallendorff.com\/belogue\/wp-content\/uploads\/2015\/04\/200612051.jpg?resize=350%2C200&ssl=1","width":350,"height":200,"srcset":"https:\/\/i0.wp.com\/www.wallendorff.com\/belogue\/wp-content\/uploads\/2015\/04\/200612051.jpg?resize=350%2C200&ssl=1 1x, https:\/\/i0.wp.com\/www.wallendorff.com\/belogue\/wp-content\/uploads\/2015\/04\/200612051.jpg?resize=525%2C300&ssl=1 1.5x, https:\/\/i0.wp.com\/www.wallendorff.com\/belogue\/wp-content\/uploads\/2015\/04\/200612051.jpg?resize=700%2C400&ssl=1 2x"},"classes":[]},{"id":472,"url":"https:\/\/www.wallendorff.com\/belogue\/2005\/02\/08\/previously-unreleased-4\/","url_meta":{"origin":745,"position":5},"title":"Previously Unreleased #41.","author":"dpc","date":"8 f\u00e9vrier 2005","format":false,"excerpt":"Interpol, State Theater, D\u00e9troit, 15 octobre 2004. \/EDIT\u00a0: C'est tout frais, Blanche propose le clip de Someday sur leur site. Ici. \u00a0The Veils \u2013 The Leavers Dance _____ 1 Concept toujours aussi sournoisement repomp\u00e9 l\u00e0. En maillot de bain.","rel":"","context":"Dans &quot;Previously unreleased&quot;","block_context":{"text":"Previously unreleased","link":"https:\/\/www.wallendorff.com\/belogue\/category\/previously-unreleased\/"},"img":{"alt_text":"","src":"https:\/\/i0.wp.com\/www.wallendorff.com\/belogue\/wp-content\/uploads\/2015\/04\/200502081.jpg?resize=350%2C200&ssl=1","width":350,"height":200,"srcset":"https:\/\/i0.wp.com\/www.wallendorff.com\/belogue\/wp-content\/uploads\/2015\/04\/200502081.jpg?resize=350%2C200&ssl=1 1x, https:\/\/i0.wp.com\/www.wallendorff.com\/belogue\/wp-content\/uploads\/2015\/04\/200502081.jpg?resize=525%2C300&ssl=1 1.5x, https:\/\/i0.wp.com\/www.wallendorff.com\/belogue\/wp-content\/uploads\/2015\/04\/200502081.jpg?resize=700%2C400&ssl=1 2x"},"classes":[]}],"_links":{"self":[{"href":"https:\/\/www.wallendorff.com\/belogue\/wp-json\/wp\/v2\/posts\/745","targetHints":{"allow":["GET"]}}],"collection":[{"href":"https:\/\/www.wallendorff.com\/belogue\/wp-json\/wp\/v2\/posts"}],"about":[{"href":"https:\/\/www.wallendorff.com\/belogue\/wp-json\/wp\/v2\/types\/post"}],"author":[{"embeddable":true,"href":"https:\/\/www.wallendorff.com\/belogue\/wp-json\/wp\/v2\/users\/1"}],"replies":[{"embeddable":true,"href":"https:\/\/www.wallendorff.com\/belogue\/wp-json\/wp\/v2\/comments?post=745"}],"version-history":[{"count":3,"href":"https:\/\/www.wallendorff.com\/belogue\/wp-json\/wp\/v2\/posts\/745\/revisions"}],"predecessor-version":[{"id":17976,"href":"https:\/\/www.wallendorff.com\/belogue\/wp-json\/wp\/v2\/posts\/745\/revisions\/17976"}],"wp:featuredmedia":[{"embeddable":true,"href":"https:\/\/www.wallendorff.com\/belogue\/wp-json\/wp\/v2\/media\/24687"}],"wp:attachment":[{"href":"https:\/\/www.wallendorff.com\/belogue\/wp-json\/wp\/v2\/media?parent=745"}],"wp:term":[{"taxonomy":"category","embeddable":true,"href":"https:\/\/www.wallendorff.com\/belogue\/wp-json\/wp\/v2\/categories?post=745"},{"taxonomy":"post_tag","embeddable":true,"href":"https:\/\/www.wallendorff.com\/belogue\/wp-json\/wp\/v2\/tags?post=745"}],"curies":[{"name":"wp","href":"https:\/\/api.w.org\/{rel}","templated":true}]}}