{"id":7438,"date":"2010-04-27T09:50:51","date_gmt":"2010-04-27T07:50:51","guid":{"rendered":"http:\/\/www.po-l.com\/belogue\/?p=7438"},"modified":"2012-03-21T11:56:03","modified_gmt":"2012-03-21T09:56:03","slug":"its-getting-lonely-down-here","status":"publish","type":"post","link":"https:\/\/www.wallendorff.com\/belogue\/2010\/04\/27\/its-getting-lonely-down-here\/","title":{"rendered":"It&rsquo;s getting lonely down here."},"content":{"rendered":"\n<div id=\"photo\">\n<p><img decoding=\"async\" src=\"https:\/\/www.wallendorff.com\/belogue\/photo\/2010\/04\/20100427.jpg\" \/><br \/>\n        Ch&acirc;teau de Dieppe, 21 mars.<\/p>\n<\/p><\/div>\n<p>On aura beaucoup tourn&eacute; en bandes-sons d&eacute;primantes avec Dieppe, mais faut reconna&icirc;tre que le brouillard, le gris, les gens tout seuls et les ciels mena&ccedil;ants et sombres, &ccedil;a colle quand m&ecirc;me super tr&egrave;s mal avec Justin Bieber ou les Stooges.<\/p>\n<p style=\"text-align:right\">Je sais bien, j&rsquo;ai essay&eacute;.<\/p>\n<div id=\"bandeson\">\n<p><img decoding=\"async\" src=\"https:\/\/www.wallendorff.com\/belogue\/photo\/pochettes\/g\/gonzalez_jose-crosses.jpg\" align=\"left\" \/>&nbsp;<a href=\"http:\/\/www.jose-gonzalez.com\/\">Jos&eacute; Gonz&aacute;lez<\/a> &ndash; <em>Storm<\/em><\/p>\n<\/p><\/div>\n","protected":false},"excerpt":{"rendered":"<p>Ch&acirc;teau de Dieppe, 21 mars. On aura beaucoup tourn&eacute; en bandes-sons d&eacute;primantes avec Dieppe, mais faut reconna&icirc;tre que le brouillard, le gris, les gens tout seuls et les ciels mena&ccedil;ants et sombres, &ccedil;a colle quand m&ecirc;me super tr&egrave;s mal avec Justin Bieber ou les Stooges. Je sais bien, j&rsquo;ai essay&eacute;. &nbsp;Jos&eacute; Gonz&aacute;lez &ndash; Storm<\/p>\n","protected":false},"author":1,"featured_media":25745,"comment_status":"open","ping_status":"open","sticky":false,"template":"","format":"standard","meta":{"_acf_changed":false,"ngg_post_thumbnail":0,"jetpack_post_was_ever_published":false,"_jetpack_newsletter_access":"","_jetpack_dont_email_post_to_subs":false,"_jetpack_newsletter_tier_id":0,"_jetpack_memberships_contains_paywalled_content":false,"_jetpack_memberships_contains_paid_content":false,"footnotes":"","jetpack_publicize_message":"","jetpack_publicize_feature_enabled":true,"jetpack_social_post_already_shared":false,"jetpack_social_options":{"image_generator_settings":{"template":"highway","default_image_id":0,"font":"","enabled":false},"version":2}},"categories":[3],"tags":[2571,2615,10633,3705,10707,10311,10484,10120,10708,10589,10448,10483,143,3621,10407,3713,3712],"class_list":["post-7438","post","type-post","status-publish","format-standard","has-post-thumbnail","hentry","category-dpc","tag-ef-16-35-mm-f28l-ii-usm","tag-eos-5d-mark-ii","tag-chateau","tag-chateau-de-dieppe","tag-dieppe","tag-dos","tag-eau","tag-france","tag-haute-normandie","tag-homme","tag-jose-gonzalez","tag-mer","tag-noir-et-blanc","tag-seine-maritime","tag-silhouette","tag-solitude","tag-storm"],"acf":[],"geo":{"latitude":49.9251709,"longitude":1.069815,"description":"Rue des Falaises, 76200 Dieppe, France"},"jetpack_publicize_connections":[],"jetpack_featured_media_url":"https:\/\/www.wallendorff.com\/belogue\/wp-content\/uploads\/2015\/04\/201004271.jpg","jetpack_shortlink":"https:\/\/wp.me\/p3b35P-1VY","jetpack_sharing_enabled":true,"jetpack-related-posts":[{"id":7423,"url":"https:\/\/www.wallendorff.com\/belogue\/2010\/04\/23\/tous-chateaux-queut\/","url_meta":{"origin":7438,"position":0},"title":"Tous ch\u00e2teaux qu&rsquo;eut.","author":"dpc","date":"23 avril 2010","format":false,"excerpt":"Ch\u00e2teau de Dieppe, 21 mars. B\u00e2ti au XIIe si\u00e8cle, d\u00e9moli dans la foul\u00e9e, reb\u00e2ti au XIVe si\u00e8cle puis red\u00e9truit au XVIIe, le ch\u00e2teau de Dieppe, surplombant la ville de Dieppe au bord de la mer de Dieppe dans la r\u00e9gion de Dieppe, pr\u00e9sente la particularit\u00e9 d'\u00eatre l'un des rares ch\u00e2teaux\u2026","rel":"","context":"Dans &quot;DPC&quot;","block_context":{"text":"DPC","link":"https:\/\/www.wallendorff.com\/belogue\/category\/dpc\/"},"img":{"alt_text":"","src":"https:\/\/i0.wp.com\/www.wallendorff.com\/belogue\/wp-content\/uploads\/2015\/04\/201004231.jpg?resize=350%2C200&ssl=1","width":350,"height":200},"classes":[]},{"id":7431,"url":"https:\/\/www.wallendorff.com\/belogue\/2010\/04\/26\/des-tours-ne-mandent-ni-meurent\/","url_meta":{"origin":7438,"position":1},"title":"Des tours ne mandent ni meurent.","author":"dpc","date":"26 avril 2010","format":false,"excerpt":"Ch\u00e2teau de Dieppe, 21 mars. Le No articles on this date l\u00e0 ci-dessous dans l'Un an je passe m'indique insidieusement qu'il serait temps de repartir quelque part, mine de rien. \u00a0The Raconteurs \u2013 These Stones Will Shout","rel":"","context":"Dans &quot;DPC&quot;","block_context":{"text":"DPC","link":"https:\/\/www.wallendorff.com\/belogue\/category\/dpc\/"},"img":{"alt_text":"","src":"https:\/\/i0.wp.com\/www.wallendorff.com\/belogue\/wp-content\/uploads\/2015\/04\/201004261.jpg?resize=350%2C200&ssl=1","width":350,"height":200},"classes":[]},{"id":7344,"url":"https:\/\/www.wallendorff.com\/belogue\/2010\/04\/06\/promenade-des-ongules\/","url_meta":{"origin":7438,"position":2},"title":"Promenade des ongul\u00e9s.","author":"dpc","date":"6 avril 2010","format":false,"excerpt":"Dieppe, 20 mars. J'avoue que ce titre eut \u00e9t\u00e9 plus dr\u00f4le pour introduire un couple d'hippopotames. Mais faut dire qu'on trouve fort peu d'hippopotames en Haute-Normandie. [Contrairement \u00e0 ce qu'on croit.] Restons dans les hippopotames avec une bande-son \u2015\u00a0qui, une fois de plus, habille fort bien la photo car on\u2026","rel":"","context":"Dans &quot;DPC&quot;","block_context":{"text":"DPC","link":"https:\/\/www.wallendorff.com\/belogue\/category\/dpc\/"},"img":{"alt_text":"","src":"https:\/\/i0.wp.com\/www.wallendorff.com\/belogue\/wp-content\/uploads\/2015\/04\/201004061.jpg?resize=350%2C200&ssl=1","width":350,"height":200},"classes":[]},{"id":7272,"url":"https:\/\/www.wallendorff.com\/belogue\/2010\/03\/22\/home-is-where-the-harp-is\/","url_meta":{"origin":7438,"position":3},"title":"Home is where the harp is.","author":"dpc","date":"22 mars 2010","format":false,"excerpt":"Rue de l'\u00c9p\u00e9e, Dieppe, 20 mars. \u201cIt could be worse, we could be Welsh.\u201d En plus d'illustrer on ne peut mieux ce week-end pass\u00e9 avec un beau chapeau \u00e0 encha\u00eener de salvatrices sessions libatoires avec un beau chapeau en la compagnie raffin\u00e9e d'une bande de gros pleins de stout orn\u00e9s\u2026","rel":"","context":"Dans &quot;DPC&quot;","block_context":{"text":"DPC","link":"https:\/\/www.wallendorff.com\/belogue\/category\/dpc\/"},"img":{"alt_text":"","src":"https:\/\/i0.wp.com\/www.wallendorff.com\/belogue\/wp-content\/uploads\/2015\/04\/201003221.jpg?resize=350%2C200&ssl=1","width":350,"height":200,"srcset":"https:\/\/i0.wp.com\/www.wallendorff.com\/belogue\/wp-content\/uploads\/2015\/04\/201003221.jpg?resize=350%2C200&ssl=1 1x, https:\/\/i0.wp.com\/www.wallendorff.com\/belogue\/wp-content\/uploads\/2015\/04\/201003221.jpg?resize=525%2C300&ssl=1 1.5x"},"classes":[]},{"id":7410,"url":"https:\/\/www.wallendorff.com\/belogue\/2010\/04\/19\/vassal-amer\/","url_meta":{"origin":7438,"position":4},"title":"Vassal amer.","author":"dpc","date":"19 avril 2010","format":false,"excerpt":"Dieppe, 20 mars. Titre pourri en d\u00e9tournant Calogero. Y a vraiment pas de quoi \u00eatre fier. \u00a0Isobel Campbell & Mark Lanegan \u2013 Seafaring Song","rel":"","context":"Dans &quot;DPC&quot;","block_context":{"text":"DPC","link":"https:\/\/www.wallendorff.com\/belogue\/category\/dpc\/"},"img":{"alt_text":"","src":"https:\/\/i0.wp.com\/www.wallendorff.com\/belogue\/wp-content\/uploads\/2015\/04\/201004191.jpg?resize=350%2C200&ssl=1","width":350,"height":200},"classes":[]},{"id":7351,"url":"https:\/\/www.wallendorff.com\/belogue\/2010\/04\/07\/rain-down-on-me\/","url_meta":{"origin":7438,"position":5},"title":"Rain down on me.","author":"dpc","date":"7 avril 2010","format":false,"excerpt":"Dieppe, 20 mars. [Ne vaut rien sans sa bande-son, hein.] \u00a0Mumford and Sons \u2013 Thistles & Weeds Bon sinon j'ai commenc\u00e9 \u00e0 bosser sur une nouvelle g\u00e9n\u00e9ration d'annales du bac \u00e0 l'attention des jeunes qui passent le grand examen qui scellera leur destin en juin. Gr\u00e2ce \u00e0 Faceplouque il est\u2026","rel":"","context":"Dans &quot;DPC&quot;","block_context":{"text":"DPC","link":"https:\/\/www.wallendorff.com\/belogue\/category\/dpc\/"},"img":{"alt_text":"","src":"https:\/\/i0.wp.com\/www.wallendorff.com\/belogue\/wp-content\/uploads\/2015\/04\/201004071.jpg?resize=350%2C200&ssl=1","width":350,"height":200,"srcset":"https:\/\/i0.wp.com\/www.wallendorff.com\/belogue\/wp-content\/uploads\/2015\/04\/201004071.jpg?resize=350%2C200&ssl=1 1x, https:\/\/i0.wp.com\/www.wallendorff.com\/belogue\/wp-content\/uploads\/2015\/04\/201004071.jpg?resize=525%2C300&ssl=1 1.5x, https:\/\/i0.wp.com\/www.wallendorff.com\/belogue\/wp-content\/uploads\/2015\/04\/201004071.jpg?resize=700%2C400&ssl=1 2x"},"classes":[]}],"_links":{"self":[{"href":"https:\/\/www.wallendorff.com\/belogue\/wp-json\/wp\/v2\/posts\/7438","targetHints":{"allow":["GET"]}}],"collection":[{"href":"https:\/\/www.wallendorff.com\/belogue\/wp-json\/wp\/v2\/posts"}],"about":[{"href":"https:\/\/www.wallendorff.com\/belogue\/wp-json\/wp\/v2\/types\/post"}],"author":[{"embeddable":true,"href":"https:\/\/www.wallendorff.com\/belogue\/wp-json\/wp\/v2\/users\/1"}],"replies":[{"embeddable":true,"href":"https:\/\/www.wallendorff.com\/belogue\/wp-json\/wp\/v2\/comments?post=7438"}],"version-history":[{"count":1,"href":"https:\/\/www.wallendorff.com\/belogue\/wp-json\/wp\/v2\/posts\/7438\/revisions"}],"predecessor-version":[{"id":16469,"href":"https:\/\/www.wallendorff.com\/belogue\/wp-json\/wp\/v2\/posts\/7438\/revisions\/16469"}],"wp:featuredmedia":[{"embeddable":true,"href":"https:\/\/www.wallendorff.com\/belogue\/wp-json\/wp\/v2\/media\/25745"}],"wp:attachment":[{"href":"https:\/\/www.wallendorff.com\/belogue\/wp-json\/wp\/v2\/media?parent=7438"}],"wp:term":[{"taxonomy":"category","embeddable":true,"href":"https:\/\/www.wallendorff.com\/belogue\/wp-json\/wp\/v2\/categories?post=7438"},{"taxonomy":"post_tag","embeddable":true,"href":"https:\/\/www.wallendorff.com\/belogue\/wp-json\/wp\/v2\/tags?post=7438"}],"curies":[{"name":"wp","href":"https:\/\/api.w.org\/{rel}","templated":true}]}}