{"id":7431,"date":"2010-04-26T10:32:08","date_gmt":"2010-04-26T08:32:08","guid":{"rendered":"http:\/\/www.po-l.com\/belogue\/?p=7431"},"modified":"2012-03-20T11:05:08","modified_gmt":"2012-03-20T09:05:08","slug":"des-tours-ne-mandent-ni-meurent","status":"publish","type":"post","link":"https:\/\/www.wallendorff.com\/belogue\/2010\/04\/26\/des-tours-ne-mandent-ni-meurent\/","title":{"rendered":"Des tours ne mandent ni meurent."},"content":{"rendered":"\n<div id=\"photo\">\n<p><img decoding=\"async\" src=\"https:\/\/www.wallendorff.com\/belogue\/photo\/2010\/04\/20100426.jpg\" \/><br \/>\n        Ch&acirc;teau de Dieppe, 21 mars.<\/p>\n<\/p><\/div>\n<p style=\"text-align:right\">Le <em>No articles on this date<\/em> l&agrave; ci-dessous dans l&rsquo;<em>Un an je passe<\/em> m&rsquo;indique insidieusement qu&rsquo;il serait temps de repartir quelque part, mine de rien.<\/p>\n<div id=\"bandeson\">\n<p><img decoding=\"async\" src=\"https:\/\/www.wallendorff.com\/belogue\/photo\/pochettes\/r\/raconteurs_the-consolers_of_the_lonely.jpg\" align=\"left\" \/>&nbsp;<a href=\"http:\/\/www.theraconteurs.com\/\">The Raconteurs<\/a> &ndash; <em>These Stones Will Shout<\/em><\/p>\n<\/p><\/div>\n","protected":false},"excerpt":{"rendered":"<p>Ch&acirc;teau de Dieppe, 21 mars. Le No articles on this date l&agrave; ci-dessous dans l&rsquo;Un an je passe m&rsquo;indique insidieusement qu&rsquo;il serait temps de repartir quelque part, mine de rien. &nbsp;The Raconteurs &ndash; These Stones Will Shout<\/p>\n","protected":false},"author":1,"featured_media":25744,"comment_status":"open","ping_status":"open","sticky":false,"template":"","format":"standard","meta":{"_acf_changed":false,"ngg_post_thumbnail":0,"jetpack_post_was_ever_published":false,"_jetpack_newsletter_access":"","_jetpack_dont_email_post_to_subs":false,"_jetpack_newsletter_tier_id":0,"_jetpack_memberships_contains_paywalled_content":false,"_jetpack_memberships_contains_paid_content":false,"footnotes":"","jetpack_publicize_message":"","jetpack_publicize_feature_enabled":true,"jetpack_social_post_already_shared":false,"jetpack_social_options":{"image_generator_settings":{"template":"highway","default_image_id":0,"font":"","enabled":false},"version":2}},"categories":[3],"tags":[2571,2615,10633,3705,2349,10707,10120,10708,143,3621,1493,3710],"class_list":["post-7431","post","type-post","status-publish","format-standard","has-post-thumbnail","hentry","category-dpc","tag-ef-16-35-mm-f28l-ii-usm","tag-eos-5d-mark-ii","tag-chateau","tag-chateau-de-dieppe","tag-consolers-of-the-lonely","tag-dieppe","tag-france","tag-haute-normandie","tag-noir-et-blanc","tag-seine-maritime","tag-the-raconteurs","tag-these-stones-will-shout"],"acf":[],"geo":{"latitude":49.9244537,"longitude":1.070454,"description":"Rue de Chastes, 76200 Dieppe, France"},"jetpack_publicize_connections":[],"jetpack_featured_media_url":"https:\/\/www.wallendorff.com\/belogue\/wp-content\/uploads\/2015\/04\/201004261.jpg","jetpack_shortlink":"https:\/\/wp.me\/p3b35P-1VR","jetpack_sharing_enabled":true,"jetpack-related-posts":[{"id":7423,"url":"https:\/\/www.wallendorff.com\/belogue\/2010\/04\/23\/tous-chateaux-queut\/","url_meta":{"origin":7431,"position":0},"title":"Tous ch\u00e2teaux qu&rsquo;eut.","author":"dpc","date":"23 avril 2010","format":false,"excerpt":"Ch\u00e2teau de Dieppe, 21 mars. B\u00e2ti au XIIe si\u00e8cle, d\u00e9moli dans la foul\u00e9e, reb\u00e2ti au XIVe si\u00e8cle puis red\u00e9truit au XVIIe, le ch\u00e2teau de Dieppe, surplombant la ville de Dieppe au bord de la mer de Dieppe dans la r\u00e9gion de Dieppe, pr\u00e9sente la particularit\u00e9 d'\u00eatre l'un des rares ch\u00e2teaux\u2026","rel":"","context":"Dans &quot;DPC&quot;","block_context":{"text":"DPC","link":"https:\/\/www.wallendorff.com\/belogue\/category\/dpc\/"},"img":{"alt_text":"","src":"https:\/\/i0.wp.com\/www.wallendorff.com\/belogue\/wp-content\/uploads\/2015\/04\/201004231.jpg?resize=350%2C200&ssl=1","width":350,"height":200},"classes":[]},{"id":7438,"url":"https:\/\/www.wallendorff.com\/belogue\/2010\/04\/27\/its-getting-lonely-down-here\/","url_meta":{"origin":7431,"position":1},"title":"It&rsquo;s getting lonely down here.","author":"dpc","date":"27 avril 2010","format":false,"excerpt":"Ch\u00e2teau de Dieppe, 21 mars. On aura beaucoup tourn\u00e9 en bandes-sons d\u00e9primantes avec Dieppe, mais faut reconna\u00eetre que le brouillard, le gris, les gens tout seuls et les ciels mena\u00e7ants et sombres, \u00e7a colle quand m\u00eame super tr\u00e8s mal avec Justin Bieber ou les Stooges. Je sais bien, j'ai essay\u00e9.\u2026","rel":"","context":"Dans &quot;DPC&quot;","block_context":{"text":"DPC","link":"https:\/\/www.wallendorff.com\/belogue\/category\/dpc\/"},"img":{"alt_text":"","src":"https:\/\/i0.wp.com\/www.wallendorff.com\/belogue\/wp-content\/uploads\/2015\/04\/201004271.jpg?resize=350%2C200&ssl=1","width":350,"height":200},"classes":[]},{"id":7351,"url":"https:\/\/www.wallendorff.com\/belogue\/2010\/04\/07\/rain-down-on-me\/","url_meta":{"origin":7431,"position":2},"title":"Rain down on me.","author":"dpc","date":"7 avril 2010","format":false,"excerpt":"Dieppe, 20 mars. [Ne vaut rien sans sa bande-son, hein.] \u00a0Mumford and Sons \u2013 Thistles & Weeds Bon sinon j'ai commenc\u00e9 \u00e0 bosser sur une nouvelle g\u00e9n\u00e9ration d'annales du bac \u00e0 l'attention des jeunes qui passent le grand examen qui scellera leur destin en juin. Gr\u00e2ce \u00e0 Faceplouque il est\u2026","rel":"","context":"Dans &quot;DPC&quot;","block_context":{"text":"DPC","link":"https:\/\/www.wallendorff.com\/belogue\/category\/dpc\/"},"img":{"alt_text":"","src":"https:\/\/i0.wp.com\/www.wallendorff.com\/belogue\/wp-content\/uploads\/2015\/04\/201004071.jpg?resize=350%2C200&ssl=1","width":350,"height":200,"srcset":"https:\/\/i0.wp.com\/www.wallendorff.com\/belogue\/wp-content\/uploads\/2015\/04\/201004071.jpg?resize=350%2C200&ssl=1 1x, https:\/\/i0.wp.com\/www.wallendorff.com\/belogue\/wp-content\/uploads\/2015\/04\/201004071.jpg?resize=525%2C300&ssl=1 1.5x, https:\/\/i0.wp.com\/www.wallendorff.com\/belogue\/wp-content\/uploads\/2015\/04\/201004071.jpg?resize=700%2C400&ssl=1 2x"},"classes":[]},{"id":7410,"url":"https:\/\/www.wallendorff.com\/belogue\/2010\/04\/19\/vassal-amer\/","url_meta":{"origin":7431,"position":3},"title":"Vassal amer.","author":"dpc","date":"19 avril 2010","format":false,"excerpt":"Dieppe, 20 mars. Titre pourri en d\u00e9tournant Calogero. Y a vraiment pas de quoi \u00eatre fier. \u00a0Isobel Campbell & Mark Lanegan \u2013 Seafaring Song","rel":"","context":"Dans &quot;DPC&quot;","block_context":{"text":"DPC","link":"https:\/\/www.wallendorff.com\/belogue\/category\/dpc\/"},"img":{"alt_text":"","src":"https:\/\/i0.wp.com\/www.wallendorff.com\/belogue\/wp-content\/uploads\/2015\/04\/201004191.jpg?resize=350%2C200&ssl=1","width":350,"height":200},"classes":[]},{"id":7363,"url":"https:\/\/www.wallendorff.com\/belogue\/2010\/04\/09\/ais-gens-tant-sis-fluets-lutrins\/","url_meta":{"origin":7431,"position":4},"title":"Ais, gens tant sis, fluets lutrins.","author":"dpc","date":"9 avril 2010","format":false,"excerpt":"Dieppe, 20 mars. Je suis s\u00fbr que vous vous demandez tous ce qu'ils pouvaient bien attendre comme \u00e7a avec impatience. \u00c0 vrai dire moi aussi. \u00a0The Drums \u2013 Let's Go Surfing","rel":"","context":"Dans &quot;DPC&quot;","block_context":{"text":"DPC","link":"https:\/\/www.wallendorff.com\/belogue\/category\/dpc\/"},"img":{"alt_text":"","src":"https:\/\/i0.wp.com\/www.wallendorff.com\/belogue\/wp-content\/uploads\/2015\/04\/201004091.jpg?resize=350%2C200&ssl=1","width":350,"height":200},"classes":[]},{"id":7420,"url":"https:\/\/www.wallendorff.com\/belogue\/2010\/04\/22\/losing-count-of-all-the-days-ill-never-live\/","url_meta":{"origin":7431,"position":5},"title":"Losing count of all the days I&rsquo;ll never live.","author":"dpc","date":"22 avril 2010","format":false,"excerpt":"Grande Rue, Dieppe, 20 mars. Je crois que nous sommes tous d'accord pour dire qu'il n'y a qu'une seule chose \u00e0 retenir de la Neue Star de cette semaine. \u00a0Woodpigeon \u2013 Potsdamer Platz (Stomp, Stomp, Stomp)","rel":"","context":"Dans &quot;DPC&quot;","block_context":{"text":"DPC","link":"https:\/\/www.wallendorff.com\/belogue\/category\/dpc\/"},"img":{"alt_text":"","src":"https:\/\/i0.wp.com\/www.wallendorff.com\/belogue\/wp-content\/uploads\/2015\/04\/201004221.jpg?resize=350%2C200&ssl=1","width":350,"height":200},"classes":[]}],"_links":{"self":[{"href":"https:\/\/www.wallendorff.com\/belogue\/wp-json\/wp\/v2\/posts\/7431","targetHints":{"allow":["GET"]}}],"collection":[{"href":"https:\/\/www.wallendorff.com\/belogue\/wp-json\/wp\/v2\/posts"}],"about":[{"href":"https:\/\/www.wallendorff.com\/belogue\/wp-json\/wp\/v2\/types\/post"}],"author":[{"embeddable":true,"href":"https:\/\/www.wallendorff.com\/belogue\/wp-json\/wp\/v2\/users\/1"}],"replies":[{"embeddable":true,"href":"https:\/\/www.wallendorff.com\/belogue\/wp-json\/wp\/v2\/comments?post=7431"}],"version-history":[{"count":2,"href":"https:\/\/www.wallendorff.com\/belogue\/wp-json\/wp\/v2\/posts\/7431\/revisions"}],"predecessor-version":[{"id":7434,"href":"https:\/\/www.wallendorff.com\/belogue\/wp-json\/wp\/v2\/posts\/7431\/revisions\/7434"}],"wp:featuredmedia":[{"embeddable":true,"href":"https:\/\/www.wallendorff.com\/belogue\/wp-json\/wp\/v2\/media\/25744"}],"wp:attachment":[{"href":"https:\/\/www.wallendorff.com\/belogue\/wp-json\/wp\/v2\/media?parent=7431"}],"wp:term":[{"taxonomy":"category","embeddable":true,"href":"https:\/\/www.wallendorff.com\/belogue\/wp-json\/wp\/v2\/categories?post=7431"},{"taxonomy":"post_tag","embeddable":true,"href":"https:\/\/www.wallendorff.com\/belogue\/wp-json\/wp\/v2\/tags?post=7431"}],"curies":[{"name":"wp","href":"https:\/\/api.w.org\/{rel}","templated":true}]}}