{"id":7423,"date":"2010-04-23T09:54:35","date_gmt":"2010-04-23T07:54:35","guid":{"rendered":"http:\/\/www.po-l.com\/belogue\/?p=7423"},"modified":"2013-01-10T12:16:42","modified_gmt":"2013-01-10T10:16:42","slug":"tous-chateaux-queut","status":"publish","type":"post","link":"https:\/\/www.wallendorff.com\/belogue\/2010\/04\/23\/tous-chateaux-queut\/","title":{"rendered":"Tous ch\u00e2teaux qu&rsquo;eut."},"content":{"rendered":"\n<div id=\"photo\">\n<p><img decoding=\"async\" src=\"https:\/\/www.wallendorff.com\/belogue\/photo\/2010\/04\/20100423.jpg\" \/><br \/>\nCh\u00e2teau de Dieppe, 21 mars.<\/p>\n<\/p><\/div>\n<p>B\u00e2ti au XII<sup>e<\/sup> si\u00e8cle, d\u00e9moli dans la foul\u00e9e, reb\u00e2ti au XIV<sup>e<\/sup> si\u00e8cle puis red\u00e9truit au XVII<sup>e<\/sup>, le ch\u00e2teau de Dieppe, surplombant la ville de Dieppe au bord de la mer de Dieppe dans la r\u00e9gion de Dieppe, pr\u00e9sente la particularit\u00e9 d&rsquo;\u00eatre l&rsquo;un des rares ch\u00e2teaux de France \u00e0 faire l&rsquo;objet d&rsquo;une page du Kikip\u00e9dia <a href=\"http:\/\/en.wikipedia.org\/wiki\/Ch%C3%A2teau_de_Dieppe\">anglais<\/a>, mais pas de son cousin <a href=\"http:\/\/fr.wikipedia.org\/wiki\/Ch%C3%A2teau_de_Dieppe\">fran\u00e7ais<\/a>.<\/p>\n<p style=\"text-align:right\">C&rsquo;est beau, l&rsquo;histoire.<\/p>\n<div id=\"bandeson\">\n<p><img decoding=\"async\" src=\"https:\/\/www.wallendorff.com\/belogue\/photo\/pochettes\/b\/blanche-little_amber_bottles.jpg\" align=\"left\" \/>&nbsp;<a href=\"http:\/\/www.myspace.com\/blanchedetroit\">Blanche<\/a> &ndash; <em>(Exordium)<\/em><\/p>\n<\/p><\/div>\n","protected":false},"excerpt":{"rendered":"<p>Ch\u00e2teau de Dieppe, 21 mars. B\u00e2ti au XIIe si\u00e8cle, d\u00e9moli dans la foul\u00e9e, reb\u00e2ti au XIVe si\u00e8cle puis red\u00e9truit au XVIIe, le ch\u00e2teau de Dieppe, surplombant la ville de Dieppe au bord de la mer de Dieppe dans la r\u00e9gion de Dieppe, pr\u00e9sente la particularit\u00e9 d&rsquo;\u00eatre l&rsquo;un des rares ch\u00e2teaux de France \u00e0 faire l&rsquo;objet&hellip;<\/p>\n","protected":false},"author":1,"featured_media":25742,"comment_status":"open","ping_status":"open","sticky":false,"template":"","format":"standard","meta":{"_acf_changed":false,"ngg_post_thumbnail":0,"jetpack_post_was_ever_published":false,"_jetpack_newsletter_access":"","_jetpack_dont_email_post_to_subs":false,"_jetpack_newsletter_tier_id":0,"_jetpack_memberships_contains_paywalled_content":false,"_jetpack_memberships_contains_paid_content":false,"footnotes":"","jetpack_publicize_message":"","jetpack_publicize_feature_enabled":true,"jetpack_social_post_already_shared":false,"jetpack_social_options":{"image_generator_settings":{"template":"highway","default_image_id":0,"font":"","enabled":false},"version":2}},"categories":[3],"tags":[7186,77,1365,2571,2615,10633,3705,10707,10120,10708,143,10380,3621],"class_list":["post-7423","post","type-post","status-publish","format-standard","has-post-thumbnail","hentry","category-dpc","tag-exordium","tag-blanche","tag-brouillard","tag-ef-16-35-mm-f28l-ii-usm","tag-eos-5d-mark-ii","tag-chateau","tag-chateau-de-dieppe","tag-dieppe","tag-france","tag-haute-normandie","tag-noir-et-blanc","tag-pont","tag-seine-maritime"],"acf":[],"geo":{"latitude":49.9244308,"longitude":1.069783,"description":"Chemin de la Citadelle, 76200 Dieppe, France"},"jetpack_publicize_connections":[],"jetpack_featured_media_url":"https:\/\/www.wallendorff.com\/belogue\/wp-content\/uploads\/2015\/04\/201004231.jpg","jetpack_shortlink":"https:\/\/wp.me\/p3b35P-1VJ","jetpack_sharing_enabled":true,"jetpack-related-posts":[{"id":7431,"url":"https:\/\/www.wallendorff.com\/belogue\/2010\/04\/26\/des-tours-ne-mandent-ni-meurent\/","url_meta":{"origin":7423,"position":0},"title":"Des tours ne mandent ni meurent.","author":"dpc","date":"26 avril 2010","format":false,"excerpt":"Ch\u00e2teau de Dieppe, 21 mars. Le No articles on this date l\u00e0 ci-dessous dans l'Un an je passe m'indique insidieusement qu'il serait temps de repartir quelque part, mine de rien. \u00a0The Raconteurs \u2013 These Stones Will Shout","rel":"","context":"Dans &quot;DPC&quot;","block_context":{"text":"DPC","link":"https:\/\/www.wallendorff.com\/belogue\/category\/dpc\/"},"img":{"alt_text":"","src":"https:\/\/i0.wp.com\/www.wallendorff.com\/belogue\/wp-content\/uploads\/2015\/04\/201004261.jpg?resize=350%2C200&ssl=1","width":350,"height":200},"classes":[]},{"id":7438,"url":"https:\/\/www.wallendorff.com\/belogue\/2010\/04\/27\/its-getting-lonely-down-here\/","url_meta":{"origin":7423,"position":1},"title":"It&rsquo;s getting lonely down here.","author":"dpc","date":"27 avril 2010","format":false,"excerpt":"Ch\u00e2teau de Dieppe, 21 mars. On aura beaucoup tourn\u00e9 en bandes-sons d\u00e9primantes avec Dieppe, mais faut reconna\u00eetre que le brouillard, le gris, les gens tout seuls et les ciels mena\u00e7ants et sombres, \u00e7a colle quand m\u00eame super tr\u00e8s mal avec Justin Bieber ou les Stooges. Je sais bien, j'ai essay\u00e9.\u2026","rel":"","context":"Dans &quot;DPC&quot;","block_context":{"text":"DPC","link":"https:\/\/www.wallendorff.com\/belogue\/category\/dpc\/"},"img":{"alt_text":"","src":"https:\/\/i0.wp.com\/www.wallendorff.com\/belogue\/wp-content\/uploads\/2015\/04\/201004271.jpg?resize=350%2C200&ssl=1","width":350,"height":200},"classes":[]},{"id":7416,"url":"https:\/\/www.wallendorff.com\/belogue\/2010\/04\/20\/vie-fleuve-ans-dhuis-verts\/","url_meta":{"origin":7423,"position":2},"title":"Vie-fleuve, ans d&rsquo;huis verts1.","author":"dpc","date":"20 avril 2010","format":false,"excerpt":"Boulevard de Verdun, Dieppe, 20 mars. \u00a0Band of Horses \u2013 Compliment Et puisque j'ai re\u00e7u des tonnes de courrier de fans compl\u00e8tement subjugu\u00e9s par le talent, l'originalit\u00e9 et la rigueur d\u00e9ploy\u00e9s dans ma premi\u00e8re tentative de raconter l'histoire aux jeunes d'aujourd'hui au moyen d'un m\u00e9dium qu'ils connaissent vachement bien (l\u00e0),\u2026","rel":"","context":"Dans &quot;DPC&quot;","block_context":{"text":"DPC","link":"https:\/\/www.wallendorff.com\/belogue\/category\/dpc\/"},"img":{"alt_text":"","src":"https:\/\/i0.wp.com\/www.wallendorff.com\/belogue\/wp-content\/uploads\/2015\/04\/201004201.jpg?resize=350%2C200&ssl=1","width":350,"height":200},"classes":[]},{"id":7410,"url":"https:\/\/www.wallendorff.com\/belogue\/2010\/04\/19\/vassal-amer\/","url_meta":{"origin":7423,"position":3},"title":"Vassal amer.","author":"dpc","date":"19 avril 2010","format":false,"excerpt":"Dieppe, 20 mars. Titre pourri en d\u00e9tournant Calogero. Y a vraiment pas de quoi \u00eatre fier. \u00a0Isobel Campbell & Mark Lanegan \u2013 Seafaring Song","rel":"","context":"Dans &quot;DPC&quot;","block_context":{"text":"DPC","link":"https:\/\/www.wallendorff.com\/belogue\/category\/dpc\/"},"img":{"alt_text":"","src":"https:\/\/i0.wp.com\/www.wallendorff.com\/belogue\/wp-content\/uploads\/2015\/04\/201004191.jpg?resize=350%2C200&ssl=1","width":350,"height":200},"classes":[]},{"id":7363,"url":"https:\/\/www.wallendorff.com\/belogue\/2010\/04\/09\/ais-gens-tant-sis-fluets-lutrins\/","url_meta":{"origin":7423,"position":4},"title":"Ais, gens tant sis, fluets lutrins.","author":"dpc","date":"9 avril 2010","format":false,"excerpt":"Dieppe, 20 mars. Je suis s\u00fbr que vous vous demandez tous ce qu'ils pouvaient bien attendre comme \u00e7a avec impatience. \u00c0 vrai dire moi aussi. \u00a0The Drums \u2013 Let's Go Surfing","rel":"","context":"Dans &quot;DPC&quot;","block_context":{"text":"DPC","link":"https:\/\/www.wallendorff.com\/belogue\/category\/dpc\/"},"img":{"alt_text":"","src":"https:\/\/i0.wp.com\/www.wallendorff.com\/belogue\/wp-content\/uploads\/2015\/04\/201004091.jpg?resize=350%2C200&ssl=1","width":350,"height":200},"classes":[]},{"id":7272,"url":"https:\/\/www.wallendorff.com\/belogue\/2010\/03\/22\/home-is-where-the-harp-is\/","url_meta":{"origin":7423,"position":5},"title":"Home is where the harp is.","author":"dpc","date":"22 mars 2010","format":false,"excerpt":"Rue de l'\u00c9p\u00e9e, Dieppe, 20 mars. \u201cIt could be worse, we could be Welsh.\u201d En plus d'illustrer on ne peut mieux ce week-end pass\u00e9 avec un beau chapeau \u00e0 encha\u00eener de salvatrices sessions libatoires avec un beau chapeau en la compagnie raffin\u00e9e d'une bande de gros pleins de stout orn\u00e9s\u2026","rel":"","context":"Dans &quot;DPC&quot;","block_context":{"text":"DPC","link":"https:\/\/www.wallendorff.com\/belogue\/category\/dpc\/"},"img":{"alt_text":"","src":"https:\/\/i0.wp.com\/www.wallendorff.com\/belogue\/wp-content\/uploads\/2015\/04\/201003221.jpg?resize=350%2C200&ssl=1","width":350,"height":200,"srcset":"https:\/\/i0.wp.com\/www.wallendorff.com\/belogue\/wp-content\/uploads\/2015\/04\/201003221.jpg?resize=350%2C200&ssl=1 1x, https:\/\/i0.wp.com\/www.wallendorff.com\/belogue\/wp-content\/uploads\/2015\/04\/201003221.jpg?resize=525%2C300&ssl=1 1.5x"},"classes":[]}],"_links":{"self":[{"href":"https:\/\/www.wallendorff.com\/belogue\/wp-json\/wp\/v2\/posts\/7423","targetHints":{"allow":["GET"]}}],"collection":[{"href":"https:\/\/www.wallendorff.com\/belogue\/wp-json\/wp\/v2\/posts"}],"about":[{"href":"https:\/\/www.wallendorff.com\/belogue\/wp-json\/wp\/v2\/types\/post"}],"author":[{"embeddable":true,"href":"https:\/\/www.wallendorff.com\/belogue\/wp-json\/wp\/v2\/users\/1"}],"replies":[{"embeddable":true,"href":"https:\/\/www.wallendorff.com\/belogue\/wp-json\/wp\/v2\/comments?post=7423"}],"version-history":[{"count":2,"href":"https:\/\/www.wallendorff.com\/belogue\/wp-json\/wp\/v2\/posts\/7423\/revisions"}],"predecessor-version":[{"id":20079,"href":"https:\/\/www.wallendorff.com\/belogue\/wp-json\/wp\/v2\/posts\/7423\/revisions\/20079"}],"wp:featuredmedia":[{"embeddable":true,"href":"https:\/\/www.wallendorff.com\/belogue\/wp-json\/wp\/v2\/media\/25742"}],"wp:attachment":[{"href":"https:\/\/www.wallendorff.com\/belogue\/wp-json\/wp\/v2\/media?parent=7423"}],"wp:term":[{"taxonomy":"category","embeddable":true,"href":"https:\/\/www.wallendorff.com\/belogue\/wp-json\/wp\/v2\/categories?post=7423"},{"taxonomy":"post_tag","embeddable":true,"href":"https:\/\/www.wallendorff.com\/belogue\/wp-json\/wp\/v2\/tags?post=7423"}],"curies":[{"name":"wp","href":"https:\/\/api.w.org\/{rel}","templated":true}]}}