{"id":7416,"date":"2010-04-20T11:47:00","date_gmt":"2010-04-20T09:47:00","guid":{"rendered":"http:\/\/www.po-l.com\/belogue\/?p=7416"},"modified":"2012-03-16T10:44:54","modified_gmt":"2012-03-16T08:44:54","slug":"vie-fleuve-ans-dhuis-verts","status":"publish","type":"post","link":"https:\/\/www.wallendorff.com\/belogue\/2010\/04\/20\/vie-fleuve-ans-dhuis-verts\/","title":{"rendered":"Vie-fleuve, ans d&rsquo;huis verts<sup>1<\/sup>."},"content":{"rendered":"\n<div id=\"photo\">\n<p><img decoding=\"async\" src=\"https:\/\/www.wallendorff.com\/belogue\/photo\/2010\/04\/20100420.jpg\" \/><br \/>\nBoulevard de Verdun, Dieppe, 20 mars.<\/p>\n<\/p><\/div>\n<div id=\"bandeson\">\n<p><img decoding=\"async\" src=\"https:\/\/www.wallendorff.com\/belogue\/photo\/pochettes\/b\/band_of_horses-infinite_arms.jpg\" align=\"left\" \/>&nbsp;<a href=\"http:\/\/www.bandofhorses.com\/\">Band of Horses<\/a> &ndash; <em>Compliment<\/em><\/p>\n<\/p><\/div>\n<p>Et puisque j&rsquo;ai re&ccedil;u des tonnes de courrier de fans compl&egrave;tement subjugu&eacute;s par le talent, l&rsquo;originalit&eacute; et la rigueur d&eacute;ploy&eacute;s dans ma premi&egrave;re tentative de raconter l&rsquo;histoire aux jeunes d&rsquo;aujourd&rsquo;hui au moyen d&rsquo;un m&eacute;dium qu&rsquo;ils connaissent vachement bien (<a href=\"https:\/\/www.wallendorff.com\/belogue\/2010\/04\/07\/rain-down-on-me\/\">l&agrave;<\/a>), r&eacute;cidivons ce matin avec trois nouveaux &eacute;pisodes tout aussi emplis d&rsquo;une exactitude historique totalement incontestable. Y en aura peut-&ecirc;tre encore d&rsquo;autres plus tard, mais seulement si vous &ecirc;tes sages.<\/p>\n<div id=\"photo2\">\n<p><img decoding=\"async\" src=\"https:\/\/www.wallendorff.com\/belogue\/photo\/2010\/04\/20100420-01.jpg\" \/><\/p>\n<\/div>\n<div id=\"photo2\">\n<p><img decoding=\"async\" src=\"https:\/\/www.wallendorff.com\/belogue\/photo\/2010\/04\/20100420-02.jpg\" \/><\/p>\n<\/div>\n<div id=\"photo2\">\n<p><img decoding=\"async\" src=\"https:\/\/www.wallendorff.com\/belogue\/photo\/2010\/04\/20100420-03.jpg\" \/><\/p>\n<\/div>\n<p>_____<\/p>\n<div id=\"bas_note\">\n<p><sup>1<\/sup>  Tr&egrave;s proche de <a href=\"https:\/\/www.wallendorff.com\/belogue\/2006\/12\/25\/vif-levant-d-hier\/\">ce titre-l&agrave;<\/a>, mais qui s&rsquo;en souviendrait&nbsp;?<\/p>\n<\/div>\n","protected":false},"excerpt":{"rendered":"<p>Boulevard de Verdun, Dieppe, 20 mars. &nbsp;Band of Horses &ndash; Compliment Et puisque j&rsquo;ai re&ccedil;u des tonnes de courrier de fans compl&egrave;tement subjugu&eacute;s par le talent, l&rsquo;originalit&eacute; et la rigueur d&eacute;ploy&eacute;s dans ma premi&egrave;re tentative de raconter l&rsquo;histoire aux jeunes d&rsquo;aujourd&rsquo;hui au moyen d&rsquo;un m&eacute;dium qu&rsquo;ils connaissent vachement bien (l&agrave;), r&eacute;cidivons ce matin avec trois&hellip;<\/p>\n","protected":false},"author":1,"featured_media":25740,"comment_status":"open","ping_status":"open","sticky":false,"template":"","format":"standard","meta":{"_acf_changed":false,"ngg_post_thumbnail":0,"jetpack_post_was_ever_published":false,"_jetpack_newsletter_access":"","_jetpack_dont_email_post_to_subs":false,"_jetpack_newsletter_tier_id":0,"_jetpack_memberships_contains_paywalled_content":false,"_jetpack_memberships_contains_paid_content":false,"footnotes":"","jetpack_publicize_message":"","jetpack_publicize_feature_enabled":true,"jetpack_social_post_already_shared":false,"jetpack_social_options":{"image_generator_settings":{"template":"highway","default_image_id":0,"font":"","enabled":false},"version":2}},"categories":[3],"tags":[3697,3698,3696,2571,2615,3699,10707,3660,10120,10708,10619,10485,10305,3621],"class_list":["post-7416","post","type-post","status-publish","format-standard","has-post-thumbnail","hentry","category-dpc","tag-allee","tag-band-of-horses","tag-boulevard-de-verdun","tag-ef-16-35-mm-f28l-ii-usm","tag-eos-5d-mark-ii","tag-compliments","tag-dieppe","tag-facebouquerie","tag-france","tag-haute-normandie","tag-jardin","tag-maison","tag-porte","tag-seine-maritime"],"acf":[],"geo":{"latitude":49.929409,"longitude":1.0804957,"description":"50 Boulevard de Verdun, 76200 Dieppe, France"},"jetpack_publicize_connections":[],"jetpack_featured_media_url":"https:\/\/www.wallendorff.com\/belogue\/wp-content\/uploads\/2015\/04\/201004201.jpg","jetpack_shortlink":"https:\/\/wp.me\/p3b35P-1VC","jetpack_sharing_enabled":true,"jetpack-related-posts":[{"id":7423,"url":"https:\/\/www.wallendorff.com\/belogue\/2010\/04\/23\/tous-chateaux-queut\/","url_meta":{"origin":7416,"position":0},"title":"Tous ch\u00e2teaux qu&rsquo;eut.","author":"dpc","date":"23 avril 2010","format":false,"excerpt":"Ch\u00e2teau de Dieppe, 21 mars. B\u00e2ti au XIIe si\u00e8cle, d\u00e9moli dans la foul\u00e9e, reb\u00e2ti au XIVe si\u00e8cle puis red\u00e9truit au XVIIe, le ch\u00e2teau de Dieppe, surplombant la ville de Dieppe au bord de la mer de Dieppe dans la r\u00e9gion de Dieppe, pr\u00e9sente la particularit\u00e9 d'\u00eatre l'un des rares ch\u00e2teaux\u2026","rel":"","context":"Dans &quot;DPC&quot;","block_context":{"text":"DPC","link":"https:\/\/www.wallendorff.com\/belogue\/category\/dpc\/"},"img":{"alt_text":"","src":"https:\/\/i0.wp.com\/www.wallendorff.com\/belogue\/wp-content\/uploads\/2015\/04\/201004231.jpg?resize=350%2C200&ssl=1","width":350,"height":200},"classes":[]},{"id":7438,"url":"https:\/\/www.wallendorff.com\/belogue\/2010\/04\/27\/its-getting-lonely-down-here\/","url_meta":{"origin":7416,"position":1},"title":"It&rsquo;s getting lonely down here.","author":"dpc","date":"27 avril 2010","format":false,"excerpt":"Ch\u00e2teau de Dieppe, 21 mars. On aura beaucoup tourn\u00e9 en bandes-sons d\u00e9primantes avec Dieppe, mais faut reconna\u00eetre que le brouillard, le gris, les gens tout seuls et les ciels mena\u00e7ants et sombres, \u00e7a colle quand m\u00eame super tr\u00e8s mal avec Justin Bieber ou les Stooges. Je sais bien, j'ai essay\u00e9.\u2026","rel":"","context":"Dans &quot;DPC&quot;","block_context":{"text":"DPC","link":"https:\/\/www.wallendorff.com\/belogue\/category\/dpc\/"},"img":{"alt_text":"","src":"https:\/\/i0.wp.com\/www.wallendorff.com\/belogue\/wp-content\/uploads\/2015\/04\/201004271.jpg?resize=350%2C200&ssl=1","width":350,"height":200},"classes":[]},{"id":7431,"url":"https:\/\/www.wallendorff.com\/belogue\/2010\/04\/26\/des-tours-ne-mandent-ni-meurent\/","url_meta":{"origin":7416,"position":2},"title":"Des tours ne mandent ni meurent.","author":"dpc","date":"26 avril 2010","format":false,"excerpt":"Ch\u00e2teau de Dieppe, 21 mars. Le No articles on this date l\u00e0 ci-dessous dans l'Un an je passe m'indique insidieusement qu'il serait temps de repartir quelque part, mine de rien. \u00a0The Raconteurs \u2013 These Stones Will Shout","rel":"","context":"Dans &quot;DPC&quot;","block_context":{"text":"DPC","link":"https:\/\/www.wallendorff.com\/belogue\/category\/dpc\/"},"img":{"alt_text":"","src":"https:\/\/i0.wp.com\/www.wallendorff.com\/belogue\/wp-content\/uploads\/2015\/04\/201004261.jpg?resize=350%2C200&ssl=1","width":350,"height":200},"classes":[]},{"id":7410,"url":"https:\/\/www.wallendorff.com\/belogue\/2010\/04\/19\/vassal-amer\/","url_meta":{"origin":7416,"position":3},"title":"Vassal amer.","author":"dpc","date":"19 avril 2010","format":false,"excerpt":"Dieppe, 20 mars. Titre pourri en d\u00e9tournant Calogero. Y a vraiment pas de quoi \u00eatre fier. \u00a0Isobel Campbell & Mark Lanegan \u2013 Seafaring Song","rel":"","context":"Dans &quot;DPC&quot;","block_context":{"text":"DPC","link":"https:\/\/www.wallendorff.com\/belogue\/category\/dpc\/"},"img":{"alt_text":"","src":"https:\/\/i0.wp.com\/www.wallendorff.com\/belogue\/wp-content\/uploads\/2015\/04\/201004191.jpg?resize=350%2C200&ssl=1","width":350,"height":200},"classes":[]},{"id":7344,"url":"https:\/\/www.wallendorff.com\/belogue\/2010\/04\/06\/promenade-des-ongules\/","url_meta":{"origin":7416,"position":4},"title":"Promenade des ongul\u00e9s.","author":"dpc","date":"6 avril 2010","format":false,"excerpt":"Dieppe, 20 mars. J'avoue que ce titre eut \u00e9t\u00e9 plus dr\u00f4le pour introduire un couple d'hippopotames. Mais faut dire qu'on trouve fort peu d'hippopotames en Haute-Normandie. [Contrairement \u00e0 ce qu'on croit.] Restons dans les hippopotames avec une bande-son \u2015\u00a0qui, une fois de plus, habille fort bien la photo car on\u2026","rel":"","context":"Dans &quot;DPC&quot;","block_context":{"text":"DPC","link":"https:\/\/www.wallendorff.com\/belogue\/category\/dpc\/"},"img":{"alt_text":"","src":"https:\/\/i0.wp.com\/www.wallendorff.com\/belogue\/wp-content\/uploads\/2015\/04\/201004061.jpg?resize=350%2C200&ssl=1","width":350,"height":200},"classes":[]},{"id":7420,"url":"https:\/\/www.wallendorff.com\/belogue\/2010\/04\/22\/losing-count-of-all-the-days-ill-never-live\/","url_meta":{"origin":7416,"position":5},"title":"Losing count of all the days I&rsquo;ll never live.","author":"dpc","date":"22 avril 2010","format":false,"excerpt":"Grande Rue, Dieppe, 20 mars. Je crois que nous sommes tous d'accord pour dire qu'il n'y a qu'une seule chose \u00e0 retenir de la Neue Star de cette semaine. \u00a0Woodpigeon \u2013 Potsdamer Platz (Stomp, Stomp, Stomp)","rel":"","context":"Dans &quot;DPC&quot;","block_context":{"text":"DPC","link":"https:\/\/www.wallendorff.com\/belogue\/category\/dpc\/"},"img":{"alt_text":"","src":"https:\/\/i0.wp.com\/www.wallendorff.com\/belogue\/wp-content\/uploads\/2015\/04\/201004221.jpg?resize=350%2C200&ssl=1","width":350,"height":200},"classes":[]}],"_links":{"self":[{"href":"https:\/\/www.wallendorff.com\/belogue\/wp-json\/wp\/v2\/posts\/7416","targetHints":{"allow":["GET"]}}],"collection":[{"href":"https:\/\/www.wallendorff.com\/belogue\/wp-json\/wp\/v2\/posts"}],"about":[{"href":"https:\/\/www.wallendorff.com\/belogue\/wp-json\/wp\/v2\/types\/post"}],"author":[{"embeddable":true,"href":"https:\/\/www.wallendorff.com\/belogue\/wp-json\/wp\/v2\/users\/1"}],"replies":[{"embeddable":true,"href":"https:\/\/www.wallendorff.com\/belogue\/wp-json\/wp\/v2\/comments?post=7416"}],"version-history":[{"count":2,"href":"https:\/\/www.wallendorff.com\/belogue\/wp-json\/wp\/v2\/posts\/7416\/revisions"}],"predecessor-version":[{"id":16409,"href":"https:\/\/www.wallendorff.com\/belogue\/wp-json\/wp\/v2\/posts\/7416\/revisions\/16409"}],"wp:featuredmedia":[{"embeddable":true,"href":"https:\/\/www.wallendorff.com\/belogue\/wp-json\/wp\/v2\/media\/25740"}],"wp:attachment":[{"href":"https:\/\/www.wallendorff.com\/belogue\/wp-json\/wp\/v2\/media?parent=7416"}],"wp:term":[{"taxonomy":"category","embeddable":true,"href":"https:\/\/www.wallendorff.com\/belogue\/wp-json\/wp\/v2\/categories?post=7416"},{"taxonomy":"post_tag","embeddable":true,"href":"https:\/\/www.wallendorff.com\/belogue\/wp-json\/wp\/v2\/tags?post=7416"}],"curies":[{"name":"wp","href":"https:\/\/api.w.org\/{rel}","templated":true}]}}