{"id":7410,"date":"2010-04-19T09:51:35","date_gmt":"2010-04-19T07:51:35","guid":{"rendered":"http:\/\/www.po-l.com\/belogue\/?p=7410"},"modified":"2012-02-09T13:44:52","modified_gmt":"2012-02-09T11:44:52","slug":"vassal-amer","status":"publish","type":"post","link":"https:\/\/www.wallendorff.com\/belogue\/2010\/04\/19\/vassal-amer\/","title":{"rendered":"Vassal amer."},"content":{"rendered":"\n<div id=\"photo\">\n<p><img decoding=\"async\" src=\"https:\/\/www.wallendorff.com\/belogue\/photo\/2010\/04\/20100419.jpg\" \/><br \/>\nDieppe, 20 mars.<\/p>\n<\/p><\/div>\n<p style=\"text-align:right\">Titre pourri en d&eacute;tournant Calogero.<\/p>\n<p style=\"text-align:right\">Y a vraiment pas de quoi &ecirc;tre fier.<\/p>\n<div id=\"bandeson\">\n<p><img decoding=\"async\" src=\"https:\/\/www.wallendorff.com\/belogue\/photo\/pochettes\/c\/campbell_isobel-mark_lanegan-sunday_at_devil_dirt.jpg\" align=\"left\" \/>&nbsp;<a href=\"http:\/\/www.myspace.com\/isobelcampbell\">Isobel Campbell<\/a> &amp; <a href=\"http:\/\/www.myspace.com\/marklanegan\">Mark Lanegan<\/a> &ndash; <em>Seafaring Song<\/em><\/p>\n<\/p><\/div>\n","protected":false},"excerpt":{"rendered":"<p>Dieppe, 20 mars. Titre pourri en d&eacute;tournant Calogero. Y a vraiment pas de quoi &ecirc;tre fier. &nbsp;Isobel Campbell &amp; Mark Lanegan &ndash; Seafaring Song<\/p>\n","protected":false},"author":1,"featured_media":25739,"comment_status":"open","ping_status":"open","sticky":false,"template":"","format":"standard","meta":{"_acf_changed":false,"ngg_post_thumbnail":0,"jetpack_post_was_ever_published":false,"_jetpack_newsletter_access":"","_jetpack_dont_email_post_to_subs":false,"_jetpack_newsletter_tier_id":0,"_jetpack_memberships_contains_paywalled_content":false,"_jetpack_memberships_contains_paid_content":false,"footnotes":"","jetpack_publicize_message":"","jetpack_publicize_feature_enabled":true,"jetpack_social_post_already_shared":false,"jetpack_social_options":{"image_generator_settings":{"template":"highway","default_image_id":0,"font":"","enabled":false},"version":2}},"categories":[3],"tags":[2571,2615,10144,10707,10484,10120,10708,10362,10719,10363,10483,10599,10688,3695,3621,1150],"class_list":["post-7410","post","type-post","status-publish","format-standard","has-post-thumbnail","hentry","category-dpc","tag-ef-16-35-mm-f28l-ii-usm","tag-eos-5d-mark-ii","tag-ciel","tag-dieppe","tag-eau","tag-france","tag-haute-normandie","tag-isobel-campbell","tag-jetee","tag-mark-lanegan","tag-mer","tag-nuage","tag-paves","tag-seafaring-song","tag-seine-maritime","tag-vieux"],"acf":[],"geo":{"latitude":49.9338074,"longitude":1.0833549,"description":"Chenal du Pollet, 76200 Dieppe, France"},"jetpack_publicize_connections":[],"jetpack_featured_media_url":"https:\/\/www.wallendorff.com\/belogue\/wp-content\/uploads\/2015\/04\/201004191.jpg","jetpack_shortlink":"https:\/\/wp.me\/p3b35P-1Vw","jetpack_sharing_enabled":true,"jetpack-related-posts":[{"id":1244,"url":"https:\/\/www.wallendorff.com\/belogue\/2008\/06\/07\/isobel-campbell-mark-lanegan-la-cigale-paris\/","url_meta":{"origin":7410,"position":0},"title":"Isobel Campbell &amp; Mark Lanegan @ la Cigale, Paris.","author":"dpc","date":"7 juin 2008","format":false,"excerpt":"Puisque c'est de saison\u00a0: \u00a0Isobel Campbell & Mark Lanegan \u2013 Honeychild, What Can I Do?","rel":"","context":"Dans &quot;Alive&quot;","block_context":{"text":"Alive","link":"https:\/\/www.wallendorff.com\/belogue\/category\/alive\/"},"img":{"alt_text":"","src":"https:\/\/i0.wp.com\/www.wallendorff.com\/belogue\/wp-content\/uploads\/2015\/04\/200806071.jpg?resize=350%2C200&ssl=1","width":350,"height":200,"srcset":"https:\/\/i0.wp.com\/www.wallendorff.com\/belogue\/wp-content\/uploads\/2015\/04\/200806071.jpg?resize=350%2C200&ssl=1 1x, https:\/\/i0.wp.com\/www.wallendorff.com\/belogue\/wp-content\/uploads\/2015\/04\/200806071.jpg?resize=525%2C300&ssl=1 1.5x, https:\/\/i0.wp.com\/www.wallendorff.com\/belogue\/wp-content\/uploads\/2015\/04\/200806071.jpg?resize=700%2C400&ssl=1 2x"},"classes":[]},{"id":3649,"url":"https:\/\/www.wallendorff.com\/belogue\/2008\/12\/04\/isobel-campbell-mark-lanegan-le-trabendo-paris\/","url_meta":{"origin":7410,"position":1},"title":"Isobel Campbell &#038; Mark Lanegan @ le Trabendo, Paris.","author":"dpc","date":"4 d\u00e9cembre 2008","format":false,"excerpt":"Isobel Campbell & Mark Lanegan \u2013 Ramblin' Man (Hank William cover) Le truc le plus dingue \u00e0 retenir de la soir\u00e9e, \u00e7a reste que le Mark Lanegan, il porte les m\u00eames pompes que moi, ce qui montre bien qu'il est rock en 2008. \u00c0 part \u00e7a ce Trabendo aura \u00e9t\u00e9\u2026","rel":"","context":"Dans &quot;Alive&quot;","block_context":{"text":"Alive","link":"https:\/\/www.wallendorff.com\/belogue\/category\/alive\/"},"img":{"alt_text":"","src":"https:\/\/i0.wp.com\/www.wallendorff.com\/belogue\/wp-content\/uploads\/2015\/04\/200812041.jpg?resize=350%2C200&ssl=1","width":350,"height":200,"srcset":"https:\/\/i0.wp.com\/www.wallendorff.com\/belogue\/wp-content\/uploads\/2015\/04\/200812041.jpg?resize=350%2C200&ssl=1 1x, https:\/\/i0.wp.com\/www.wallendorff.com\/belogue\/wp-content\/uploads\/2015\/04\/200812041.jpg?resize=525%2C300&ssl=1 1.5x, https:\/\/i0.wp.com\/www.wallendorff.com\/belogue\/wp-content\/uploads\/2015\/04\/200812041.jpg?resize=700%2C400&ssl=1 2x"},"classes":[]},{"id":8904,"url":"https:\/\/www.wallendorff.com\/belogue\/2010\/09\/12\/isobel-campbell-mark-lanegan-damien-jurado-willy-mason-le-cafe-de-la-danse-paris\/","url_meta":{"origin":7410,"position":2},"title":"Isobel Campbell &#038; Mark Lanegan + Damien Jurado + Willy Mason @ le Caf\u00e9 de la Danse, Paris.","author":"dpc","date":"12 septembre 2010","format":false,"excerpt":"La formule a \u00e9volu\u00e9 en deux ans. C'est une bonne chose, d'ailleurs, quand on consid\u00e8re ce Sunday at Devil's Dirt qui, en 2008, laissait un arri\u00e8re-go\u00fbt de redite pas vraiment \u00e0 la hauteur de Ballads of the Broken Seas. Sur Hawk, Campbell et Lanegan ont vari\u00e9 les plaisirs, invitant du\u2026","rel":"","context":"Dans &quot;Alive&quot;","block_context":{"text":"Alive","link":"https:\/\/www.wallendorff.com\/belogue\/category\/alive\/"},"img":{"alt_text":"","src":"https:\/\/i0.wp.com\/www.wallendorff.com\/belogue\/wp-content\/uploads\/2015\/04\/201009121.jpg?resize=350%2C200&ssl=1","width":350,"height":200,"srcset":"https:\/\/i0.wp.com\/www.wallendorff.com\/belogue\/wp-content\/uploads\/2015\/04\/201009121.jpg?resize=350%2C200&ssl=1 1x, https:\/\/i0.wp.com\/www.wallendorff.com\/belogue\/wp-content\/uploads\/2015\/04\/201009121.jpg?resize=525%2C300&ssl=1 1.5x, https:\/\/i0.wp.com\/www.wallendorff.com\/belogue\/wp-content\/uploads\/2015\/04\/201009121.jpg?resize=700%2C400&ssl=1 2x"},"classes":[]},{"id":12726,"url":"https:\/\/www.wallendorff.com\/belogue\/2011\/05\/10\/follow-ii\/","url_meta":{"origin":7410,"position":3},"title":"Follow [II].","author":"dpc","date":"10 mai 2011","format":false,"excerpt":"Rue Andr\u00e9-Antoine, Paris, 20 avril. \u00a0Isobel Campbell & Mark Lanegan \u2013 Something to Believe","rel":"","context":"Dans &quot;DPC&quot;","block_context":{"text":"DPC","link":"https:\/\/www.wallendorff.com\/belogue\/category\/dpc\/"},"img":{"alt_text":"","src":"https:\/\/i0.wp.com\/www.wallendorff.com\/belogue\/wp-content\/uploads\/2015\/04\/201105101.jpg?resize=350%2C200&ssl=1","width":350,"height":200},"classes":[]},{"id":13351,"url":"https:\/\/www.wallendorff.com\/belogue\/2011\/10\/10\/retour-de-flane\/","url_meta":{"origin":7410,"position":4},"title":"Retour de fl\u00e2ne.","author":"dpc","date":"10 octobre 2011","format":false,"excerpt":"Tr\u00e8s Grosse Biblioth\u00e8que, Paris, 12 ao\u00fbt. Isobel Campbell & Mark Lanegan \u2013 Further into the Night","rel":"","context":"Dans &quot;DPC&quot;","block_context":{"text":"DPC","link":"https:\/\/www.wallendorff.com\/belogue\/category\/dpc\/"},"img":{"alt_text":"","src":"https:\/\/i0.wp.com\/www.wallendorff.com\/belogue\/wp-content\/uploads\/2015\/04\/201110101.jpg?resize=350%2C200&ssl=1","width":350,"height":200,"srcset":"https:\/\/i0.wp.com\/www.wallendorff.com\/belogue\/wp-content\/uploads\/2015\/04\/201110101.jpg?resize=350%2C200&ssl=1 1x, https:\/\/i0.wp.com\/www.wallendorff.com\/belogue\/wp-content\/uploads\/2015\/04\/201110101.jpg?resize=525%2C300&ssl=1 1.5x, https:\/\/i0.wp.com\/www.wallendorff.com\/belogue\/wp-content\/uploads\/2015\/04\/201110101.jpg?resize=700%2C400&ssl=1 2x"},"classes":[]},{"id":30,"url":"https:\/\/www.wallendorff.com\/belogue\/2006\/02\/12\/ton-beau-ou-vert\/","url_meta":{"origin":7410,"position":5},"title":"&Agrave; ton beau o&ugrave; vert.","author":"dpc","date":"12 f\u00e9vrier 2006","format":false,"excerpt":"L'Ardenne, 12 f\u00e9vrier, 16h01. (... And I still don't like Mondays.) \u00a0Isobel Campbell & Mark Lanegan \u2013 Revolver","rel":"","context":"Dans &quot;DPC&quot;","block_context":{"text":"DPC","link":"https:\/\/www.wallendorff.com\/belogue\/category\/dpc\/"},"img":{"alt_text":"","src":"https:\/\/i0.wp.com\/www.wallendorff.com\/belogue\/wp-content\/uploads\/2015\/04\/200602121.jpg?resize=350%2C200&ssl=1","width":350,"height":200},"classes":[]}],"_links":{"self":[{"href":"https:\/\/www.wallendorff.com\/belogue\/wp-json\/wp\/v2\/posts\/7410","targetHints":{"allow":["GET"]}}],"collection":[{"href":"https:\/\/www.wallendorff.com\/belogue\/wp-json\/wp\/v2\/posts"}],"about":[{"href":"https:\/\/www.wallendorff.com\/belogue\/wp-json\/wp\/v2\/types\/post"}],"author":[{"embeddable":true,"href":"https:\/\/www.wallendorff.com\/belogue\/wp-json\/wp\/v2\/users\/1"}],"replies":[{"embeddable":true,"href":"https:\/\/www.wallendorff.com\/belogue\/wp-json\/wp\/v2\/comments?post=7410"}],"version-history":[{"count":1,"href":"https:\/\/www.wallendorff.com\/belogue\/wp-json\/wp\/v2\/posts\/7410\/revisions"}],"predecessor-version":[{"id":15807,"href":"https:\/\/www.wallendorff.com\/belogue\/wp-json\/wp\/v2\/posts\/7410\/revisions\/15807"}],"wp:featuredmedia":[{"embeddable":true,"href":"https:\/\/www.wallendorff.com\/belogue\/wp-json\/wp\/v2\/media\/25739"}],"wp:attachment":[{"href":"https:\/\/www.wallendorff.com\/belogue\/wp-json\/wp\/v2\/media?parent=7410"}],"wp:term":[{"taxonomy":"category","embeddable":true,"href":"https:\/\/www.wallendorff.com\/belogue\/wp-json\/wp\/v2\/categories?post=7410"},{"taxonomy":"post_tag","embeddable":true,"href":"https:\/\/www.wallendorff.com\/belogue\/wp-json\/wp\/v2\/tags?post=7410"}],"curies":[{"name":"wp","href":"https:\/\/api.w.org\/{rel}","templated":true}]}}