{"id":741,"date":"2004-07-09T04:56:35","date_gmt":"2004-07-09T04:56:35","guid":{"rendered":"http:\/\/www.po-l.com\/wordpress\/?p=741"},"modified":"2012-07-03T10:13:57","modified_gmt":"2012-07-03T08:13:57","slug":"ah-oui","status":"publish","type":"post","link":"https:\/\/www.wallendorff.com\/belogue\/2004\/07\/09\/ah-oui\/","title":{"rendered":"Ah oui ?"},"content":{"rendered":"\n<div id=\"photo\">\n<p><img decoding=\"async\" src=\"https:\/\/www.wallendorff.com\/belogue\/photo\/2004\/07\/15.jpg\" \/><\/p>\n<\/p><\/div>\n<p style=\"text-align:center\">Ben y&rsquo;a pas de quoi \u00eatre fier.<\/p>\n<div id=\"bandeson\">\n<p><img decoding=\"async\" src=\"https:\/\/www.wallendorff.com\/belogue\/photo\/pochettes\/f\/faithless-no_roots.jpg\" align=\"left\" \/>&nbsp;<a href=\"http:\/\/www.faithless.co.uk\/\">Faithless<\/a> &ndash; <em>Mass Destruction<\/em><\/p>\n<\/p><\/div>\n","protected":false},"excerpt":{"rendered":"<p>Ben y&rsquo;a pas de quoi \u00eatre fier. &nbsp;Faithless &ndash; Mass Destruction<\/p>\n","protected":false},"author":1,"featured_media":24683,"comment_status":"open","ping_status":"open","sticky":false,"template":"","format":"standard","meta":{"_acf_changed":false,"ngg_post_thumbnail":0,"jetpack_post_was_ever_published":false,"_jetpack_newsletter_access":"","_jetpack_dont_email_post_to_subs":false,"_jetpack_newsletter_tier_id":0,"_jetpack_memberships_contains_paywalled_content":false,"_jetpack_memberships_contains_paid_content":false,"footnotes":"","jetpack_publicize_message":"","jetpack_publicize_feature_enabled":true,"jetpack_social_post_already_shared":false,"jetpack_social_options":{"image_generator_settings":{"template":"highway","default_image_id":0,"font":"","enabled":false},"version":2}},"categories":[3],"tags":[148,55,278,279,54,143,10104],"class_list":["post-741","post","type-post","status-publish","format-standard","has-post-thumbnail","hentry","category-dpc","tag-a80","tag-etats-unis","tag-faithless","tag-mass-destruction","tag-michigan","tag-noir-et-blanc","tag-panneau"],"acf":[],"geo":null,"jetpack_publicize_connections":[],"jetpack_featured_media_url":"https:\/\/www.wallendorff.com\/belogue\/wp-content\/uploads\/2015\/04\/155.jpg","jetpack_shortlink":"https:\/\/wp.me\/p3b35P-bX","jetpack_sharing_enabled":true,"jetpack-related-posts":[{"id":795,"url":"https:\/\/www.wallendorff.com\/belogue\/2006\/09\/24\/fumais-tu\/","url_meta":{"origin":741,"position":0},"title":"Fumais-tu.","author":"dpc","date":"24 septembre 2006","format":false,"excerpt":"Givet, 23 septembre. \u00a0Faithless \u2013 Mass Destruction","rel":"","context":"Dans &quot;DPC&quot;","block_context":{"text":"DPC","link":"https:\/\/www.wallendorff.com\/belogue\/category\/dpc\/"},"img":{"alt_text":"","src":"https:\/\/i0.wp.com\/www.wallendorff.com\/belogue\/wp-content\/uploads\/2015\/04\/200609241.jpg?resize=350%2C200&ssl=1","width":350,"height":200},"classes":[]},{"id":28565,"url":"https:\/\/www.wallendorff.com\/belogue\/2015\/08\/05\/paleo-festival-2015-jour-5\/","url_meta":{"origin":741,"position":1},"title":"Pal\u00e9o Festival 2015, jour 5.","author":"dpc","date":"5 ao\u00fbt 2015","format":false,"excerpt":"On attendait beaucoup de 120 Secondes pr\u00e9sente Pal\u00e9o, et on n'a pas \u00e9t\u00e9 d\u00e9\u00e7u. M\u00eame l'orage qui tombe sur la grand sc\u00e8ne quelques minutes apr\u00e8s le d\u00e9but et qui continue malgr\u00e9 les invectives du lieutenant-colonel Karl-Heinz In\u00e4bnit lui ordonnant de s'arr\u00eater ne g\u00e2che pas la f\u00eate\u00a0; une f\u00eate d\u00e9mesur\u00e9e, avec\u2026","rel":"","context":"Dans &quot;Alive&quot;","block_context":{"text":"Alive","link":"https:\/\/www.wallendorff.com\/belogue\/category\/alive\/"},"img":{"alt_text":"","src":"https:\/\/i0.wp.com\/www.wallendorff.com\/belogue\/wp-content\/uploads\/2015\/08\/20150804-421.jpg?resize=350%2C200&ssl=1","width":350,"height":200,"srcset":"https:\/\/i0.wp.com\/www.wallendorff.com\/belogue\/wp-content\/uploads\/2015\/08\/20150804-421.jpg?resize=350%2C200&ssl=1 1x, https:\/\/i0.wp.com\/www.wallendorff.com\/belogue\/wp-content\/uploads\/2015\/08\/20150804-421.jpg?resize=525%2C300&ssl=1 1.5x, https:\/\/i0.wp.com\/www.wallendorff.com\/belogue\/wp-content\/uploads\/2015\/08\/20150804-421.jpg?resize=700%2C400&ssl=1 2x"},"classes":[]},{"id":973,"url":"https:\/\/www.wallendorff.com\/belogue\/2007\/06\/15\/guns-n-roses-appetite-for-destruction\/","url_meta":{"origin":741,"position":2},"title":"Guns N&rsquo; Roses &ndash; Appetite for Destruction","author":"dpc","date":"15 juin 2007","format":false,"excerpt":"#18 Label\u00a0: Geffen Sortie\u00a0: 21 juillet 1987 Producteur\u00a0: Mike Clink En 1992 les chemises \u00e0 carreaux sont des v\u00eatements cools, les bandeaux dans les cheveux et les bandanas au poignet des accessoires cools, les t\u00eates de mort des dessins cools, le hard rock une musique cool, le Jack Daniel's une\u2026","rel":"","context":"Dans &quot;Autodiscobiographie&quot;","block_context":{"text":"Autodiscobiographie","link":"https:\/\/www.wallendorff.com\/belogue\/category\/autodiscobiographie\/"},"img":{"alt_text":"","src":"https:\/\/i0.wp.com\/www.wallendorff.com\/belogue\/wp-content\/uploads\/2015\/04\/011b1.jpg?resize=350%2C200&ssl=1","width":350,"height":200,"srcset":"https:\/\/i0.wp.com\/www.wallendorff.com\/belogue\/wp-content\/uploads\/2015\/04\/011b1.jpg?resize=350%2C200&ssl=1 1x, https:\/\/i0.wp.com\/www.wallendorff.com\/belogue\/wp-content\/uploads\/2015\/04\/011b1.jpg?resize=525%2C300&ssl=1 1.5x, https:\/\/i0.wp.com\/www.wallendorff.com\/belogue\/wp-content\/uploads\/2015\/04\/011b1.jpg?resize=700%2C400&ssl=1 2x"},"classes":[]},{"id":3786,"url":"https:\/\/www.wallendorff.com\/belogue\/2009\/01\/09\/shooting-people-44-2\/","url_meta":{"origin":741,"position":3},"title":"Shooting people #44&frac12;.","author":"dpc","date":"9 janvier 2009","format":false,"excerpt":"CV et lettres de motivations, mais aussi missives \u00e9lectroniques enflamm\u00e9es \u00e0 l'attention d'Hugo et de son fid\u00e8le compagnon Rocco le Raton ayant afflu\u00e9 jusqu'ici sans rel\u00e2che depuis la publication de cette note, rapport\u00e9s \u00e0 l'explosion de mon serveur sur les milliers de visites qu'elle a engendr\u00e9es, me poussent \u00e0 surfer\u2026","rel":"","context":"Dans &quot;DPC&quot;","block_context":{"text":"DPC","link":"https:\/\/www.wallendorff.com\/belogue\/category\/dpc\/"},"img":{"alt_text":"","src":"https:\/\/i0.wp.com\/www.wallendorff.com\/belogue\/wp-content\/uploads\/2015\/04\/200901091.jpg?resize=350%2C200&ssl=1","width":350,"height":200},"classes":[]},{"id":31314,"url":"https:\/\/www.wallendorff.com\/belogue\/2016\/07\/05\/les-eurockeennes-belfort-jour-1-2\/","url_meta":{"origin":741,"position":4},"title":"Les Eurock\u00e9ennes, Belfort, jour 1.","author":"dpc","date":"5 juillet 2016","format":false,"excerpt":"L'int\u00e9grale des photos sera sur ce lien.","rel":"","context":"Dans &quot;Alive&quot;","block_context":{"text":"Alive","link":"https:\/\/www.wallendorff.com\/belogue\/category\/alive\/"},"img":{"alt_text":"","src":"https:\/\/i0.wp.com\/www.wallendorff.com\/belogue\/wp-content\/uploads\/2016\/07\/20160705-43-1.jpg?resize=350%2C200&ssl=1","width":350,"height":200,"srcset":"https:\/\/i0.wp.com\/www.wallendorff.com\/belogue\/wp-content\/uploads\/2016\/07\/20160705-43-1.jpg?resize=350%2C200&ssl=1 1x, https:\/\/i0.wp.com\/www.wallendorff.com\/belogue\/wp-content\/uploads\/2016\/07\/20160705-43-1.jpg?resize=525%2C300&ssl=1 1.5x, https:\/\/i0.wp.com\/www.wallendorff.com\/belogue\/wp-content\/uploads\/2016\/07\/20160705-43-1.jpg?resize=700%2C400&ssl=1 2x"},"classes":[]},{"id":130299,"url":"https:\/\/www.wallendorff.com\/belogue\/2024\/08\/20\/le-cabaret-vert-2024-charleville-mezieres-jour-4\/","url_meta":{"origin":741,"position":5},"title":"Le Cabaret Vert 2024, Charleville-M\u00e9zi\u00e8res, jour 4.","author":"dpc","date":"20 ao\u00fbt 2024","format":false,"excerpt":"Le Cabaret Vert, Charleville-M\u00e9zi\u00e8res, 18\/08\/2024 Nova Twins @ le Cabaret Vert, Charleville-M\u00e9zi\u00e8res, 18\/08\/2024 Le Cabaret Vert, Charleville-M\u00e9zi\u00e8res, 18\/08\/2024 Nova Twins @ le Cabaret Vert, Charleville-M\u00e9zi\u00e8res, 18\/08\/2024 Nova Twins @ le Cabaret Vert, Charleville-M\u00e9zi\u00e8res, 18\/08\/2024 Nova Twins @ le Cabaret Vert, Charleville-M\u00e9zi\u00e8res, 18\/08\/2024 Le Cabaret Vert, Charleville-M\u00e9zi\u00e8res, 18\/08\/2024 Nova Twins @\u2026","rel":"","context":"Dans &quot;Alive&quot;","block_context":{"text":"Alive","link":"https:\/\/www.wallendorff.com\/belogue\/category\/alive\/"},"img":{"alt_text":"","src":"https:\/\/i0.wp.com\/www.wallendorff.com\/belogue\/wp-content\/uploads\/2024\/08\/20240820-73.jpg?resize=350%2C200&ssl=1","width":350,"height":200,"srcset":"https:\/\/i0.wp.com\/www.wallendorff.com\/belogue\/wp-content\/uploads\/2024\/08\/20240820-73.jpg?resize=350%2C200&ssl=1 1x, https:\/\/i0.wp.com\/www.wallendorff.com\/belogue\/wp-content\/uploads\/2024\/08\/20240820-73.jpg?resize=525%2C300&ssl=1 1.5x, https:\/\/i0.wp.com\/www.wallendorff.com\/belogue\/wp-content\/uploads\/2024\/08\/20240820-73.jpg?resize=700%2C400&ssl=1 2x, https:\/\/i0.wp.com\/www.wallendorff.com\/belogue\/wp-content\/uploads\/2024\/08\/20240820-73.jpg?resize=1050%2C600&ssl=1 3x"},"classes":[]}],"_links":{"self":[{"href":"https:\/\/www.wallendorff.com\/belogue\/wp-json\/wp\/v2\/posts\/741","targetHints":{"allow":["GET"]}}],"collection":[{"href":"https:\/\/www.wallendorff.com\/belogue\/wp-json\/wp\/v2\/posts"}],"about":[{"href":"https:\/\/www.wallendorff.com\/belogue\/wp-json\/wp\/v2\/types\/post"}],"author":[{"embeddable":true,"href":"https:\/\/www.wallendorff.com\/belogue\/wp-json\/wp\/v2\/users\/1"}],"replies":[{"embeddable":true,"href":"https:\/\/www.wallendorff.com\/belogue\/wp-json\/wp\/v2\/comments?post=741"}],"version-history":[{"count":1,"href":"https:\/\/www.wallendorff.com\/belogue\/wp-json\/wp\/v2\/posts\/741\/revisions"}],"predecessor-version":[{"id":18020,"href":"https:\/\/www.wallendorff.com\/belogue\/wp-json\/wp\/v2\/posts\/741\/revisions\/18020"}],"wp:featuredmedia":[{"embeddable":true,"href":"https:\/\/www.wallendorff.com\/belogue\/wp-json\/wp\/v2\/media\/24683"}],"wp:attachment":[{"href":"https:\/\/www.wallendorff.com\/belogue\/wp-json\/wp\/v2\/media?parent=741"}],"wp:term":[{"taxonomy":"category","embeddable":true,"href":"https:\/\/www.wallendorff.com\/belogue\/wp-json\/wp\/v2\/categories?post=741"},{"taxonomy":"post_tag","embeddable":true,"href":"https:\/\/www.wallendorff.com\/belogue\/wp-json\/wp\/v2\/tags?post=741"}],"curies":[{"name":"wp","href":"https:\/\/api.w.org\/{rel}","templated":true}]}}