{"id":7399,"date":"2010-04-17T16:10:25","date_gmt":"2010-04-17T14:10:25","guid":{"rendered":"http:\/\/www.po-l.com\/belogue\/?p=7399"},"modified":"2012-03-14T10:34:23","modified_gmt":"2012-03-14T08:34:23","slug":"the-black-box-revelation-general-fiasco-le-point-ephemere-paris-14-avril","status":"publish","type":"post","link":"https:\/\/www.wallendorff.com\/belogue\/2010\/04\/17\/the-black-box-revelation-general-fiasco-le-point-ephemere-paris-14-avril\/","title":{"rendered":"The Black Box Revelation + General Fiasco @ le Point \u00c9ph\u00e9m\u00e8re, Paris, 14 avril."},"content":{"rendered":"\n<div id=\"photo\">\n<p><img decoding=\"async\" src=\"https:\/\/www.wallendorff.com\/belogue\/photo\/2010\/04\/20100417.jpg\" \/><\/p>\n<\/p><\/div>\n<p>Sur <em>Silver Threats<\/em>, leur deuxi&egrave;me album, les deux Belges affichent une volont&eacute; de maturit&eacute; d&eacute;bouchant sur des morceaux moins enflamm&eacute;s, plus pos&eacute;s et lourds, signes de changement, d&rsquo;&eacute;volution, d&rsquo;envie de faire pas pareil que sur <em>Set Your Head on Fire<\/em>, ce premier effort sentant le souffre qui avait tant bluff&eacute; tout le monde l&rsquo;ann&eacute;e derni&egrave;re. Voil\u00e0 pour le d\u00e9cor.<\/p>\n<div id=\"photo2\">\n<p><img decoding=\"async\" src=\"https:\/\/www.wallendorff.com\/belogue\/photo\/2010\/04\/20100417-01.jpg\" \/><\/p>\n<\/p><\/div>\n<p>La soir&eacute;e de mercredi fut la parfaite transposition en live de cette l&rsquo;opposition relative des deux albums&nbsp;: moments de bravoure extatique d&rsquo;un c&ocirc;t&eacute;, avec des <em> I Think I Like You<\/em>, <em>I Don&rsquo;t Want It, You Better Get in Touch With the Devil <\/em>et <em>Set Your Head on Fire<\/em> taillant la salle en pi&egrave;ce, d&eacute;clenchant des mouvements de corps excit&eacute;s venant &eacute;craser le premier rang au milieu duquel je m&rsquo;&eacute;tais r&eacute;fugi&eacute; (au point de me rappeler <a href=\"https:\/\/www.wallendorff.com\/belogue\/2009\/03\/28\/eagles-of-death-metal-le-bataclan-paris\/\">Eagles of Death Metal au Bataclan l&rsquo;ann&eacute;e derni&egrave;re<\/a>, c&rsquo;est dire)&nbsp;; passages plus calmes de l&rsquo;autre avec des <em>Gravity Blues<\/em>, <em>Our Town Has Changed for Years Now<\/em> ou<em> Do I Know You <\/em>empreints d&rsquo;un blues lancinant et lascif plus ou moins efficace. Arriv&eacute; au milieu du set, je r&eacute;alise que si je garde un souvenir br&ucirc;lant des deux pr&eacute;c&eacute;dents passages de The Black Box Revelation (<a href=\"https:\/\/www.wallendorff.com\/belogue\/2009\/04\/05\/ghinzu-the-black-box-revelation-le-bataclan-paris-3-avril\/\">en premi&egrave;re partie de Ghinzu<\/a> puis &agrave; la <a href=\"https:\/\/www.wallendorff.com\/belogue\/2009\/12\/15\/the-black-box-revelation-la-fleche-dor-paris\">Fl&egrave;che d&rsquo;Or<\/a>), c&rsquo;est peut-&ecirc;tre parce que les deux sets &eacute;taient courts et que le duo se voyait d\u00e8s lors forc&eacute; de livrer un condens&eacute; de lui-m&ecirc;me, \u00e9videmment corrosif. Se retrouvant avec toute la soir&eacute;e pour eux seuls, Paternoster et Van Dijck se mettent &agrave; l&rsquo;aise et laissent passer des moments calmes qui, s&rsquo;ils permettent &agrave; tout le monde de souffler cinq minutes, finissent par tacher quelque peu le tableau.<\/p>\n<p>Bien s&ucirc;r, The Black Box Revelation reste The Black Box Revelation&nbsp;: l&rsquo;association d&rsquo;un grand &eacute;chalas aux longues mains tricotant des riffs comme pas deux et d&rsquo;un frappeur jovial massacrant ses f&ucirc;ts en affichant la b&eacute;atitude la plus compl&egrave;te. La r&eacute;ponse de Bruxelles &agrave; D&eacute;troit. C&rsquo;est pas peu dire. Reste que mercredi un truc manquait pour rendre la soir&eacute;e parfaite. Un peu de mise en danger. Plus d&rsquo;&eacute;tincelles de folie pour mettre le feu aux poudres. Le choix de <em>Here Comes the Kick<\/em> aux d&eacute;pens de <em>Love, Love Is on My Mind<\/em> en guise de final est significatif&nbsp;: sans estocade on n&rsquo;ach&egrave;ve personne. Le public ressort vivant. &Eacute;reint&eacute; mais frustr&eacute;. Un peu rageant.      <\/p>\n<div id=\"bandeson\">\n<p><img decoding=\"async\" src=\"https:\/\/www.wallendorff.com\/belogue\/photo\/pochettes\/b\/black_box_revelation_the-silver_threats.jpg\" align=\"left\" \/>&nbsp;<a href=\"http:\/\/www.blackboxrevelation.com\/\">The Black Box Revelation<\/a> &ndash; <em>Do I Know You<\/em><\/p>\n<\/p><\/div>\n<h2>General Fiasco<\/h2>ngg_shortcode_0_placeholder<h2>The Black Box Revelation<\/h2>ngg_shortcode_1_placeholder","protected":false},"excerpt":{"rendered":"<p>Sur Silver Threats, leur deuxi&egrave;me album, les deux Belges affichent une volont&eacute; de maturit&eacute; d&eacute;bouchant sur des morceaux moins enflamm&eacute;s, plus pos&eacute;s et lourds, signes de changement, d&rsquo;&eacute;volution, d&rsquo;envie de faire pas pareil que sur Set Your Head on Fire, ce premier effort sentant le souffre qui avait tant bluff&eacute; tout le monde l&rsquo;ann&eacute;e derni&egrave;re.&hellip;<\/p>\n","protected":false},"author":1,"featured_media":25737,"comment_status":"open","ping_status":"open","sticky":false,"template":"","format":"standard","meta":{"_acf_changed":false,"ngg_post_thumbnail":0,"jetpack_post_was_ever_published":false,"_jetpack_newsletter_access":"","_jetpack_dont_email_post_to_subs":false,"_jetpack_newsletter_tier_id":0,"_jetpack_memberships_contains_paywalled_content":false,"_jetpack_memberships_contains_paid_content":false,"footnotes":"","jetpack_publicize_message":"","jetpack_publicize_feature_enabled":true,"jetpack_social_post_already_shared":false,"jetpack_social_options":{"image_generator_settings":{"template":"highway","default_image_id":0,"font":"","enabled":false},"version":2}},"categories":[7,8],"tags":[10654,10267,10084,2571,196,181,2615,3691,10120,10718,10121,10302,143,10098,10272,10376,10510],"class_list":["post-7399","post","type-post","status-publish","format-standard","has-post-thumbnail","hentry","category-alive","category-portraits","tag-10654","tag-10267","tag-alive","tag-ef-16-35-mm-f28l-ii-usm","tag-ef-28-70-mm-f28l-usm","tag-ef-70-200-mm-f28l-usm","tag-eos-5d-mark-ii","tag-do-i-know-you","tag-france","tag-general-fiasco","tag-ile-de-france","tag-le-point-ephemere","tag-noir-et-blanc","tag-paris","tag-portrait","tag-promo","tag-the-black-box-revelation"],"acf":[],"geo":{"latitude":48.8815308,"longitude":2.3685622,"description":"Quai de Valmy, 75010 Paris, France"},"jetpack_publicize_connections":[],"jetpack_featured_media_url":"https:\/\/www.wallendorff.com\/belogue\/wp-content\/uploads\/2015\/04\/201004171.jpg","jetpack_shortlink":"https:\/\/wp.me\/p3b35P-1Vl","jetpack_sharing_enabled":true,"jetpack-related-posts":[{"id":23580,"url":"https:\/\/www.wallendorff.com\/belogue\/2014\/11\/21\/white-lung-le-point-ephemere-paris\/","url_meta":{"origin":7399,"position":0},"title":"White Lung @ le Point \u00c9ph\u00e9m\u00e8re, Paris.","author":"dpc","date":"21 novembre 2014","format":false,"excerpt":"Lucky One White Lung \u00a0","rel":"","context":"Dans &quot;Alive&quot;","block_context":{"text":"Alive","link":"https:\/\/www.wallendorff.com\/belogue\/category\/alive\/"},"img":{"alt_text":"","src":"https:\/\/i0.wp.com\/www.wallendorff.com\/belogue\/wp-content\/uploads\/2015\/04\/201411211.jpg?resize=350%2C200&ssl=1","width":350,"height":200,"srcset":"https:\/\/i0.wp.com\/www.wallendorff.com\/belogue\/wp-content\/uploads\/2015\/04\/201411211.jpg?resize=350%2C200&ssl=1 1x, https:\/\/i0.wp.com\/www.wallendorff.com\/belogue\/wp-content\/uploads\/2015\/04\/201411211.jpg?resize=525%2C300&ssl=1 1.5x, https:\/\/i0.wp.com\/www.wallendorff.com\/belogue\/wp-content\/uploads\/2015\/04\/201411211.jpg?resize=700%2C400&ssl=1 2x"},"classes":[]},{"id":14560,"url":"https:\/\/www.wallendorff.com\/belogue\/2011\/11\/25\/the-pack-a-d-decibelles-le-point-ephemere-paris\/","url_meta":{"origin":7399,"position":1},"title":"The Pack A.D. + D\u00e9cibelles @ le Point \u00c9ph\u00e9m\u00e8re, Paris.","author":"dpc","date":"25 novembre 2011","format":false,"excerpt":"En voil\u00e0 deux qui savent d\u00e9cid\u00e9ment d\u00e9friser du poney. J'esp\u00e8re que vous aimez les contre-jours, les enfants. The Pack A.D. \u2013 8 [youtube]http:\/\/www.youtube.com\/watch?v=sBOB_HvccB4[\/youtube] D\u00e9cibelles The Pack A.D.","rel":"","context":"Dans &quot;Alive&quot;","block_context":{"text":"Alive","link":"https:\/\/www.wallendorff.com\/belogue\/category\/alive\/"},"img":{"alt_text":"","src":"https:\/\/i0.wp.com\/www.wallendorff.com\/belogue\/wp-content\/uploads\/2015\/04\/201111251.jpg?resize=350%2C200&ssl=1","width":350,"height":200,"srcset":"https:\/\/i0.wp.com\/www.wallendorff.com\/belogue\/wp-content\/uploads\/2015\/04\/201111251.jpg?resize=350%2C200&ssl=1 1x, https:\/\/i0.wp.com\/www.wallendorff.com\/belogue\/wp-content\/uploads\/2015\/04\/201111251.jpg?resize=525%2C300&ssl=1 1.5x, https:\/\/i0.wp.com\/www.wallendorff.com\/belogue\/wp-content\/uploads\/2015\/04\/201111251.jpg?resize=700%2C400&ssl=1 2x"},"classes":[]},{"id":23884,"url":"https:\/\/www.wallendorff.com\/belogue\/2015\/03\/08\/metz-the-bodies-le-point-ephemere-paris\/","url_meta":{"origin":7399,"position":2},"title":"METZ + The Bodies @ le Point \u00c9ph\u00e9m\u00e8re, Paris.","author":"dpc","date":"8 mars 2015","format":false,"excerpt":"Acetate METZ Ces gens sont fous. Et \u00e7a m'avait manqu\u00e9, de faire des photos au milieu d'un pogo. The Bodies METZ \u00a0","rel":"","context":"Dans &quot;Alive&quot;","block_context":{"text":"Alive","link":"https:\/\/www.wallendorff.com\/belogue\/category\/alive\/"},"img":{"alt_text":"","src":"https:\/\/i0.wp.com\/www.wallendorff.com\/belogue\/wp-content\/uploads\/2015\/04\/201503061.jpg?resize=350%2C200&ssl=1","width":350,"height":200,"srcset":"https:\/\/i0.wp.com\/www.wallendorff.com\/belogue\/wp-content\/uploads\/2015\/04\/201503061.jpg?resize=350%2C200&ssl=1 1x, https:\/\/i0.wp.com\/www.wallendorff.com\/belogue\/wp-content\/uploads\/2015\/04\/201503061.jpg?resize=525%2C300&ssl=1 1.5x, https:\/\/i0.wp.com\/www.wallendorff.com\/belogue\/wp-content\/uploads\/2015\/04\/201503061.jpg?resize=700%2C400&ssl=1 2x"},"classes":[]},{"id":20405,"url":"https:\/\/www.wallendorff.com\/belogue\/2013\/02\/08\/metz-le-point-ephemere-paris\/","url_meta":{"origin":7399,"position":3},"title":"METZ @ le Point \u00c9ph\u00e9m\u00e8re, Paris.","author":"dpc","date":"8 f\u00e9vrier 2013","format":false,"excerpt":"Ces gens sont fous. Headache METZ \u00a0","rel":"","context":"Dans &quot;Alive&quot;","block_context":{"text":"Alive","link":"https:\/\/www.wallendorff.com\/belogue\/category\/alive\/"},"img":{"alt_text":"","src":"https:\/\/i0.wp.com\/www.wallendorff.com\/belogue\/wp-content\/uploads\/2015\/04\/20130208.jpg?resize=350%2C200&ssl=1","width":350,"height":200,"srcset":"https:\/\/i0.wp.com\/www.wallendorff.com\/belogue\/wp-content\/uploads\/2015\/04\/20130208.jpg?resize=350%2C200&ssl=1 1x, https:\/\/i0.wp.com\/www.wallendorff.com\/belogue\/wp-content\/uploads\/2015\/04\/20130208.jpg?resize=525%2C300&ssl=1 1.5x, https:\/\/i0.wp.com\/www.wallendorff.com\/belogue\/wp-content\/uploads\/2015\/04\/20130208.jpg?resize=700%2C400&ssl=1 2x"},"classes":[]},{"id":20470,"url":"https:\/\/www.wallendorff.com\/belogue\/2013\/02\/18\/indians-le-point-ephemere-paris-13-fevrier\/","url_meta":{"origin":7399,"position":4},"title":"Indians @ le Point \u00c9ph\u00e9m\u00e8re, Paris, 13 f\u00e9vrier.","author":"dpc","date":"18 f\u00e9vrier 2013","format":false,"excerpt":"New | Bird | Magic Kids | I'm Haunted | Cakelakers | Reality Sublime | Lips Lips Lips | This Moment CakelakersIndians \u00a0","rel":"","context":"Dans &quot;Alive&quot;","block_context":{"text":"Alive","link":"https:\/\/www.wallendorff.com\/belogue\/category\/alive\/"},"img":{"alt_text":"","src":"https:\/\/i0.wp.com\/www.wallendorff.com\/belogue\/wp-content\/uploads\/2015\/04\/20130218.jpg?resize=350%2C200&ssl=1","width":350,"height":200,"srcset":"https:\/\/i0.wp.com\/www.wallendorff.com\/belogue\/wp-content\/uploads\/2015\/04\/20130218.jpg?resize=350%2C200&ssl=1 1x, https:\/\/i0.wp.com\/www.wallendorff.com\/belogue\/wp-content\/uploads\/2015\/04\/20130218.jpg?resize=525%2C300&ssl=1 1.5x, https:\/\/i0.wp.com\/www.wallendorff.com\/belogue\/wp-content\/uploads\/2015\/04\/20130218.jpg?resize=700%2C400&ssl=1 2x"},"classes":[]},{"id":20635,"url":"https:\/\/www.wallendorff.com\/belogue\/2013\/03\/17\/the-men-le-point-ephemere-paris-14-mars\/","url_meta":{"origin":7399,"position":5},"title":"The Men @ le Point \u00c9ph\u00e9m\u00e8re, Paris, 14 mars.","author":"dpc","date":"17 mars 2013","format":false,"excerpt":"ElectricThe Men \u00a0","rel":"","context":"Dans &quot;Alive&quot;","block_context":{"text":"Alive","link":"https:\/\/www.wallendorff.com\/belogue\/category\/alive\/"},"img":{"alt_text":"","src":"https:\/\/i0.wp.com\/www.wallendorff.com\/belogue\/wp-content\/uploads\/2015\/04\/20130317.jpg?resize=350%2C200&ssl=1","width":350,"height":200,"srcset":"https:\/\/i0.wp.com\/www.wallendorff.com\/belogue\/wp-content\/uploads\/2015\/04\/20130317.jpg?resize=350%2C200&ssl=1 1x, https:\/\/i0.wp.com\/www.wallendorff.com\/belogue\/wp-content\/uploads\/2015\/04\/20130317.jpg?resize=525%2C300&ssl=1 1.5x, https:\/\/i0.wp.com\/www.wallendorff.com\/belogue\/wp-content\/uploads\/2015\/04\/20130317.jpg?resize=700%2C400&ssl=1 2x"},"classes":[]}],"_links":{"self":[{"href":"https:\/\/www.wallendorff.com\/belogue\/wp-json\/wp\/v2\/posts\/7399","targetHints":{"allow":["GET"]}}],"collection":[{"href":"https:\/\/www.wallendorff.com\/belogue\/wp-json\/wp\/v2\/posts"}],"about":[{"href":"https:\/\/www.wallendorff.com\/belogue\/wp-json\/wp\/v2\/types\/post"}],"author":[{"embeddable":true,"href":"https:\/\/www.wallendorff.com\/belogue\/wp-json\/wp\/v2\/users\/1"}],"replies":[{"embeddable":true,"href":"https:\/\/www.wallendorff.com\/belogue\/wp-json\/wp\/v2\/comments?post=7399"}],"version-history":[{"count":4,"href":"https:\/\/www.wallendorff.com\/belogue\/wp-json\/wp\/v2\/posts\/7399\/revisions"}],"predecessor-version":[{"id":16374,"href":"https:\/\/www.wallendorff.com\/belogue\/wp-json\/wp\/v2\/posts\/7399\/revisions\/16374"}],"wp:featuredmedia":[{"embeddable":true,"href":"https:\/\/www.wallendorff.com\/belogue\/wp-json\/wp\/v2\/media\/25737"}],"wp:attachment":[{"href":"https:\/\/www.wallendorff.com\/belogue\/wp-json\/wp\/v2\/media?parent=7399"}],"wp:term":[{"taxonomy":"category","embeddable":true,"href":"https:\/\/www.wallendorff.com\/belogue\/wp-json\/wp\/v2\/categories?post=7399"},{"taxonomy":"post_tag","embeddable":true,"href":"https:\/\/www.wallendorff.com\/belogue\/wp-json\/wp\/v2\/tags?post=7399"}],"curies":[{"name":"wp","href":"https:\/\/api.w.org\/{rel}","templated":true}]}}