{"id":738,"date":"2004-07-11T18:46:42","date_gmt":"2004-07-11T18:46:42","guid":{"rendered":"http:\/\/www.po-l.com\/wordpress\/?p=738"},"modified":"2012-07-04T09:44:16","modified_gmt":"2012-07-04T07:44:16","slug":"la-soiree-fut-bonne","status":"publish","type":"post","link":"https:\/\/www.wallendorff.com\/belogue\/2004\/07\/11\/la-soiree-fut-bonne\/","title":{"rendered":"La soir\u00e9e fut bonne&#8230;"},"content":{"rendered":"\n<div id=\"photo\">\n<p><img decoding=\"async\" src=\"https:\/\/www.wallendorff.com\/belogue\/photo\/2004\/07\/18.jpg\" \/><\/p>\n<p style=\"text-align:center\">J&rsquo;ai retrouv\u00e9 un vieux pote perdu depuis longtemps.<\/p>\n<p>(et j&rsquo;ai mal au cr\u00e2ne. Va comprendre, Charles)<\/p>\n<\/p><\/div>\n<div id=\"bandeson\">\n<p><img decoding=\"async\" src=\"https:\/\/www.wallendorff.com\/belogue\/photo\/pochettes\/p\/push_stars_the-after_the_party.jpg\" align=\"left\" \/>&nbsp;<a href=\"http:\/\/www.thepushstars.com\/\">The Push Stars<\/a> &ndash; <em>Drunk Is Better Than Dead<\/em><\/p>\n<\/p><\/div>\n","protected":false},"excerpt":{"rendered":"<p>J&rsquo;ai retrouv\u00e9 un vieux pote perdu depuis longtemps. (et j&rsquo;ai mal au cr\u00e2ne. Va comprendre, Charles) &nbsp;The Push Stars &ndash; Drunk Is Better Than Dead<\/p>\n","protected":false},"author":1,"featured_media":24680,"comment_status":"open","ping_status":"open","sticky":false,"template":"","format":"standard","meta":{"_acf_changed":false,"ngg_post_thumbnail":0,"jetpack_post_was_ever_published":false,"_jetpack_newsletter_access":"","_jetpack_dont_email_post_to_subs":false,"_jetpack_newsletter_tier_id":0,"_jetpack_memberships_contains_paywalled_content":false,"_jetpack_memberships_contains_paid_content":false,"footnotes":"","jetpack_publicize_message":"","jetpack_publicize_feature_enabled":true,"jetpack_social_post_already_shared":false,"jetpack_social_options":{"image_generator_settings":{"template":"highway","default_image_id":0,"font":"","enabled":false},"version":2}},"categories":[3],"tags":[148,287,55,54,143,10156,286,57],"class_list":["post-738","post","type-post","status-publish","format-standard","has-post-thumbnail","hentry","category-dpc","tag-a80","tag-drunk-is-better-than-dead","tag-etats-unis","tag-michigan","tag-noir-et-blanc","tag-ricard","tag-the-push-stars","tag-west-bloomfield"],"acf":[],"geo":null,"jetpack_publicize_connections":[],"jetpack_featured_media_url":"https:\/\/www.wallendorff.com\/belogue\/wp-content\/uploads\/2015\/04\/1810.jpg","jetpack_shortlink":"https:\/\/wp.me\/p3b35P-bU","jetpack_sharing_enabled":true,"jetpack-related-posts":[{"id":828,"url":"https:\/\/www.wallendorff.com\/belogue\/2006\/11\/15\/morgen-fruh\/","url_meta":{"origin":738,"position":0},"title":"Morgen fr\u00fch.","author":"dpc","date":"15 novembre 2006","format":false,"excerpt":"\u00a0The Push Stars \u2013 Drunk Is Better Than Dead","rel":"","context":"Dans &quot;DPC&quot;","block_context":{"text":"DPC","link":"https:\/\/www.wallendorff.com\/belogue\/category\/dpc\/"},"img":{"alt_text":"","src":"https:\/\/i0.wp.com\/www.wallendorff.com\/belogue\/wp-content\/uploads\/2015\/04\/200611151.jpg?resize=350%2C200&ssl=1","width":350,"height":200},"classes":[]},{"id":7460,"url":"https:\/\/www.wallendorff.com\/belogue\/2010\/04\/28\/huit\/","url_meta":{"origin":738,"position":1},"title":"Huit.","author":"dpc","date":"28 avril 2010","format":false,"excerpt":"Passage Pauline Amblard, Dieppe, 21 mars. Si on me donnait huit secondes pour faire de la r\u00e9clame pour Microsoft, je dirais que Gougle et \u2015\u00a0plus curieusement\u00a0\u2015 l'IGN savent tous deux o\u00f9 est le passage Pauline Amblard mais se gardent bien de l'\u00e9crire sur leurs plans pour pas que les gens\u2026","rel":"","context":"Dans &quot;DPC&quot;","block_context":{"text":"DPC","link":"https:\/\/www.wallendorff.com\/belogue\/category\/dpc\/"},"img":{"alt_text":"","src":"https:\/\/i0.wp.com\/www.wallendorff.com\/belogue\/wp-content\/uploads\/2015\/04\/201004281.jpg?resize=350%2C200&ssl=1","width":350,"height":200},"classes":[]},{"id":20783,"url":"https:\/\/www.wallendorff.com\/belogue\/2013\/04\/19\/and-you-will-know-us-by-the-trail-of-dead-la-maroquinerie-paris-17-avril\/","url_meta":{"origin":738,"position":2},"title":"&#8230;And You Will Know Us By the Trail of Dead @ la Maroquinerie, Paris, 17 avril.","author":"dpc","date":"19 avril 2013","format":false,"excerpt":"Pour faire ces photos j'ai subi une heure de pogotage dans le dos et de bonhomme torse poil tremp\u00e9 de sueur coll\u00e9 contre mon bras, je me suis pris deux bi\u00e8res (une sur la jambe et une sur le sac), j'ai failli \u00eatre \u00e9trangl\u00e9 par le jack de Jason Reece\u2026","rel":"","context":"Dans &quot;Alive&quot;","block_context":{"text":"Alive","link":"https:\/\/www.wallendorff.com\/belogue\/category\/alive\/"},"img":{"alt_text":"","src":"https:\/\/i0.wp.com\/www.wallendorff.com\/belogue\/wp-content\/uploads\/2015\/04\/20130419.jpg?resize=350%2C200&ssl=1","width":350,"height":200,"srcset":"https:\/\/i0.wp.com\/www.wallendorff.com\/belogue\/wp-content\/uploads\/2015\/04\/20130419.jpg?resize=350%2C200&ssl=1 1x, https:\/\/i0.wp.com\/www.wallendorff.com\/belogue\/wp-content\/uploads\/2015\/04\/20130419.jpg?resize=525%2C300&ssl=1 1.5x, https:\/\/i0.wp.com\/www.wallendorff.com\/belogue\/wp-content\/uploads\/2015\/04\/20130419.jpg?resize=700%2C400&ssl=1 2x"},"classes":[]},{"id":4939,"url":"https:\/\/www.wallendorff.com\/belogue\/2009\/10\/29\/the-dead-weather-creature-with-the-atom-brain-lolympia-paris\/","url_meta":{"origin":738,"position":3},"title":"The Dead Weather + Creature with the Atom Brain @ l&rsquo;Olympia, Paris.","author":"dpc","date":"29 octobre 2009","format":false,"excerpt":"Le constat sera le m\u00eame que la derni\u00e8re fois. \u00c0 part que l'Olympia fut encore plus mal \u00e9clair\u00e9 que la Cigale, comme quoi tout est possible dans la vie, et qu'il y avait moins de groupies fanatiques de Mosshart dans la fosse. Ou alors c'est que je ne les ai\u2026","rel":"","context":"Dans &quot;Alive&quot;","block_context":{"text":"Alive","link":"https:\/\/www.wallendorff.com\/belogue\/category\/alive\/"},"img":{"alt_text":"","src":"https:\/\/i0.wp.com\/www.wallendorff.com\/belogue\/wp-content\/uploads\/2015\/04\/200910291.jpg?resize=350%2C200&ssl=1","width":350,"height":200,"srcset":"https:\/\/i0.wp.com\/www.wallendorff.com\/belogue\/wp-content\/uploads\/2015\/04\/200910291.jpg?resize=350%2C200&ssl=1 1x, https:\/\/i0.wp.com\/www.wallendorff.com\/belogue\/wp-content\/uploads\/2015\/04\/200910291.jpg?resize=525%2C300&ssl=1 1.5x, https:\/\/i0.wp.com\/www.wallendorff.com\/belogue\/wp-content\/uploads\/2015\/04\/200910291.jpg?resize=700%2C400&ssl=1 2x"},"classes":[]},{"id":40799,"url":"https:\/\/www.wallendorff.com\/belogue\/2019\/01\/09\/en-2018\/","url_meta":{"origin":738,"position":4},"title":"En 2018.","author":"dpc","date":"9 janvier 2019","format":false,"excerpt":"En 2018, j'ai parcouru 62\u00a0337\u00a0km. ... Dont 48\u00a0km de motoneige. Il serait temps que je vous sorte les photos. En 2018, j'ai tra\u00een\u00e9 dans 14 pays. En 2018, j'ai fait 4\u00a0996\u00a0km dans Paris. Dont 8\u00a0km de bateau. En 2018, j'ai utilis\u00e9 14 des 16 lignes de m\u00e9tropolitain de Paris. [\u00c0\u2026","rel":"","context":"Dans &quot;DPC&quot;","block_context":{"text":"DPC","link":"https:\/\/www.wallendorff.com\/belogue\/category\/dpc\/"},"img":{"alt_text":"","src":"https:\/\/i0.wp.com\/www.wallendorff.com\/belogue\/wp-content\/uploads\/2019\/01\/20190109-01.jpg?resize=350%2C200&ssl=1","width":350,"height":200,"srcset":"https:\/\/i0.wp.com\/www.wallendorff.com\/belogue\/wp-content\/uploads\/2019\/01\/20190109-01.jpg?resize=350%2C200&ssl=1 1x, https:\/\/i0.wp.com\/www.wallendorff.com\/belogue\/wp-content\/uploads\/2019\/01\/20190109-01.jpg?resize=525%2C300&ssl=1 1.5x, https:\/\/i0.wp.com\/www.wallendorff.com\/belogue\/wp-content\/uploads\/2019\/01\/20190109-01.jpg?resize=700%2C400&ssl=1 2x, https:\/\/i0.wp.com\/www.wallendorff.com\/belogue\/wp-content\/uploads\/2019\/01\/20190109-01.jpg?resize=1050%2C600&ssl=1 3x"},"classes":[]},{"id":4790,"url":"https:\/\/www.wallendorff.com\/belogue\/2009\/10\/06\/ground-zero\/","url_meta":{"origin":738,"position":5},"title":"Ground Zero.","author":"dpc","date":"6 octobre 2009","format":false,"excerpt":"Ground Zero, New York, 9 mai 2009. \u00c7a fait un mois que ces trois jours d'obsession photographique pour la vue de la fen\u00eatre de l'h\u00f4tel sont pr\u00eats \u00e0 poster et que je les laisse dans les cartons parce que je ne trouve pas de bande-son ad\u00e9quate. J'ai pens\u00e9 \u00e0 plein\u2026","rel":"","context":"Dans &quot;DPC&quot;","block_context":{"text":"DPC","link":"https:\/\/www.wallendorff.com\/belogue\/category\/dpc\/"},"img":{"alt_text":"","src":"https:\/\/i0.wp.com\/www.wallendorff.com\/belogue\/wp-content\/uploads\/2015\/04\/20091006-072.jpg?resize=350%2C200&ssl=1","width":350,"height":200,"srcset":"https:\/\/i0.wp.com\/www.wallendorff.com\/belogue\/wp-content\/uploads\/2015\/04\/20091006-072.jpg?resize=350%2C200&ssl=1 1x, https:\/\/i0.wp.com\/www.wallendorff.com\/belogue\/wp-content\/uploads\/2015\/04\/20091006-072.jpg?resize=525%2C300&ssl=1 1.5x, https:\/\/i0.wp.com\/www.wallendorff.com\/belogue\/wp-content\/uploads\/2015\/04\/20091006-072.jpg?resize=700%2C400&ssl=1 2x"},"classes":[]}],"_links":{"self":[{"href":"https:\/\/www.wallendorff.com\/belogue\/wp-json\/wp\/v2\/posts\/738","targetHints":{"allow":["GET"]}}],"collection":[{"href":"https:\/\/www.wallendorff.com\/belogue\/wp-json\/wp\/v2\/posts"}],"about":[{"href":"https:\/\/www.wallendorff.com\/belogue\/wp-json\/wp\/v2\/types\/post"}],"author":[{"embeddable":true,"href":"https:\/\/www.wallendorff.com\/belogue\/wp-json\/wp\/v2\/users\/1"}],"replies":[{"embeddable":true,"href":"https:\/\/www.wallendorff.com\/belogue\/wp-json\/wp\/v2\/comments?post=738"}],"version-history":[{"count":1,"href":"https:\/\/www.wallendorff.com\/belogue\/wp-json\/wp\/v2\/posts\/738\/revisions"}],"predecessor-version":[{"id":18043,"href":"https:\/\/www.wallendorff.com\/belogue\/wp-json\/wp\/v2\/posts\/738\/revisions\/18043"}],"wp:featuredmedia":[{"embeddable":true,"href":"https:\/\/www.wallendorff.com\/belogue\/wp-json\/wp\/v2\/media\/24680"}],"wp:attachment":[{"href":"https:\/\/www.wallendorff.com\/belogue\/wp-json\/wp\/v2\/media?parent=738"}],"wp:term":[{"taxonomy":"category","embeddable":true,"href":"https:\/\/www.wallendorff.com\/belogue\/wp-json\/wp\/v2\/categories?post=738"},{"taxonomy":"post_tag","embeddable":true,"href":"https:\/\/www.wallendorff.com\/belogue\/wp-json\/wp\/v2\/tags?post=738"}],"curies":[{"name":"wp","href":"https:\/\/api.w.org\/{rel}","templated":true}]}}