{"id":7370,"date":"2010-04-12T10:35:57","date_gmt":"2010-04-12T08:35:57","guid":{"rendered":"http:\/\/www.po-l.com\/belogue\/?p=7370"},"modified":"2012-03-10T13:17:22","modified_gmt":"2012-03-10T11:17:22","slug":"melissa-auf-der-maur-la-fleche-dor-paris","status":"publish","type":"post","link":"https:\/\/www.wallendorff.com\/belogue\/2010\/04\/12\/melissa-auf-der-maur-la-fleche-dor-paris\/","title":{"rendered":"Melissa Auf der Maur @ la Fl\u00e8che d&rsquo;Or, Paris"},"content":{"rendered":"\n<div id=\"photo\">\n<p><img decoding=\"async\" src=\"https:\/\/www.wallendorff.com\/belogue\/photo\/2010\/04\/20100412.jpg\" \/><\/p>\n<\/p><\/div>\n<p>&Ccedil;a fait toujours bizarre de retrouver ici des artistes qu&rsquo;on avait pas vus depuis l&agrave;&nbsp;; surtout quand le l&agrave; en question fut la remorque d&rsquo;un camion partag&eacute;e avec Muse sur le fond d&rsquo;un parking de Clarkston, Michigan, <a href=\"https:\/\/www.wallendorff.com\/belogue\/2004\/08\/12\/curiosa-festival-clarkston-11-aout-2004\/\">il y a bien longtemps<\/a>. Tellement longtemps, en fait, que maintenant que ses aventures avec Smashing Pumpkins et Hole sont bien loin et qu&rsquo;on a presque oubli&eacute; l&rsquo;apparition de la grande rousse sur le <em>Grand Secret<\/em> d&rsquo;Indochine en 2002, on s&rsquo;attendrait &agrave; une Fl&egrave;che d&rsquo;Or presque vide. C&rsquo;est compter sans la premi&egrave;re partie &#8213;&nbsp;d&eacute;j&agrave; termin&eacute;e quand je me pointe&nbsp;&#8213;, <a href=\"http:\/\/www.toybloid.com\/\">Toyblo&iuml;d<\/a><sup>1<\/sup>, le groupe de la Lou Sirkis, fille et ni&egrave;ce de. D&rsquo;o&ugrave; la Fl&egrave;che blind&eacute;e et moite, d&rsquo;o&ugrave; le premier rang juv&eacute;nile. D&rsquo;o&ugrave; la s&eacute;rie de photos enti&egrave;rement prise du m&ecirc;me angle.<\/p>\n<p>Auf der Maur d&eacute;barque derri&egrave;re la longue &#8213;&nbsp;trop longue&nbsp;&#8213; projection d&rsquo;un film que faut avoir pris de la drogue pour l&rsquo;appr&eacute;cier et l&acirc;che un set &agrave; base d&rsquo;instrus tr&egrave;s longs et de morceaux incisifs, lancinants et lourds lanc&eacute;s la basse en avant et entrecoup&eacute;s d&rsquo;interventions rigolotes. <em>Une soir&eacute;e conviviale<\/em>, qu&rsquo;on pourrait dire, surtout en voyant la ma&icirc;tresse de les sons distribuer ses bouteilles de flotte dans le public comprim&eacute; et dessech&eacute;. Sympa. Rayon fausses notes on trouvera <em>Taste You<\/em>, l&rsquo;affreuse bouillie franco-anglaise &agrave; l&rsquo;accent qu&eacute;***ois d&eacute;gueulasse qui fait vomir qu&rsquo;on pensait avoir oubli&eacute;e, et la grande blague du management qui vire les photographeux &agrave; la moiti&eacute; du show parce que &laquo;&nbsp;vous comprenez c&rsquo;&eacute;tait que pour trois morceaux&nbsp;&raquo;. D&rsquo;o&ugrave; la s&eacute;rie de photos qui n&rsquo;en comporte que sept&nbsp;; du m&ecirc;me angle c&rsquo;est pas tr&egrave;s grave, notez.<\/p>\n<p>Mais bref, Auf der Maur assure, en rappelle de bonnes avec <em>Followed the Waves<\/em> et en promet de nouvelles avec les extraits d&rsquo;<em>Out of Our Minds<\/em>, sorti le 30 mars. Pas grand chose de plus &agrave; demander. Ou peut-&ecirc;tre une question vitale&nbsp;: combien eut-on &eacute;t&eacute; sans la pr&eacute;sence de Toyblo&iuml;d&nbsp;?<\/p>\n<div id=\"bandeson\">\n<p><img decoding=\"async\" src=\"https:\/\/www.wallendorff.com\/belogue\/photo\/pochettes\/a\/auf_der_maur_melissa-out_of_our_minds.jpg\" align=\"left\" \/>&nbsp;<a href=\"http:\/\/www.xmadmx.com\">Melissa Auf der Maur<\/a> &ndash; <em>Out of Our Minds<\/em><\/p>\n<\/p><\/div>ngg_shortcode_0_placeholder<p>_____<\/p>\n<div id=\"bas_note\">\n<p><sup>1<\/sup> &Eacute;cout&eacute; rapidos en tapotant cette notasse. C&rsquo;est mieux que Superbus mais encore moins bien chant&eacute; que les Dodoz.<\/p>\n<\/div>\n","protected":false},"excerpt":{"rendered":"<p>&Ccedil;a fait toujours bizarre de retrouver ici des artistes qu&rsquo;on avait pas vus depuis l&agrave;&nbsp;; surtout quand le l&agrave; en question fut la remorque d&rsquo;un camion partag&eacute;e avec Muse sur le fond d&rsquo;un parking de Clarkston, Michigan, il y a bien longtemps. Tellement longtemps, en fait, que maintenant que ses aventures avec Smashing Pumpkins et&hellip;<\/p>\n","protected":false},"author":1,"featured_media":25733,"comment_status":"open","ping_status":"open","sticky":false,"template":"","format":"standard","meta":{"_acf_changed":false,"ngg_post_thumbnail":0,"jetpack_post_was_ever_published":false,"_jetpack_newsletter_access":"","_jetpack_dont_email_post_to_subs":false,"_jetpack_newsletter_tier_id":0,"_jetpack_memberships_contains_paywalled_content":false,"_jetpack_memberships_contains_paid_content":false,"footnotes":"","jetpack_publicize_message":"","jetpack_publicize_feature_enabled":true,"jetpack_social_post_already_shared":false,"jetpack_social_options":{"image_generator_settings":{"template":"highway","default_image_id":0,"font":"","enabled":false},"version":2}},"categories":[7],"tags":[10654,10216,10084,196,2615,10120,10121,10374,10149,143,3668,10098,3667],"class_list":["post-7370","post","type-post","status-publish","format-standard","has-post-thumbnail","hentry","category-alive","tag-10654","tag-10216","tag-alive","tag-ef-28-70-mm-f28l-usm","tag-eos-5d-mark-ii","tag-france","tag-ile-de-france","tag-la-fleche-dor","tag-melissa-auf-der-maur","tag-noir-et-blanc","tag-out-of-our-minds","tag-paris","tag-toybloid"],"acf":[],"geo":{"latitude":48.8594246,"longitude":2.4029884,"description":"94-104 Rue de Bagnolet, 75020 Paris, France"},"jetpack_publicize_connections":[],"jetpack_featured_media_url":"https:\/\/www.wallendorff.com\/belogue\/wp-content\/uploads\/2015\/04\/201004121.jpg","jetpack_shortlink":"https:\/\/wp.me\/p3b35P-1US","jetpack_sharing_enabled":true,"jetpack-related-posts":[{"id":7708,"url":"https:\/\/www.wallendorff.com\/belogue\/2010\/06\/15\/the-hold-steady-i-love-ufo-la-fleche-dor-paris\/","url_meta":{"origin":7370,"position":0},"title":"The Hold Steady + I Love UFO @ la Fl\u00e8che d&rsquo;Or, Paris.","author":"dpc","date":"15 juin 2010","format":false,"excerpt":"Habituellement, quand un de ces groupes ind\u00e9s qui marchent bien aux \u00c9tats-Unis et restent presque inconnus en France se pointe ici, il se retrouve dans une petite salle \u00e0 jouer devant un parterre presque enti\u00e8rement constitu\u00e9 de Ricains tout contents de profiter de l'aubaine d'une si petite sc\u00e8ne. Ce qui\u2026","rel":"","context":"Dans &quot;Alive&quot;","block_context":{"text":"Alive","link":"https:\/\/www.wallendorff.com\/belogue\/category\/alive\/"},"img":{"alt_text":"","src":"https:\/\/i0.wp.com\/www.wallendorff.com\/belogue\/wp-content\/uploads\/2015\/04\/201006151.jpg?resize=350%2C200&ssl=1","width":350,"height":200,"srcset":"https:\/\/i0.wp.com\/www.wallendorff.com\/belogue\/wp-content\/uploads\/2015\/04\/201006151.jpg?resize=350%2C200&ssl=1 1x, https:\/\/i0.wp.com\/www.wallendorff.com\/belogue\/wp-content\/uploads\/2015\/04\/201006151.jpg?resize=525%2C300&ssl=1 1.5x, https:\/\/i0.wp.com\/www.wallendorff.com\/belogue\/wp-content\/uploads\/2015\/04\/201006151.jpg?resize=700%2C400&ssl=1 2x"},"classes":[]},{"id":783,"url":"https:\/\/www.wallendorff.com\/belogue\/2006\/09\/08\/ben-kweller-la-fleche-d-or-paris\/","url_meta":{"origin":7370,"position":1},"title":"Ben Kweller @ la Fl\u00e8che d&rsquo;Or, Paris.","author":"dpc","date":"8 septembre 2006","format":false,"excerpt":"Ben, c'est un gars sympa et sa coupe de cheveux est coule. Et sa veste en jean, aussi. Quand il d\u00e9barque, Ben, qu'il dit bonjour Paris avec sa voix qu'on dirait un peu celle de Garth et son visage poupin, Ben, on l'aime. Il est tout seul sur sc\u00e8ne, Ben.\u2026","rel":"","context":"Dans &quot;Alive&quot;","block_context":{"text":"Alive","link":"https:\/\/www.wallendorff.com\/belogue\/category\/alive\/"},"img":{"alt_text":"","src":"https:\/\/i0.wp.com\/www.wallendorff.com\/belogue\/wp-content\/uploads\/2015\/04\/200609081.jpg?resize=350%2C200&ssl=1","width":350,"height":200,"srcset":"https:\/\/i0.wp.com\/www.wallendorff.com\/belogue\/wp-content\/uploads\/2015\/04\/200609081.jpg?resize=350%2C200&ssl=1 1x, https:\/\/i0.wp.com\/www.wallendorff.com\/belogue\/wp-content\/uploads\/2015\/04\/200609081.jpg?resize=525%2C300&ssl=1 1.5x, https:\/\/i0.wp.com\/www.wallendorff.com\/belogue\/wp-content\/uploads\/2015\/04\/200609081.jpg?resize=700%2C400&ssl=1 2x"},"classes":[]},{"id":2263,"url":"https:\/\/www.wallendorff.com\/belogue\/2008\/08\/19\/shooting-people-34\/","url_meta":{"origin":7370,"position":2},"title":"Shooting people #34.","author":"dpc","date":"19 ao\u00fbt 2008","format":false,"excerpt":"Le Divan du Monde, Paris, 23 avril. [Du pouvoir illuminant mystique que l'on peut obtenir d'une assiette en porcelaine utilis\u00e9e comme r\u00e9flecteur-\u00e0-flash.] Message personnel\u00a0: reconnais que c'est quand m\u00eame plus joli qu'une photo de mon cale\u00e7on. Message universel\u00a0: si vous n'avez pas encore entendu le nouvel Oasis il est l\u00e0\u2026","rel":"","context":"Dans &quot;Portraits&quot;","block_context":{"text":"Portraits","link":"https:\/\/www.wallendorff.com\/belogue\/category\/portraits\/"},"img":{"alt_text":"","src":"https:\/\/i0.wp.com\/www.wallendorff.com\/belogue\/wp-content\/uploads\/2015\/04\/200808191.jpg?resize=350%2C200&ssl=1","width":350,"height":200},"classes":[]},{"id":899,"url":"https:\/\/www.wallendorff.com\/belogue\/2007\/02\/17\/elista-la-fleche-d-or-paris\/","url_meta":{"origin":7370,"position":3},"title":"Elista @ la Fl\u00e8che d&rsquo;Or, Paris.","author":"dpc","date":"17 f\u00e9vrier 2007","format":false,"excerpt":"Le m\u00eame que la derni\u00e8re fois, mais avec un m\u00e9chant final de batterie sur Derri\u00e8re elle, des pogos un peu partout [c'est bien la premi\u00e8re fois que j'en vois pogoter sur Elista, tiens] et un featuring breton m\u00e9morable [et houblonn\u00e9] sur Debout. Le concert \u00e9tait enregistr\u00e9 par Radio N\u00e9o, en\u2026","rel":"","context":"Dans &quot;Alive&quot;","block_context":{"text":"Alive","link":"https:\/\/www.wallendorff.com\/belogue\/category\/alive\/"},"img":{"alt_text":"","src":"https:\/\/i0.wp.com\/www.wallendorff.com\/belogue\/wp-content\/uploads\/2015\/04\/200702171.jpg?resize=350%2C200&ssl=1","width":350,"height":200},"classes":[]},{"id":90,"url":"https:\/\/www.wallendorff.com\/belogue\/2006\/02\/28\/previously-unreleased-26\/","url_meta":{"origin":7370,"position":4},"title":"Previously unreleased #26&sup1;.","author":"dpc","date":"28 f\u00e9vrier 2006","format":false,"excerpt":"Fingerless, la Fl\u00e8che d'Or, Paris, 7 f\u00e9vrier, 22h51. Finir le boulot, R\u00e9aliser que depuis qu'on y est, on n'en avait jamais fait autant, Et se dire que, peut-\u00eatre, Cela tient au fait, Qu'on ne le fait pas si mal. Finalement. \u00a0PJ Harvey \u2013 A Perfect Day Elise _____ 1 Concept\u2026","rel":"","context":"Dans &quot;Previously unreleased&quot;","block_context":{"text":"Previously unreleased","link":"https:\/\/www.wallendorff.com\/belogue\/category\/previously-unreleased\/"},"img":{"alt_text":"","src":"https:\/\/i0.wp.com\/www.wallendorff.com\/belogue\/wp-content\/uploads\/2015\/04\/200602281.jpg?resize=350%2C200&ssl=1","width":350,"height":200},"classes":[]},{"id":12644,"url":"https:\/\/www.wallendorff.com\/belogue\/2011\/04\/14\/the-head-and-the-heart-mechanical-bride-trevor-ross-hannah-lou\/","url_meta":{"origin":7370,"position":5},"title":"The Head and the Heart + Mechanical Bride + Trevor Ross &#038; Hannah-Lou @ la Fl\u00e8che d&rsquo;Or, Paris.","author":"dpc","date":"14 avril 2011","format":false,"excerpt":"Tr\u00e8s calmes sur disque \u2015\u00a0le Cats and Dogs ci-dessous est ce qu'on trouve de plus \u00e9nerv\u00e9 chez eux\u00a0\u2015, The Head and the Heart se montrent bien plus enjou\u00e9s sur sc\u00e8ne, donnant plus d'ampleur \u00e0 leurs morceaux et conqu\u00e9rant bien vite une Fl\u00e8che d'Or qui ne tarde pas \u00e0 taper dans\u2026","rel":"","context":"Dans &quot;Alive&quot;","block_context":{"text":"Alive","link":"https:\/\/www.wallendorff.com\/belogue\/category\/alive\/"},"img":{"alt_text":"","src":"https:\/\/i0.wp.com\/www.wallendorff.com\/belogue\/wp-content\/uploads\/2015\/04\/201104141.jpg?resize=350%2C200&ssl=1","width":350,"height":200,"srcset":"https:\/\/i0.wp.com\/www.wallendorff.com\/belogue\/wp-content\/uploads\/2015\/04\/201104141.jpg?resize=350%2C200&ssl=1 1x, https:\/\/i0.wp.com\/www.wallendorff.com\/belogue\/wp-content\/uploads\/2015\/04\/201104141.jpg?resize=525%2C300&ssl=1 1.5x, https:\/\/i0.wp.com\/www.wallendorff.com\/belogue\/wp-content\/uploads\/2015\/04\/201104141.jpg?resize=700%2C400&ssl=1 2x"},"classes":[]}],"_links":{"self":[{"href":"https:\/\/www.wallendorff.com\/belogue\/wp-json\/wp\/v2\/posts\/7370","targetHints":{"allow":["GET"]}}],"collection":[{"href":"https:\/\/www.wallendorff.com\/belogue\/wp-json\/wp\/v2\/posts"}],"about":[{"href":"https:\/\/www.wallendorff.com\/belogue\/wp-json\/wp\/v2\/types\/post"}],"author":[{"embeddable":true,"href":"https:\/\/www.wallendorff.com\/belogue\/wp-json\/wp\/v2\/users\/1"}],"replies":[{"embeddable":true,"href":"https:\/\/www.wallendorff.com\/belogue\/wp-json\/wp\/v2\/comments?post=7370"}],"version-history":[{"count":3,"href":"https:\/\/www.wallendorff.com\/belogue\/wp-json\/wp\/v2\/posts\/7370\/revisions"}],"predecessor-version":[{"id":16324,"href":"https:\/\/www.wallendorff.com\/belogue\/wp-json\/wp\/v2\/posts\/7370\/revisions\/16324"}],"wp:featuredmedia":[{"embeddable":true,"href":"https:\/\/www.wallendorff.com\/belogue\/wp-json\/wp\/v2\/media\/25733"}],"wp:attachment":[{"href":"https:\/\/www.wallendorff.com\/belogue\/wp-json\/wp\/v2\/media?parent=7370"}],"wp:term":[{"taxonomy":"category","embeddable":true,"href":"https:\/\/www.wallendorff.com\/belogue\/wp-json\/wp\/v2\/categories?post=7370"},{"taxonomy":"post_tag","embeddable":true,"href":"https:\/\/www.wallendorff.com\/belogue\/wp-json\/wp\/v2\/tags?post=7370"}],"curies":[{"name":"wp","href":"https:\/\/api.w.org\/{rel}","templated":true}]}}