{"id":7356,"date":"2010-04-08T10:19:46","date_gmt":"2010-04-08T08:19:46","guid":{"rendered":"http:\/\/www.po-l.com\/belogue\/?p=7356"},"modified":"2011-12-22T11:19:03","modified_gmt":"2011-12-22T09:19:03","slug":"sil-sait-quseine-sonne","status":"publish","type":"post","link":"https:\/\/www.wallendorff.com\/belogue\/2010\/04\/08\/sil-sait-quseine-sonne\/","title":{"rendered":"S&rsquo;il sait qu&rsquo;Seine sonne."},"content":{"rendered":"\n<div id=\"photo\">\n<p><img decoding=\"async\" src=\"https:\/\/www.wallendorff.com\/belogue\/photo\/2010\/04\/20100408.jpg\" \/><br \/>\nDieppe, 20 mars.<\/p>\n<\/p><\/div>\n<p style=\"text-align:right\">Comme quoi &ccedil;a peut servir, les gamins, des fois.<\/p>\n<p style=\"text-align:right\">[M&ecirc;me si celui-l&agrave; a un peu l&rsquo;air d&rsquo;un pingouin avec son bras gauche qui pendouille, entre nous.]<\/p>\n<p>Sinon, j&rsquo;ai conscience que nous vivons dans une &eacute;poque de plus en plus press&eacute;e. L&rsquo;humain moderne n&rsquo;a plus de temps devant lui et sans cesse doit-il courir ici et l&agrave; pour pleinement r&eacute;ussir sa vie professionnelle, mais aussi personnelle&nbsp;; assurant &agrave; la fois les r&ocirc;les de conjoint, parent, assistant de monsieur le directeur et roadie du groupe de son beau-fr&egrave;re le week-end&nbsp;; pas encore ici mais d&eacute;j&agrave; attendu l&agrave;. De toutes les qualit&eacute;s humaines, la patience est aujourd&rsquo;hui la plus menac&eacute;e. On ne veut plus attendre, on ne prend plus le temps pour rien, on ne peut savourer quoi que ce soit. La faute &agrave; ce temps qui nous manque et cette vie qui devient polymorphe. Monde de merde. On va tous mourir.<\/p>\n<p>Heureusement, je sais vivre avec mon temps et, en tant que visionnaire de renom qui d&eacute;tecte les tendances au moins un quart d&rsquo;heure &agrave; l&rsquo;avance, je peux m&rsquo;adapter aux besoins de mes millions de lecteurs qui prennent le temps, tous les matins depuis tout ce tas d&rsquo;ann&eacute;es, malgr&eacute; toutes les obligations de leurs vies qui se disputent sans rel&acirc;che les reliquats de leur temps libre, de passer ici. Ainsi, remarquant que le Decemberists d&rsquo;en dessous, ici, qui accompagne le pingouin d&rsquo;au-dessus, l&agrave;, tape les 8&nbsp;minutes 46&nbsp;secondes, j&rsquo;ai d&eacute;cid&eacute; en mon &acirc;me et conscience de fournir une bande-son alternative &agrave; ceux qui n&rsquo;ont pas le temps ce matin<sup>1<\/sup> mais qui veulent quand m&ecirc;me profiter du pingouin comme il se doit. Remercions ainsi tous en ch&oelig;ur PJ Harvey et cette minute et onze secondes de mouettes d&rsquo;<em>Uh Huh Her<\/em>. Pidji, si tu nous lis, sache que tu nous manques.<\/p>\n<div id=\"bandeson\">\n<p><img decoding=\"async\" src=\"https:\/\/www.wallendorff.com\/belogue\/photo\/pochettes\/d\/decemberists_the-picaresque.jpg\" align=\"left\" \/>&nbsp;<a href=\"http:\/\/www.decemberists.com\/\">The Decemberists<\/a> &ndash; <em>The Mariner&rsquo;s Revenge Song<\/em> (pour ceux qui ont le temps)<\/p>\n<\/p><\/div>\n<div id=\"bandeson\">\n<p><img decoding=\"async\" src=\"https:\/\/www.wallendorff.com\/belogue\/photo\/pochettes\/h\/harvey_pj-uh_huh_her.jpg\" align=\"left\" \/>&nbsp;<a href=\"http:\/\/www.pjharvey.net\/\">PJ Harvey<\/a> &ndash; <em>Seagulls<\/em> (pour les press\u00e9s)<\/p>\n<\/p><\/div>\n<p>_____<\/p>\n<div id=\"bas_note\">\n<p><sup>1<\/sup> Et qui viennent de perdre cinq pr&eacute;cieuses minutes suppl&eacute;mentaires &agrave; lire ces deux paragraphes de conneries en bo&icirc;te.<\/p>\n<\/div>\n","protected":false},"excerpt":{"rendered":"<p>Dieppe, 20 mars. Comme quoi &ccedil;a peut servir, les gamins, des fois. [M&ecirc;me si celui-l&agrave; a un peu l&rsquo;air d&rsquo;un pingouin avec son bras gauche qui pendouille, entre nous.] Sinon, j&rsquo;ai conscience que nous vivons dans une &eacute;poque de plus en plus press&eacute;e. L&rsquo;humain moderne n&rsquo;a plus de temps devant lui et sans cesse doit-il&hellip;<\/p>\n","protected":false},"author":1,"featured_media":25730,"comment_status":"open","ping_status":"open","sticky":false,"template":"","format":"standard","meta":{"_acf_changed":false,"ngg_post_thumbnail":0,"jetpack_post_was_ever_published":false,"_jetpack_newsletter_access":"","_jetpack_dont_email_post_to_subs":false,"_jetpack_newsletter_tier_id":0,"_jetpack_memberships_contains_paywalled_content":false,"_jetpack_memberships_contains_paid_content":false,"footnotes":"","jetpack_publicize_message":"","jetpack_publicize_feature_enabled":true,"jetpack_social_post_already_shared":false,"jetpack_social_options":{"image_generator_settings":{"template":"highway","default_image_id":0,"font":"","enabled":false},"version":2}},"categories":[3],"tags":[1438,2615,10144,10707,10484,10715,10120,3658,10708,10483,143,10599,10180,10714,3663,3621,2601,3662],"class_list":["post-7356","post","type-post","status-publish","format-standard","has-post-thumbnail","hentry","category-dpc","tag-ef-50-mm-f14-usm","tag-eos-5d-mark-ii","tag-ciel","tag-dieppe","tag-eau","tag-enfant","tag-france","tag-galet","tag-haute-normandie","tag-mer","tag-noir-et-blanc","tag-nuage","tag-pj-harvey","tag-plage","tag-seagulls","tag-seine-maritime","tag-the-decemberists","tag-the-mariners-revenge-song"],"acf":[],"geo":{"latitude":49.9295464,"longitude":1.0762739,"description":"Boulevard du Mar\u00e9chal Foch, 76200 Dieppe, France"},"jetpack_publicize_connections":[],"jetpack_featured_media_url":"https:\/\/www.wallendorff.com\/belogue\/wp-content\/uploads\/2015\/04\/201004081.jpg","jetpack_shortlink":"https:\/\/wp.me\/p3b35P-1UE","jetpack_sharing_enabled":true,"jetpack-related-posts":[{"id":7344,"url":"https:\/\/www.wallendorff.com\/belogue\/2010\/04\/06\/promenade-des-ongules\/","url_meta":{"origin":7356,"position":0},"title":"Promenade des ongul\u00e9s.","author":"dpc","date":"6 avril 2010","format":false,"excerpt":"Dieppe, 20 mars. J'avoue que ce titre eut \u00e9t\u00e9 plus dr\u00f4le pour introduire un couple d'hippopotames. Mais faut dire qu'on trouve fort peu d'hippopotames en Haute-Normandie. [Contrairement \u00e0 ce qu'on croit.] Restons dans les hippopotames avec une bande-son \u2015\u00a0qui, une fois de plus, habille fort bien la photo car on\u2026","rel":"","context":"Dans &quot;DPC&quot;","block_context":{"text":"DPC","link":"https:\/\/www.wallendorff.com\/belogue\/category\/dpc\/"},"img":{"alt_text":"","src":"https:\/\/i0.wp.com\/www.wallendorff.com\/belogue\/wp-content\/uploads\/2015\/04\/201004061.jpg?resize=350%2C200&ssl=1","width":350,"height":200},"classes":[]},{"id":7438,"url":"https:\/\/www.wallendorff.com\/belogue\/2010\/04\/27\/its-getting-lonely-down-here\/","url_meta":{"origin":7356,"position":1},"title":"It&rsquo;s getting lonely down here.","author":"dpc","date":"27 avril 2010","format":false,"excerpt":"Ch\u00e2teau de Dieppe, 21 mars. On aura beaucoup tourn\u00e9 en bandes-sons d\u00e9primantes avec Dieppe, mais faut reconna\u00eetre que le brouillard, le gris, les gens tout seuls et les ciels mena\u00e7ants et sombres, \u00e7a colle quand m\u00eame super tr\u00e8s mal avec Justin Bieber ou les Stooges. Je sais bien, j'ai essay\u00e9.\u2026","rel":"","context":"Dans &quot;DPC&quot;","block_context":{"text":"DPC","link":"https:\/\/www.wallendorff.com\/belogue\/category\/dpc\/"},"img":{"alt_text":"","src":"https:\/\/i0.wp.com\/www.wallendorff.com\/belogue\/wp-content\/uploads\/2015\/04\/201004271.jpg?resize=350%2C200&ssl=1","width":350,"height":200},"classes":[]},{"id":7460,"url":"https:\/\/www.wallendorff.com\/belogue\/2010\/04\/28\/huit\/","url_meta":{"origin":7356,"position":2},"title":"Huit.","author":"dpc","date":"28 avril 2010","format":false,"excerpt":"Passage Pauline Amblard, Dieppe, 21 mars. Si on me donnait huit secondes pour faire de la r\u00e9clame pour Microsoft, je dirais que Gougle et \u2015\u00a0plus curieusement\u00a0\u2015 l'IGN savent tous deux o\u00f9 est le passage Pauline Amblard mais se gardent bien de l'\u00e9crire sur leurs plans pour pas que les gens\u2026","rel":"","context":"Dans &quot;DPC&quot;","block_context":{"text":"DPC","link":"https:\/\/www.wallendorff.com\/belogue\/category\/dpc\/"},"img":{"alt_text":"","src":"https:\/\/i0.wp.com\/www.wallendorff.com\/belogue\/wp-content\/uploads\/2015\/04\/201004281.jpg?resize=350%2C200&ssl=1","width":350,"height":200},"classes":[]},{"id":7423,"url":"https:\/\/www.wallendorff.com\/belogue\/2010\/04\/23\/tous-chateaux-queut\/","url_meta":{"origin":7356,"position":3},"title":"Tous ch\u00e2teaux qu&rsquo;eut.","author":"dpc","date":"23 avril 2010","format":false,"excerpt":"Ch\u00e2teau de Dieppe, 21 mars. B\u00e2ti au XIIe si\u00e8cle, d\u00e9moli dans la foul\u00e9e, reb\u00e2ti au XIVe si\u00e8cle puis red\u00e9truit au XVIIe, le ch\u00e2teau de Dieppe, surplombant la ville de Dieppe au bord de la mer de Dieppe dans la r\u00e9gion de Dieppe, pr\u00e9sente la particularit\u00e9 d'\u00eatre l'un des rares ch\u00e2teaux\u2026","rel":"","context":"Dans &quot;DPC&quot;","block_context":{"text":"DPC","link":"https:\/\/www.wallendorff.com\/belogue\/category\/dpc\/"},"img":{"alt_text":"","src":"https:\/\/i0.wp.com\/www.wallendorff.com\/belogue\/wp-content\/uploads\/2015\/04\/201004231.jpg?resize=350%2C200&ssl=1","width":350,"height":200},"classes":[]},{"id":7416,"url":"https:\/\/www.wallendorff.com\/belogue\/2010\/04\/20\/vie-fleuve-ans-dhuis-verts\/","url_meta":{"origin":7356,"position":4},"title":"Vie-fleuve, ans d&rsquo;huis verts1.","author":"dpc","date":"20 avril 2010","format":false,"excerpt":"Boulevard de Verdun, Dieppe, 20 mars. \u00a0Band of Horses \u2013 Compliment Et puisque j'ai re\u00e7u des tonnes de courrier de fans compl\u00e8tement subjugu\u00e9s par le talent, l'originalit\u00e9 et la rigueur d\u00e9ploy\u00e9s dans ma premi\u00e8re tentative de raconter l'histoire aux jeunes d'aujourd'hui au moyen d'un m\u00e9dium qu'ils connaissent vachement bien (l\u00e0),\u2026","rel":"","context":"Dans &quot;DPC&quot;","block_context":{"text":"DPC","link":"https:\/\/www.wallendorff.com\/belogue\/category\/dpc\/"},"img":{"alt_text":"","src":"https:\/\/i0.wp.com\/www.wallendorff.com\/belogue\/wp-content\/uploads\/2015\/04\/201004201.jpg?resize=350%2C200&ssl=1","width":350,"height":200},"classes":[]},{"id":7351,"url":"https:\/\/www.wallendorff.com\/belogue\/2010\/04\/07\/rain-down-on-me\/","url_meta":{"origin":7356,"position":5},"title":"Rain down on me.","author":"dpc","date":"7 avril 2010","format":false,"excerpt":"Dieppe, 20 mars. [Ne vaut rien sans sa bande-son, hein.] \u00a0Mumford and Sons \u2013 Thistles & Weeds Bon sinon j'ai commenc\u00e9 \u00e0 bosser sur une nouvelle g\u00e9n\u00e9ration d'annales du bac \u00e0 l'attention des jeunes qui passent le grand examen qui scellera leur destin en juin. Gr\u00e2ce \u00e0 Faceplouque il est\u2026","rel":"","context":"Dans &quot;DPC&quot;","block_context":{"text":"DPC","link":"https:\/\/www.wallendorff.com\/belogue\/category\/dpc\/"},"img":{"alt_text":"","src":"https:\/\/i0.wp.com\/www.wallendorff.com\/belogue\/wp-content\/uploads\/2015\/04\/201004071.jpg?resize=350%2C200&ssl=1","width":350,"height":200,"srcset":"https:\/\/i0.wp.com\/www.wallendorff.com\/belogue\/wp-content\/uploads\/2015\/04\/201004071.jpg?resize=350%2C200&ssl=1 1x, https:\/\/i0.wp.com\/www.wallendorff.com\/belogue\/wp-content\/uploads\/2015\/04\/201004071.jpg?resize=525%2C300&ssl=1 1.5x, https:\/\/i0.wp.com\/www.wallendorff.com\/belogue\/wp-content\/uploads\/2015\/04\/201004071.jpg?resize=700%2C400&ssl=1 2x"},"classes":[]}],"_links":{"self":[{"href":"https:\/\/www.wallendorff.com\/belogue\/wp-json\/wp\/v2\/posts\/7356","targetHints":{"allow":["GET"]}}],"collection":[{"href":"https:\/\/www.wallendorff.com\/belogue\/wp-json\/wp\/v2\/posts"}],"about":[{"href":"https:\/\/www.wallendorff.com\/belogue\/wp-json\/wp\/v2\/types\/post"}],"author":[{"embeddable":true,"href":"https:\/\/www.wallendorff.com\/belogue\/wp-json\/wp\/v2\/users\/1"}],"replies":[{"embeddable":true,"href":"https:\/\/www.wallendorff.com\/belogue\/wp-json\/wp\/v2\/comments?post=7356"}],"version-history":[{"count":2,"href":"https:\/\/www.wallendorff.com\/belogue\/wp-json\/wp\/v2\/posts\/7356\/revisions"}],"predecessor-version":[{"id":14964,"href":"https:\/\/www.wallendorff.com\/belogue\/wp-json\/wp\/v2\/posts\/7356\/revisions\/14964"}],"wp:featuredmedia":[{"embeddable":true,"href":"https:\/\/www.wallendorff.com\/belogue\/wp-json\/wp\/v2\/media\/25730"}],"wp:attachment":[{"href":"https:\/\/www.wallendorff.com\/belogue\/wp-json\/wp\/v2\/media?parent=7356"}],"wp:term":[{"taxonomy":"category","embeddable":true,"href":"https:\/\/www.wallendorff.com\/belogue\/wp-json\/wp\/v2\/categories?post=7356"},{"taxonomy":"post_tag","embeddable":true,"href":"https:\/\/www.wallendorff.com\/belogue\/wp-json\/wp\/v2\/tags?post=7356"}],"curies":[{"name":"wp","href":"https:\/\/api.w.org\/{rel}","templated":true}]}}