{"id":7344,"date":"2010-04-06T10:23:48","date_gmt":"2010-04-06T08:23:48","guid":{"rendered":"http:\/\/www.po-l.com\/belogue\/?p=7344"},"modified":"2012-03-06T14:49:01","modified_gmt":"2012-03-06T12:49:01","slug":"promenade-des-ongules","status":"publish","type":"post","link":"https:\/\/www.wallendorff.com\/belogue\/2010\/04\/06\/promenade-des-ongules\/","title":{"rendered":"Promenade des ongul\u00e9s."},"content":{"rendered":"\n<div id=\"photo\">\n<p><img decoding=\"async\" src=\"https:\/\/www.wallendorff.com\/belogue\/photo\/2010\/04\/20100406.jpg\" \/><br \/>\nDieppe, 20 mars.<\/p>\n<\/p><\/div>\n<p style=\"text-align:right\">J&rsquo;avoue que ce titre eut &eacute;t&eacute; plus dr&ocirc;le pour introduire un couple d&rsquo;hippopotames.<\/p>\n<p style=\"text-align:right\">Mais faut dire qu&rsquo;on trouve fort peu d&rsquo;hippopotames en Haute-Normandie.<\/p>\n<p style=\"text-align:right\">[Contrairement &agrave; ce qu&rsquo;on croit.]<\/p>\n<p>Restons dans les hippopotames avec une bande-son &#8213;&nbsp;qui, une fois de plus, habille fort bien la photo car on ne fait pas les choses &agrave; moiti&eacute; ici&nbsp;&#8213; entendue de plus en plus sur TF1<sup>1<\/sup> et M6 dans des reportages de magazines de soci&eacute;t&eacute;<sup>2<\/sup> et qui nous fait dire que les gens de TF1 et M6, quand on leur file un CD, ils n&rsquo;&eacute;coutent que le premier titre<sup>4<\/sup>.<\/p>\n<div id=\"bandeson\">\n<p><img decoding=\"async\" src=\"https:\/\/www.wallendorff.com\/belogue\/photo\/pochettes\/x\/xx_the-the_xx.jpg\" align=\"left\" \/>&nbsp;<a href=\"http:\/\/thexx.info\/\">The xx<\/a> &ndash; <em>Intro<\/em><\/p>\n<\/p><\/div>\n<p>_____<\/p>\n<div id=\"bas_note\">\n<p><sup>1<\/sup> &Agrave; ce point de la phrase normalement vous avez tous peur d&rsquo;entendre <em>You Can Leave Your Hat on<\/em> comme dans <em>Attention &agrave; la marche<\/em> ou la reprise de Kiss des Enfoir&eacute;s comme dans <em>Les Enfoir&eacute;s font du ski<\/em>. Rassurez-vous. Ces choses effrayantes resteront <a href=\"http:\/\/videos.tf1.fr\/clip-musique\/\">l&agrave;-bas<\/a><sup>3<\/sup>.<\/p>\n<p><sup>2<\/sup> D&rsquo;o&ugrave; le rapport avec les hippopotames.<\/p>\n<p><sup>3<\/sup> Tiens d&rsquo;ailleurs en parlant de choses effrayantes&nbsp;: <a href=\"http:\/\/videos.tf1.fr\/la-soiree-de-letrange\/le-metro-hante-de-londres-la-soiree-de-l-etrange-du-3-avril-2010-5795734.html\">le m&eacute;tro londonien est construit sous un ancien cimeti&egrave;re indien<\/a> et les <a href=\"http:\/\/videos.tf1.fr\/la-soiree-de-letrange\/le-chat-la-soiree-de-l-etrange-du-3-avril-2010-5795766.html\">chats p&eacute;teurs &ccedil;a peut tuer les papys<\/a>. &Ccedil;a fout grave les boules.<\/p>\n<p><sup>4<\/sup> Alors que moi non puisque j&rsquo;ai d&eacute;j&agrave; post&eacute; la piste n<sup>o<\/sup> 7 <a href=\"https:\/\/www.wallendorff.com\/belogue\/2009\/11\/08\/shooting-people-54\/\">l&agrave;<\/a>, bande de nains.<\/p>\n<\/div>\n","protected":false},"excerpt":{"rendered":"<p>Dieppe, 20 mars. J&rsquo;avoue que ce titre eut &eacute;t&eacute; plus dr&ocirc;le pour introduire un couple d&rsquo;hippopotames. Mais faut dire qu&rsquo;on trouve fort peu d&rsquo;hippopotames en Haute-Normandie. [Contrairement &agrave; ce qu&rsquo;on croit.] Restons dans les hippopotames avec une bande-son &#8213;&nbsp;qui, une fois de plus, habille fort bien la photo car on ne fait pas les choses&hellip;<\/p>\n","protected":false},"author":1,"featured_media":25728,"comment_status":"open","ping_status":"open","sticky":false,"template":"","format":"standard","meta":{"_acf_changed":false,"ngg_post_thumbnail":0,"jetpack_post_was_ever_published":false,"_jetpack_newsletter_access":"","_jetpack_dont_email_post_to_subs":false,"_jetpack_newsletter_tier_id":0,"_jetpack_memberships_contains_paywalled_content":false,"_jetpack_memberships_contains_paid_content":false,"footnotes":"","jetpack_publicize_message":"","jetpack_publicize_feature_enabled":true,"jetpack_social_post_already_shared":false,"jetpack_social_options":{"image_generator_settings":{"template":"highway","default_image_id":0,"font":"","enabled":false},"version":2}},"categories":[3],"tags":[1438,2615,10144,10359,10707,10311,10484,10120,10708,3657,10483,143,10714,3621,10615],"class_list":["post-7344","post","type-post","status-publish","format-standard","has-post-thumbnail","hentry","category-dpc","tag-ef-50-mm-f14-usm","tag-eos-5d-mark-ii","tag-ciel","tag-couple","tag-dieppe","tag-dos","tag-eau","tag-france","tag-haute-normandie","tag-intro","tag-mer","tag-noir-et-blanc","tag-plage","tag-seine-maritime","tag-the-xx"],"acf":[],"geo":{"latitude":49.9268951,"longitude":1.0718644,"description":"Boulevard de Verdun, 76200 Dieppe, France"},"jetpack_publicize_connections":[],"jetpack_featured_media_url":"https:\/\/www.wallendorff.com\/belogue\/wp-content\/uploads\/2015\/04\/201004061.jpg","jetpack_shortlink":"https:\/\/wp.me\/p3b35P-1Us","jetpack_sharing_enabled":true,"jetpack-related-posts":[{"id":7460,"url":"https:\/\/www.wallendorff.com\/belogue\/2010\/04\/28\/huit\/","url_meta":{"origin":7344,"position":0},"title":"Huit.","author":"dpc","date":"28 avril 2010","format":false,"excerpt":"Passage Pauline Amblard, Dieppe, 21 mars. Si on me donnait huit secondes pour faire de la r\u00e9clame pour Microsoft, je dirais que Gougle et \u2015\u00a0plus curieusement\u00a0\u2015 l'IGN savent tous deux o\u00f9 est le passage Pauline Amblard mais se gardent bien de l'\u00e9crire sur leurs plans pour pas que les gens\u2026","rel":"","context":"Dans &quot;DPC&quot;","block_context":{"text":"DPC","link":"https:\/\/www.wallendorff.com\/belogue\/category\/dpc\/"},"img":{"alt_text":"","src":"https:\/\/i0.wp.com\/www.wallendorff.com\/belogue\/wp-content\/uploads\/2015\/04\/201004281.jpg?resize=350%2C200&ssl=1","width":350,"height":200},"classes":[]},{"id":7356,"url":"https:\/\/www.wallendorff.com\/belogue\/2010\/04\/08\/sil-sait-quseine-sonne\/","url_meta":{"origin":7344,"position":1},"title":"S&rsquo;il sait qu&rsquo;Seine sonne.","author":"dpc","date":"8 avril 2010","format":false,"excerpt":"Dieppe, 20 mars. Comme quoi \u00e7a peut servir, les gamins, des fois. [M\u00eame si celui-l\u00e0 a un peu l'air d'un pingouin avec son bras gauche qui pendouille, entre nous.] Sinon, j'ai conscience que nous vivons dans une \u00e9poque de plus en plus press\u00e9e. L'humain moderne n'a plus de temps devant\u2026","rel":"","context":"Dans &quot;DPC&quot;","block_context":{"text":"DPC","link":"https:\/\/www.wallendorff.com\/belogue\/category\/dpc\/"},"img":{"alt_text":"","src":"https:\/\/i0.wp.com\/www.wallendorff.com\/belogue\/wp-content\/uploads\/2015\/04\/201004081.jpg?resize=350%2C200&ssl=1","width":350,"height":200},"classes":[]},{"id":7272,"url":"https:\/\/www.wallendorff.com\/belogue\/2010\/03\/22\/home-is-where-the-harp-is\/","url_meta":{"origin":7344,"position":2},"title":"Home is where the harp is.","author":"dpc","date":"22 mars 2010","format":false,"excerpt":"Rue de l'\u00c9p\u00e9e, Dieppe, 20 mars. \u201cIt could be worse, we could be Welsh.\u201d En plus d'illustrer on ne peut mieux ce week-end pass\u00e9 avec un beau chapeau \u00e0 encha\u00eener de salvatrices sessions libatoires avec un beau chapeau en la compagnie raffin\u00e9e d'une bande de gros pleins de stout orn\u00e9s\u2026","rel":"","context":"Dans &quot;DPC&quot;","block_context":{"text":"DPC","link":"https:\/\/www.wallendorff.com\/belogue\/category\/dpc\/"},"img":{"alt_text":"","src":"https:\/\/i0.wp.com\/www.wallendorff.com\/belogue\/wp-content\/uploads\/2015\/04\/201003221.jpg?resize=350%2C200&ssl=1","width":350,"height":200,"srcset":"https:\/\/i0.wp.com\/www.wallendorff.com\/belogue\/wp-content\/uploads\/2015\/04\/201003221.jpg?resize=350%2C200&ssl=1 1x, https:\/\/i0.wp.com\/www.wallendorff.com\/belogue\/wp-content\/uploads\/2015\/04\/201003221.jpg?resize=525%2C300&ssl=1 1.5x"},"classes":[]},{"id":7416,"url":"https:\/\/www.wallendorff.com\/belogue\/2010\/04\/20\/vie-fleuve-ans-dhuis-verts\/","url_meta":{"origin":7344,"position":3},"title":"Vie-fleuve, ans d&rsquo;huis verts1.","author":"dpc","date":"20 avril 2010","format":false,"excerpt":"Boulevard de Verdun, Dieppe, 20 mars. \u00a0Band of Horses \u2013 Compliment Et puisque j'ai re\u00e7u des tonnes de courrier de fans compl\u00e8tement subjugu\u00e9s par le talent, l'originalit\u00e9 et la rigueur d\u00e9ploy\u00e9s dans ma premi\u00e8re tentative de raconter l'histoire aux jeunes d'aujourd'hui au moyen d'un m\u00e9dium qu'ils connaissent vachement bien (l\u00e0),\u2026","rel":"","context":"Dans &quot;DPC&quot;","block_context":{"text":"DPC","link":"https:\/\/www.wallendorff.com\/belogue\/category\/dpc\/"},"img":{"alt_text":"","src":"https:\/\/i0.wp.com\/www.wallendorff.com\/belogue\/wp-content\/uploads\/2015\/04\/201004201.jpg?resize=350%2C200&ssl=1","width":350,"height":200},"classes":[]},{"id":7351,"url":"https:\/\/www.wallendorff.com\/belogue\/2010\/04\/07\/rain-down-on-me\/","url_meta":{"origin":7344,"position":4},"title":"Rain down on me.","author":"dpc","date":"7 avril 2010","format":false,"excerpt":"Dieppe, 20 mars. [Ne vaut rien sans sa bande-son, hein.] \u00a0Mumford and Sons \u2013 Thistles & Weeds Bon sinon j'ai commenc\u00e9 \u00e0 bosser sur une nouvelle g\u00e9n\u00e9ration d'annales du bac \u00e0 l'attention des jeunes qui passent le grand examen qui scellera leur destin en juin. Gr\u00e2ce \u00e0 Faceplouque il est\u2026","rel":"","context":"Dans &quot;DPC&quot;","block_context":{"text":"DPC","link":"https:\/\/www.wallendorff.com\/belogue\/category\/dpc\/"},"img":{"alt_text":"","src":"https:\/\/i0.wp.com\/www.wallendorff.com\/belogue\/wp-content\/uploads\/2015\/04\/201004071.jpg?resize=350%2C200&ssl=1","width":350,"height":200,"srcset":"https:\/\/i0.wp.com\/www.wallendorff.com\/belogue\/wp-content\/uploads\/2015\/04\/201004071.jpg?resize=350%2C200&ssl=1 1x, https:\/\/i0.wp.com\/www.wallendorff.com\/belogue\/wp-content\/uploads\/2015\/04\/201004071.jpg?resize=525%2C300&ssl=1 1.5x, https:\/\/i0.wp.com\/www.wallendorff.com\/belogue\/wp-content\/uploads\/2015\/04\/201004071.jpg?resize=700%2C400&ssl=1 2x"},"classes":[]},{"id":7423,"url":"https:\/\/www.wallendorff.com\/belogue\/2010\/04\/23\/tous-chateaux-queut\/","url_meta":{"origin":7344,"position":5},"title":"Tous ch\u00e2teaux qu&rsquo;eut.","author":"dpc","date":"23 avril 2010","format":false,"excerpt":"Ch\u00e2teau de Dieppe, 21 mars. B\u00e2ti au XIIe si\u00e8cle, d\u00e9moli dans la foul\u00e9e, reb\u00e2ti au XIVe si\u00e8cle puis red\u00e9truit au XVIIe, le ch\u00e2teau de Dieppe, surplombant la ville de Dieppe au bord de la mer de Dieppe dans la r\u00e9gion de Dieppe, pr\u00e9sente la particularit\u00e9 d'\u00eatre l'un des rares ch\u00e2teaux\u2026","rel":"","context":"Dans &quot;DPC&quot;","block_context":{"text":"DPC","link":"https:\/\/www.wallendorff.com\/belogue\/category\/dpc\/"},"img":{"alt_text":"","src":"https:\/\/i0.wp.com\/www.wallendorff.com\/belogue\/wp-content\/uploads\/2015\/04\/201004231.jpg?resize=350%2C200&ssl=1","width":350,"height":200},"classes":[]}],"_links":{"self":[{"href":"https:\/\/www.wallendorff.com\/belogue\/wp-json\/wp\/v2\/posts\/7344","targetHints":{"allow":["GET"]}}],"collection":[{"href":"https:\/\/www.wallendorff.com\/belogue\/wp-json\/wp\/v2\/posts"}],"about":[{"href":"https:\/\/www.wallendorff.com\/belogue\/wp-json\/wp\/v2\/types\/post"}],"author":[{"embeddable":true,"href":"https:\/\/www.wallendorff.com\/belogue\/wp-json\/wp\/v2\/users\/1"}],"replies":[{"embeddable":true,"href":"https:\/\/www.wallendorff.com\/belogue\/wp-json\/wp\/v2\/comments?post=7344"}],"version-history":[{"count":1,"href":"https:\/\/www.wallendorff.com\/belogue\/wp-json\/wp\/v2\/posts\/7344\/revisions"}],"predecessor-version":[{"id":16259,"href":"https:\/\/www.wallendorff.com\/belogue\/wp-json\/wp\/v2\/posts\/7344\/revisions\/16259"}],"wp:featuredmedia":[{"embeddable":true,"href":"https:\/\/www.wallendorff.com\/belogue\/wp-json\/wp\/v2\/media\/25728"}],"wp:attachment":[{"href":"https:\/\/www.wallendorff.com\/belogue\/wp-json\/wp\/v2\/media?parent=7344"}],"wp:term":[{"taxonomy":"category","embeddable":true,"href":"https:\/\/www.wallendorff.com\/belogue\/wp-json\/wp\/v2\/categories?post=7344"},{"taxonomy":"post_tag","embeddable":true,"href":"https:\/\/www.wallendorff.com\/belogue\/wp-json\/wp\/v2\/tags?post=7344"}],"curies":[{"name":"wp","href":"https:\/\/api.w.org\/{rel}","templated":true}]}}